{"id":8446,"date":"2025-11-19T13:33:59","date_gmt":"2025-11-19T13:33:59","guid":{"rendered":"https:\/\/syri.tv\/?p=8446"},"modified":"2025-11-19T13:33:59","modified_gmt":"2025-11-19T13:33:59","slug":"haradinaj-konjufca-tiu-kerkoje-falje-qytetareve-skemi-vote-per-qeverine-e-re","status":"publish","type":"post","link":"https:\/\/syri.tv\/?p=8446","title":{"rendered":"Haradinaj:\u00a0 Konjufca t\u2019iu k\u00ebrkoj\u00eb falje qytetar\u00ebve &#8211; S\u2019kemi vot\u00eb p\u00ebr Qeverin\u00eb e re"},"content":{"rendered":"<p><strong>Kryetari i Aleanc\u00ebs p\u00ebr Ardhm\u00ebrin\u00eb e Kosov\u00ebs, Ramush Haradinaj ka deklaruar se partia e tij nuk ka vot\u00eb p\u00ebr Qeverin\u00eb Konjufca.<\/strong><\/p>\n<p>N\u00eb nj\u00eb deklarim p\u00ebr media, pak para nisjes s\u00eb seanc\u00ebs p\u00ebr formimin e qeveris\u00eb s\u00eb re, Haradinaj tha se mandatari Glauk Konjufca duhet t\u00eb iu k\u00ebrkoj\u00eb falje qytetar\u00ebve, pasi sipas tij, ai ua humbi edhe dy jav\u00eb koh\u00eb.<\/p>\n<p>\u201cAleanca \u00ebsht\u00eb shum\u00eb e q\u00ebndrueshme n\u00eb vendimet e veta. \u00c7do deklarim i yni m\u00eb p\u00ebrpara ka qen\u00eb i Aleanc\u00ebs dhe jo vet\u00ebm i individ\u00ebve. \u00cbsht\u00eb vendim i Aleanc\u00ebs q\u00eb votojm\u00eb kund\u00ebr k\u00ebtij mandatari, i cili nuk \u00ebsht\u00eb shum\u00eb i q\u00ebndruesh\u00ebm sepse nuk i ka paraqitur n\u00ebnshkrimet. Mendoj q\u00eb zot\u00ebri Konjufca duhet t\u00eb iu k\u00ebrkoj\u00eb falje qytetar\u00ebve, sepse i ka vonuar edhe dy jav\u00eb\u201d, tha ai.<\/p>\n","protected":false},"excerpt":{"rendered":"<p>Kryetari i Aleanc\u00ebs p\u00ebr Ardhm\u00ebrin\u00eb e Kosov\u00ebs, Ramush Haradinaj ka deklaruar se partia e tij nuk ka vot\u00eb p\u00ebr Qeverin\u00eb Konjufca. N\u00eb nj\u00eb deklarim p\u00ebr media, pak para nisjes s\u00eb seanc\u00ebs p\u00ebr formimin e qeveris\u00eb s\u00eb re, Haradinaj tha se mandatari Glauk Konjufca duhet t\u00eb iu k\u00ebrkoj\u00eb falje qytetar\u00ebve, pasi sipas tij, ai ua humbi [&hellip;]<\/p>\n","protected":false},"author":1,"featured_media":8447,"comment_status":"closed","ping_status":"closed","sticky":false,"template":"","format":"standard","meta":{"footnotes":""},"categories":[2],"tags":[],"class_list":{"0":"post-8446","1":"post","2":"type-post","3":"status-publish","4":"format-standard","5":"has-post-thumbnail","7":"category-zvicer"},"_links":{"self":[{"href":"https:\/\/syri.tv\/index.php?rest_route=\/wp\/v2\/posts\/8446","targetHints":{"allow":["GET"]}}],"collection":[{"href":"https:\/\/syri.tv\/index.php?rest_route=\/wp\/v2\/posts"}],"about":[{"href":"https:\/\/syri.tv\/index.php?rest_route=\/wp\/v2\/types\/post"}],"author":[{"embeddable":true,"href":"https:\/\/syri.tv\/index.php?rest_route=\/wp\/v2\/users\/1"}],"replies":[{"embeddable":true,"href":"https:\/\/syri.tv\/index.php?rest_route=%2Fwp%2Fv2%2Fcomments&post=8446"}],"version-history":[{"count":1,"href":"https:\/\/syri.tv\/index.php?rest_route=\/wp\/v2\/posts\/8446\/revisions"}],"predecessor-version":[{"id":8448,"href":"https:\/\/syri.tv\/index.php?rest_route=\/wp\/v2\/posts\/8446\/revisions\/8448"}],"wp:featuredmedia":[{"embeddable":true,"href":"https:\/\/syri.tv\/index.php?rest_route=\/wp\/v2\/media\/8447"}],"wp:attachment":[{"href":"https:\/\/syri.tv\/index.php?rest_route=%2Fwp%2Fv2%2Fmedia&parent=8446"}],"wp:term":[{"taxonomy":"category","embeddable":true,"href":"https:\/\/syri.tv\/index.php?rest_route=%2Fwp%2Fv2%2Fcategories&post=8446"},{"taxonomy":"post_tag","embeddable":true,"href":"https:\/\/syri.tv\/index.php?rest_route=%2Fwp%2Fv2%2Ftags&post=8446"}],"curies":[{"name":"wp","href":"https:\/\/api.w.org\/{rel}","templated":true}]}}