{"id":8428,"date":"2025-11-18T10:39:19","date_gmt":"2025-11-18T10:39:19","guid":{"rendered":"https:\/\/syri.tv\/?p=8428"},"modified":"2025-11-18T12:14:29","modified_gmt":"2025-11-18T12:14:29","slug":"rrenat-te-disa-mediumeve-dhe-gazetareve-sot-behet-lajm-shume-aktual-sa-qe-besimi-humbet-si-ne-popull-dhe-institucione","status":"publish","type":"post","link":"https:\/\/syri.tv\/?p=8428","title":{"rendered":"Rrenat t\u00eb disa mediumeve dhe gazetar\u00ebve sot b\u00ebhet lajm shum\u00eb aktual sa q\u00eb besimi humbet si n\u00eb popull dhe n\u00eb institucione\u2026"},"content":{"rendered":"<p>Gazetari dhe moderatori Besim La\u00e7i, nj\u00ebkoh\u00ebsisht kontribuues p\u00ebr \u00e7\u00ebshtjet shqiptare n\u00eb Zvic\u00ebr, ka reaguar n\u00eb profilin e tij privat n\u00eb Facebook lidhur me shp\u00ebrndarjen e lajmeve t\u00eb rreme n\u00eb disa portale dhe televizione n\u00eb vendet e banuara shqiptare si Shqip\u00ebri, Kosov\u00eb&#8230;.<\/p>\n<p>Ky tekst \u00ebsht\u00eb nj\u00eb reflektim i fort\u00eb mbi fenomenin e rrenave dhe munges\u00ebn e profesionalizmit n\u00eb shum\u00eb vende t\u00eb mediave nga gazetar\u00ebt dhe vet mediumet publike.<\/p>\n<p>Laci sjell shembuj konkret\u00eb t\u00eb lajmeve t\u00eb pav\u00ebrteta t\u00eb publikuara, duke theksuar se mungesa e profesionalizmit \u00ebsht\u00eb tradhti ndaj popullit n\u00eb p\u00ebrgjith\u00ebsi.<\/p>\n<p>Me sa vet\u00ebdije mediumi apo gazetari merr lajme nga rrjetet sociale pa e hulumtuar nj\u00eb lajm t\u00eb sakt\u00eb dhe e publikon si lajm t\u00eb nj\u00eb mediumi apo qoft\u00eb gazetar i pavarur.<\/p>\n<p>Si mundet dhe ku \u00ebsht\u00eb p\u00ebrgjegj\u00ebsia e tyre t\u00eb publikojn\u00eb lajme t\u00eb nj\u00ebanshme qoft\u00eb t\u00eb nj\u00eb subjekti politik apo t\u00eb nj\u00eb biznesi n\u00eb rritje apo eliminimi i konkurrenc\u00ebs apo edhe uljen e imazhit t\u00eb nj\u00eb individi cili do qoft\u00eb ai.<\/p>\n<p>Ai p\u00ebrdor ironin\u00eb e emrit t\u00eb tij p\u00ebr t\u00eb nxjerr\u00eb kontrastin mes t\u00eb v\u00ebrtet\u00ebs dhe mashtrimit.<\/p>\n<p>P\u00ebrgjegj\u00ebsin\u00eb k\u00ebtu e ka edhe AGK n\u00eb k\u00ebt\u00eb rast n\u00eb Kosov\u00eb dhe institucionet e shtetit sidomos ndaj mediave q\u00eb i l\u00ebn\u00eb dezinformimet t\u00eb grumbullohen dhe nuk din\u00eb pastaj kah t\u00eb ja nisin.<\/p>\n<p>Si munden n\u00eb nj\u00eb medium t\u00eb jap\u00eb hapsir\u00ebn q\u00eb dikush ( q\u00ebpaguan ) t\u00eb flet vet\u00ebm p\u00ebr inat t\u00eb tjetrit dhe duke tubuar disa edhe disa t\u00eb tjer\u00eb kinse analist\u00eb e t\u00eb cil\u00ebt aspak nuk i p\u00ebrkasin asaj l\u00ebmie dhe b\u00ebjn\u00eb muhabet t\u00eb kafeneve dhe pa p\u00ebrgjegj\u00ebsi shpifin ndaj individ\u00ebve pa fakte.<\/p>\n<p>&gt; \u201cProfesionalizmi nuk \u00ebsht\u00eb luks e lajthitje por \u00ebsht\u00eb detyrim.<\/p>\n<p>&gt; Besimi ndaj mediumit nuk \u00ebsht\u00eb opsion por \u00ebsht\u00eb themel.<\/p>\n<p>&gt; Dhe ironikisht\u2026 edhe un\u00eb quhem Besim por me bes\u00eb dhe n\u00eb rolin e t\u00eb s\u00eb v\u00ebrtet\u00ebs si ndaj popullit nj\u00ebjt\u00eb por edhe ndaj institucioneve.<\/p>\n<p>K\u00ebtu, \u2018besimi\u2019 \u00ebsht\u00eb fjala m\u00eb e keqkuptuar, m\u00eb e keqp\u00ebrdorur dhe m\u00eb e humbur e mos t\u00eb themi e zhdukur.<\/p>\n<p>N\u00ebse ndonj\u00ebher\u00eb m\u00eb k\u00ebrkoni, at\u00ebher\u00eb n\u00eb fund t\u00eb lajmit t\u00eb sakt\u00eb pa anime por me plot\u00eb p\u00ebrgjegj\u00ebsi dhe me burime t\u00eb sakta gjeni emrin tim bash aty ku Besimi nuk \u00ebsht\u00eb vet\u00ebm em\u00ebr.\u201d<\/p>\n<p>Ky editorial \u00ebsht\u00eb nj\u00eb thirrje p\u00ebr transparenc\u00eb dhe guxim, duke e vendosur publikun n\u00eb qend\u00ebr dhe duke e kujtuar lexuesin dhe shikuesin, se pa t\u00eb v\u00ebrtet\u00ebn nuk ka besim.<\/p>\n<p>\ud83d\udc49 Lexoni m\u00eb posht\u00eb reagimin e plot\u00eb t\u00eb tij.<\/p>\n<p><a href=\"https:\/\/www.facebook.com\/share\/p\/1K6KRsn6SJ\/\">https:\/\/www.facebook.com\/share\/p\/1K6KRsn6SJ\/<\/a><\/p>\n","protected":false},"excerpt":{"rendered":"<p>Gazetari dhe moderatori Besim La\u00e7i, nj\u00ebkoh\u00ebsisht kontribuues p\u00ebr \u00e7\u00ebshtjet shqiptare n\u00eb Zvic\u00ebr, ka reaguar n\u00eb profilin e tij privat n\u00eb Facebook lidhur me shp\u00ebrndarjen e lajmeve t\u00eb rreme n\u00eb disa portale dhe televizione n\u00eb vendet e banuara shqiptare si Shqip\u00ebri, Kosov\u00eb&#8230;. Ky tekst \u00ebsht\u00eb nj\u00eb reflektim i fort\u00eb mbi fenomenin e rrenave dhe munges\u00ebn e [&hellip;]<\/p>\n","protected":false},"author":1,"featured_media":8429,"comment_status":"closed","ping_status":"closed","sticky":false,"template":"","format":"standard","meta":{"footnotes":""},"categories":[2],"tags":[],"class_list":{"0":"post-8428","1":"post","2":"type-post","3":"status-publish","4":"format-standard","5":"has-post-thumbnail","7":"category-zvicer"},"_links":{"self":[{"href":"https:\/\/syri.tv\/index.php?rest_route=\/wp\/v2\/posts\/8428","targetHints":{"allow":["GET"]}}],"collection":[{"href":"https:\/\/syri.tv\/index.php?rest_route=\/wp\/v2\/posts"}],"about":[{"href":"https:\/\/syri.tv\/index.php?rest_route=\/wp\/v2\/types\/post"}],"author":[{"embeddable":true,"href":"https:\/\/syri.tv\/index.php?rest_route=\/wp\/v2\/users\/1"}],"replies":[{"embeddable":true,"href":"https:\/\/syri.tv\/index.php?rest_route=%2Fwp%2Fv2%2Fcomments&post=8428"}],"version-history":[{"count":5,"href":"https:\/\/syri.tv\/index.php?rest_route=\/wp\/v2\/posts\/8428\/revisions"}],"predecessor-version":[{"id":8441,"href":"https:\/\/syri.tv\/index.php?rest_route=\/wp\/v2\/posts\/8428\/revisions\/8441"}],"wp:featuredmedia":[{"embeddable":true,"href":"https:\/\/syri.tv\/index.php?rest_route=\/wp\/v2\/media\/8429"}],"wp:attachment":[{"href":"https:\/\/syri.tv\/index.php?rest_route=%2Fwp%2Fv2%2Fmedia&parent=8428"}],"wp:term":[{"taxonomy":"category","embeddable":true,"href":"https:\/\/syri.tv\/index.php?rest_route=%2Fwp%2Fv2%2Fcategories&post=8428"},{"taxonomy":"post_tag","embeddable":true,"href":"https:\/\/syri.tv\/index.php?rest_route=%2Fwp%2Fv2%2Ftags&post=8428"}],"curies":[{"name":"wp","href":"https:\/\/api.w.org\/{rel}","templated":true}]}}