{"id":8424,"date":"2025-11-17T17:30:23","date_gmt":"2025-11-17T17:30:23","guid":{"rendered":"https:\/\/syri.tv\/?p=8424"},"modified":"2025-11-17T17:30:45","modified_gmt":"2025-11-17T17:30:45","slug":"kosova-dhe-serbia-zhvillojne-bisedime-diskrete-ne-zvicer","status":"publish","type":"post","link":"https:\/\/syri.tv\/?p=8424","title":{"rendered":"Kosova dhe S\u00ebrbia zhvillojn\u00eb bisedime diskrete n\u00eb Zvic\u00ebr"},"content":{"rendered":"<p>Politikan\u00ebt nga Serbia dhe Kosova u takuan n\u00eb Solothurn gjat\u00eb fundjav\u00ebs p\u00ebr bisedime diskrete.<\/p>\n<p>Departamenti Federal Zviceran i Pun\u00ebve t\u00eb Jashtme organizoi \u00ab Dialogun e Solothurnit \u00bb p\u00ebr t\u00eb normalizuar marr\u00ebdh\u00ebniet midis dy vendeve, ka delareuart sot zdhenesi i Misnistris s\u00eb Puneve te Jahtme te Zvicres (DFAE) p\u00ebr gazeten zvicerane ne shqip LeCanton27.ch sipas te cilit keto bisedime nuk jane te parat.<\/p>\n<p><strong>Berna. Bisedimet mes Kosov\u00ebs dhe Serbis\u00eb n\u00eb Zvic\u00ebr nuk jan\u00eb bisedime sekrete, por diskrete!<\/strong><\/p>\n<p>Konflikti i Kosov\u00ebs ka shkruar shum\u00eb kapituj tragjik\u00eb: sulme, trazira dhe shk\u00ebmbime zjarrim e q\u00eb Zvicra d\u00ebshiron t\u2019i kontgrbuoj diaplogut , paq\u00ebs dhe stabiliteti n\u00eb rajon.<\/p>\n<p>K\u00ebsaj radhe jo Berni, por nj\u00eb qytet i vog\u00ebl, Solothurn kishi zgjedhur 12 politikaj\u00a0 p\u00ebrgjejg\u00ebs keta nga t\u00eb gjitha partit\u00eb kryesore poltike n\u00eb Kosov\u00eb dhe S\u00ebrbi p\u00ebr t\u00eb zgjedhur problemet mes tyre.<\/p>\n<p>Ata u takuan ne m\u00ebnyre diskrete nga dita e\u00a0 premte deri t\u00eb diel\u00ebn \u2013 larg publikur, mbi t\u00eb gjtha larg mediave, takim ky i organizuar nga Departamenti Federal Zviceran i Pun\u00ebve t\u00eb Jashtme.<\/p>\n<p>Njeri nga pjes\u00ebmarr\u00ebsit e k\u00ebtij takimi ka pohuar se k\u00ebto bisedime nuk jan\u00eb sekrte por diskretete.<\/p>\n<p>K\u00ebshtu e than\u00eb edhe autoritet nga Berrna sipas t\u00eb cileve ky ishte nj\u00eb takim p\u00ebr t\u00eb i \u00ab testuar idete \u00bb se sa jan\u00eb af\u00ebr t\u00eb zgjidhjes s\u00eb problemeve e q\u00eb Brukseli m\u00eb se 12 vite nuk po mund t\u2019i shtyj\u00eb p\u00ebrpara.<\/p>\n<p>Dialogu Solothurn \u00ebsht\u00eb nj\u00eb shembull tipik i sh\u00ebrbimeve t\u00eb mira t\u00eb Zvicr\u00ebs \u2013 t\u00eb cilat gjithashtu i sjellin dobi asaj. \u201cN\u00ebse nj\u00eb sht\u00ebpi digjet pran\u00eb apartamentit tim, un\u00eb nuhas tymin. N\u00ebse ka paqe dhe stabilitet n\u00eb Evrop\u00ebn Lindore, kjo ka pasoja pozitive p\u00ebr ekonomin\u00eb dhe sigurin\u00eb e Zvicr\u00ebs.<\/p>\n<p><strong>Ministri Ignazio Cassi:Zvicra e gatshme te ndihmoje procesine dialogut mes Kosoves dhe Serbise ne favro te paqes dhe stabliteti ne rajon<\/strong><\/p>\n<p><strong><img loading=\"lazy\" loading=\"lazy\" decoding=\"async\" class=\"wp-image-32251 alignright td-animation-stack-type0-2 entered litespeed-loaded\" src=\"https:\/\/lecanton27.ch\/wp-content\/uploads\/2024\/01\/nefmal-1-300x227.jpg\" sizes=\"auto, (max-width: 470px) 100vw, 470px\" srcset=\"https:\/\/lecanton27.ch\/wp-content\/uploads\/2024\/01\/nefmal-1-300x227.jpg 300w, https:\/\/lecanton27.ch\/wp-content\/uploads\/2024\/01\/nefmal-1-1024x774.jpg 1024w, https:\/\/lecanton27.ch\/wp-content\/uploads\/2024\/01\/nefmal-1-768x581.jpg 768w, https:\/\/lecanton27.ch\/wp-content\/uploads\/2024\/01\/nefmal-1-150x113.jpg 150w, https:\/\/lecanton27.ch\/wp-content\/uploads\/2024\/01\/nefmal-1-696x526.jpg 696w, https:\/\/lecanton27.ch\/wp-content\/uploads\/2024\/01\/nefmal-1-1068x807.jpg 1068w, https:\/\/lecanton27.ch\/wp-content\/uploads\/2024\/01\/nefmal-1.jpg 1242w\" alt=\"\" width=\"470\" height=\"356\" data-lazyloaded=\"1\" data-src=\"https:\/\/lecanton27.ch\/wp-content\/uploads\/2024\/01\/nefmal-1-300x227.jpg\" data-sizes=\"(max-width: 470px) 100vw, 470px\" data-srcset=\"https:\/\/lecanton27.ch\/wp-content\/uploads\/2024\/01\/nefmal-1-300x227.jpg 300w, https:\/\/lecanton27.ch\/wp-content\/uploads\/2024\/01\/nefmal-1-1024x774.jpg 1024w, https:\/\/lecanton27.ch\/wp-content\/uploads\/2024\/01\/nefmal-1-768x581.jpg 768w, https:\/\/lecanton27.ch\/wp-content\/uploads\/2024\/01\/nefmal-1-150x113.jpg 150w, https:\/\/lecanton27.ch\/wp-content\/uploads\/2024\/01\/nefmal-1-696x526.jpg 696w, https:\/\/lecanton27.ch\/wp-content\/uploads\/2024\/01\/nefmal-1-1068x807.jpg 1068w, https:\/\/lecanton27.ch\/wp-content\/uploads\/2024\/01\/nefmal-1.jpg 1242w\" data-ll-status=\"loaded\" \/><\/strong><\/p>\n<p>Organiaztor\u00ebt thon\u00eb se\u00a0 Solothurnin\u00a0 e zgjodh\u00ebn n\u00eb vitin 2015, pak me larg\u00eb v\u00ebmendjes nga Gjeneva nd\u00ebrkomb\u00ebtare.<\/p>\n<p>Lidhjet me k\u00ebto takime mes autoriteteve kosovare dhe serbe \u00ebsht\u00eb pyetur edhe shefi i diplamcis\u00eb zvicerane z.Iganzio Cassis\u00a0 n\u00eb Davos i cili nder tjerab ka th\u00ebn:<\/p>\n<p>Ne e mb\u00ebshtesim BE-n\u00eb me mjetet tona dhe diplomatet tan\u00eb e n\u00ebse shohim se nuk funksionon, do t\u00eb duhet t\u00eb mendojm\u00eb p\u00ebrs\u00ebri dhe t\u00eb shohim se \u00e7far\u00eb rrug\u00eb tjera mund t\u00eb jen\u00eb t\u00eb hapura p\u00ebr ta avansuar zhvillimin e stabilitetit mes Kosov\u00ebs dhe S\u00ebrbis\u00eb.<\/p>\n<p>Javen qe e lam pas edhe presidentje e Zvicres znj.Sueter dueke ju pergjgijeur pyetjes son\u00eb ka folur p\u00ebr dialogun ne Bruksel mes Kosoves dhe Serbis\u00eb ajo u tregua shum\u00eb e qarte se ky proces duhet vazhduar partjeter p\u00ebr hir\u00eb t\u00eb paqes dhe stabilitetit n\u00eb rajon.<\/p>\n<p>Sopas saj \u00abBerna mb\u00ebshtet dialogun Kosov\u00eb-S\u00ebrbi, sepse siguria n\u00eb Ballkan, n\u00ebnkupton sigurin\u00eb edhe n\u00eb Zvic\u00ebr!.. \u00bb<\/p>\n","protected":false},"excerpt":{"rendered":"<p>Politikan\u00ebt nga Serbia dhe Kosova u takuan n\u00eb Solothurn gjat\u00eb fundjav\u00ebs p\u00ebr bisedime diskrete. Departamenti Federal Zviceran i Pun\u00ebve t\u00eb Jashtme organizoi \u00ab Dialogun e Solothurnit \u00bb p\u00ebr t\u00eb normalizuar marr\u00ebdh\u00ebniet midis dy vendeve, ka delareuart sot zdhenesi i Misnistris s\u00eb Puneve te Jahtme te Zvicres (DFAE) p\u00ebr gazeten zvicerane ne shqip LeCanton27.ch sipas te [&hellip;]<\/p>\n","protected":false},"author":1,"featured_media":8425,"comment_status":"closed","ping_status":"closed","sticky":false,"template":"","format":"standard","meta":{"footnotes":""},"categories":[2],"tags":[],"class_list":{"0":"post-8424","1":"post","2":"type-post","3":"status-publish","4":"format-standard","5":"has-post-thumbnail","7":"category-zvicer"},"_links":{"self":[{"href":"https:\/\/syri.tv\/index.php?rest_route=\/wp\/v2\/posts\/8424","targetHints":{"allow":["GET"]}}],"collection":[{"href":"https:\/\/syri.tv\/index.php?rest_route=\/wp\/v2\/posts"}],"about":[{"href":"https:\/\/syri.tv\/index.php?rest_route=\/wp\/v2\/types\/post"}],"author":[{"embeddable":true,"href":"https:\/\/syri.tv\/index.php?rest_route=\/wp\/v2\/users\/1"}],"replies":[{"embeddable":true,"href":"https:\/\/syri.tv\/index.php?rest_route=%2Fwp%2Fv2%2Fcomments&post=8424"}],"version-history":[{"count":2,"href":"https:\/\/syri.tv\/index.php?rest_route=\/wp\/v2\/posts\/8424\/revisions"}],"predecessor-version":[{"id":8427,"href":"https:\/\/syri.tv\/index.php?rest_route=\/wp\/v2\/posts\/8424\/revisions\/8427"}],"wp:featuredmedia":[{"embeddable":true,"href":"https:\/\/syri.tv\/index.php?rest_route=\/wp\/v2\/media\/8425"}],"wp:attachment":[{"href":"https:\/\/syri.tv\/index.php?rest_route=%2Fwp%2Fv2%2Fmedia&parent=8424"}],"wp:term":[{"taxonomy":"category","embeddable":true,"href":"https:\/\/syri.tv\/index.php?rest_route=%2Fwp%2Fv2%2Fcategories&post=8424"},{"taxonomy":"post_tag","embeddable":true,"href":"https:\/\/syri.tv\/index.php?rest_route=%2Fwp%2Fv2%2Ftags&post=8424"}],"curies":[{"name":"wp","href":"https:\/\/api.w.org\/{rel}","templated":true}]}}