{"id":8419,"date":"2025-11-16T16:36:18","date_gmt":"2025-11-16T16:36:18","guid":{"rendered":"https:\/\/syri.tv\/?p=8419"},"modified":"2025-11-16T19:44:47","modified_gmt":"2025-11-16T19:44:47","slug":"perfundon-protesta-ne-strasburg-te-frances-nga-nje-numer-i-madh-te-cilet-kishin-moton-drejtesi-per-clirimtaret","status":"publish","type":"post","link":"https:\/\/syri.tv\/?p=8419","title":{"rendered":"P\u00ebrfundon protesta n\u00eb Strasburg t\u00eb Franc\u00ebs nga nj\u00eb num\u00ebr i madh t\u00eb cil\u00ebt kishin moton \u201cDrejt\u00ebsi p\u00ebr \u00e7lirimtar\u00ebt\u201d"},"content":{"rendered":"<p><strong>Ka p\u00ebrfunduar protesta e OVL\u2019s\u00eb s\u00eb U\u00c7K\u2019s\u00eb n\u00eb Strasburg t\u00eb Franc\u00ebs, e cila filloi n\u00eb ora 13:00.<\/strong><\/p>\n<p>Kjo protest\u00eb \u00ebsht\u00eb organizuar p\u00ebr t\u00eb treguar mb\u00ebshtetje p\u00ebr ish krer\u00ebt e U\u00c7K\u2019s\u00eb q\u00eb po mbahen n\u00eb Hag\u00eb dhe p\u00ebr t\u00eb k\u00ebrkuar drejt\u00ebsi p\u00ebr ta.<\/p>\n<p>Organizata e Veteran\u00ebve ka njoftuar se i kan\u00eb d\u00ebrguar letra t\u00eb gjith\u00eb an\u00ebtar\u00ebve t\u00eb Asambles\u00eb s\u00eb K\u00ebshillit t\u00eb Evrop\u00ebs ku kan\u00eb ngritur shqet\u00ebsimet e tyre n\u00eb lidhje me procesin n\u00eb Hag\u00eb.<\/p>\n<div class=\"x14z9mp xat24cr x1lziwak x1vvkbs xtlvy1s x126k92a\">\n<div dir=\"auto\">OVL-U\u00c7K, ka fal\u00ebnderuar qytetar\u00ebt p\u00ebr pjes\u00ebmarrjen n\u00eb protest\u00ebn e organizuar n\u00eb Strasburg.<\/div>\n<\/div>\n<div class=\"x14z9mp xat24cr x1lziwak x1vvkbs xtlvy1s x126k92a\">\n<div dir=\"auto\">Protesta ka qen\u00eb n\u00eb mbrojtje t\u00eb luft\u00ebs \u00e7lirimtare, pasi ish-krer\u00ebt e luft\u00ebs po mbahen n\u00eb paraburgim nga Gjykata Speciale.<\/div>\n<\/div>\n<div class=\"x14z9mp xat24cr x1lziwak x1vvkbs xtlvy1s x126k92a\">\n<div dir=\"auto\">\u201cT\u00eb dashur pjes\u00ebmarr\u00ebs t\u00eb protest\u00ebs son\u00eb, ju faleminderit q\u00eb sot ishit pjes\u00eb e k\u00ebtij organizimi n\u00eb mbrojtje t\u00eb s\u00eb v\u00ebrtet\u00ebs s\u00eb luft\u00ebs ton\u00eb \u00e7lirimtare.<\/div>\n<div dir=\"auto\">Faleminderit edhe atyre q\u00eb nuk pat\u00ebn mund\u00ebsi t\u00eb jen\u00eb fizikisht k\u00ebtu, por na p\u00ebrkrah\u00ebn me zem\u00ebr. Rroft\u00eb U\u00c7K-ja\u201d, thuhet n\u00eb njoftim.<\/div>\n<\/div>\n<p>Protesta t\u00eb tilla jan\u00eb mbajtur edhe n\u00eb Prishtin\u00eb, Tiran\u00eb e Hag\u00eb.<\/p>\n<p>&nbsp;<\/p>\n","protected":false},"excerpt":{"rendered":"<p>Ka p\u00ebrfunduar protesta e OVL\u2019s\u00eb s\u00eb U\u00c7K\u2019s\u00eb n\u00eb Strasburg t\u00eb Franc\u00ebs, e cila filloi n\u00eb ora 13:00. Kjo protest\u00eb \u00ebsht\u00eb organizuar p\u00ebr t\u00eb treguar mb\u00ebshtetje p\u00ebr ish krer\u00ebt e U\u00c7K\u2019s\u00eb q\u00eb po mbahen n\u00eb Hag\u00eb dhe p\u00ebr t\u00eb k\u00ebrkuar drejt\u00ebsi p\u00ebr ta. Organizata e Veteran\u00ebve ka njoftuar se i kan\u00eb d\u00ebrguar letra t\u00eb gjith\u00eb an\u00ebtar\u00ebve [&hellip;]<\/p>\n","protected":false},"author":1,"featured_media":8420,"comment_status":"closed","ping_status":"closed","sticky":false,"template":"","format":"standard","meta":{"footnotes":""},"categories":[105],"tags":[],"class_list":{"0":"post-8419","1":"post","2":"type-post","3":"status-publish","4":"format-standard","5":"has-post-thumbnail","7":"category-europa"},"_links":{"self":[{"href":"https:\/\/syri.tv\/index.php?rest_route=\/wp\/v2\/posts\/8419","targetHints":{"allow":["GET"]}}],"collection":[{"href":"https:\/\/syri.tv\/index.php?rest_route=\/wp\/v2\/posts"}],"about":[{"href":"https:\/\/syri.tv\/index.php?rest_route=\/wp\/v2\/types\/post"}],"author":[{"embeddable":true,"href":"https:\/\/syri.tv\/index.php?rest_route=\/wp\/v2\/users\/1"}],"replies":[{"embeddable":true,"href":"https:\/\/syri.tv\/index.php?rest_route=%2Fwp%2Fv2%2Fcomments&post=8419"}],"version-history":[{"count":3,"href":"https:\/\/syri.tv\/index.php?rest_route=\/wp\/v2\/posts\/8419\/revisions"}],"predecessor-version":[{"id":8423,"href":"https:\/\/syri.tv\/index.php?rest_route=\/wp\/v2\/posts\/8419\/revisions\/8423"}],"wp:featuredmedia":[{"embeddable":true,"href":"https:\/\/syri.tv\/index.php?rest_route=\/wp\/v2\/media\/8420"}],"wp:attachment":[{"href":"https:\/\/syri.tv\/index.php?rest_route=%2Fwp%2Fv2%2Fmedia&parent=8419"}],"wp:term":[{"taxonomy":"category","embeddable":true,"href":"https:\/\/syri.tv\/index.php?rest_route=%2Fwp%2Fv2%2Fcategories&post=8419"},{"taxonomy":"post_tag","embeddable":true,"href":"https:\/\/syri.tv\/index.php?rest_route=%2Fwp%2Fv2%2Ftags&post=8419"}],"curies":[{"name":"wp","href":"https:\/\/api.w.org\/{rel}","templated":true}]}}