{"id":8399,"date":"2025-11-15T10:45:11","date_gmt":"2025-11-15T10:45:11","guid":{"rendered":"https:\/\/syri.tv\/?p=8399"},"modified":"2025-11-15T10:45:11","modified_gmt":"2025-11-15T10:45:11","slug":"hykmete-bajrami-hic-se-kam-problem-serbine-problem-e-kam-republiken-e-kosoves","status":"publish","type":"post","link":"https:\/\/syri.tv\/?p=8399","title":{"rendered":"HYKMETE BAJRAMI: \u201cHI\u00c7 SE KAM PROBLEM SERBIN\u00cb \u2013 PROBLEM E KAM REPUBLIK\u00cbN E KOSOV\u00cbS!\u201d"},"content":{"rendered":"<div class=\"xdj266r x14z9mp xat24cr x1lziwak x1vvkbs x126k92a\">\n<div dir=\"auto\">Shkruan: Fatmir Brajshori &#8211; Tushi<\/div>\n<div dir=\"auto\"><\/div>\n<div dir=\"auto\">Nj\u00eb e ashtuquajtur deputete \u2013 dhe, p\u00ebr ta b\u00ebr\u00eb edhe m\u00eb keq, nj\u00eb \u201cprofesoresh\u00eb\u201d \u2013 (LDK-ja, q\u00eb nga themelimi, t\u00eb gjith\u00eb projugosllav\u00ebt i ka b\u00ebr\u00eb akademik\u00eb \u2013 m\u00eb sakt\u00eb \u201ckakademik\u00eb\u201d \u2013 profesor\u00eb e deputet\u00eb), para pak kohe dha nj\u00eb deklarat\u00eb ku tha:<\/div>\n<\/div>\n<div class=\"x14z9mp xat24cr x1lziwak x1vvkbs xtlvy1s x126k92a\">\n<div dir=\"auto\">\u201cUn\u00eb, n\u00ebse doni drejt me ju tregue, asnj\u00eb problem s\u2019e kam me List\u00ebn Serbe! Un\u00eb luft\u00ebn e kam me Albin Kurtin!\u201d<\/div>\n<\/div>\n<div class=\"x14z9mp xat24cr x1lziwak x1vvkbs xtlvy1s x126k92a\">\n<div dir=\"auto\">Me nj\u00eb fjal\u00eb, p\u00ebr t\u00eb Republika e Serbis\u00eb nuk \u00ebsht\u00eb problem; ajo ka problem me institucionet e Republik\u00ebs s\u00eb Kosov\u00ebs!<\/div>\n<\/div>\n<div class=\"x14z9mp xat24cr x1lziwak x1vvkbs xtlvy1s x126k92a\">\n<div dir=\"auto\">Me k\u00ebt\u00eb deklarat\u00eb, po t\u00eb ishte gjall\u00eb sot Mira Markoviqi \u2013 gruaja e Millosheviqit \u2013 do t\u00eb ndjehej krenare! Di\u00e7ka t\u00eb till\u00eb s\u2019do ta kishte deklaruar as gjyqtarja fam\u00ebkeqe serbe, Danica (mbiemrin ia kam harruar).<\/div>\n<\/div>\n<div class=\"x14z9mp xat24cr x1lziwak x1vvkbs xtlvy1s x126k92a\">\n<div dir=\"auto\">T\u00eb deklarosh se \u201cList\u00ebn Serbe s\u2019e kam problem\u201d \u2013 do t\u00eb thot\u00eb se Hykmete Bajrami nuk e ka problem q\u00eb Kosova t\u00eb quhet \u201cKosova i Metohija\u201d.<\/div>\n<\/div>\n<div class=\"x14z9mp xat24cr x1lziwak x1vvkbs xtlvy1s x126k92a\">\n<div dir=\"auto\">T\u00eb deklarosh se \u201cList\u00ebn Serbe s\u2019e kam problem\u201d \u2013 do t\u00eb thot\u00eb se Hykmete Bajrami nuk e ka problem q\u00eb grat\u00eb shqiptare u dhunuan nga paramilitar\u00ebt serb\u00eb, pik\u00ebrisht nga ata q\u00eb sot p\u00ebrfaq\u00ebsohen p\u00ebrmes List\u00ebs Serbe.<\/div>\n<\/div>\n<div class=\"x14z9mp xat24cr x1lziwak x1vvkbs xtlvy1s x126k92a\">\n<div dir=\"auto\">T\u00eb deklarosh se \u201cList\u00ebn Serbe s\u2019e kam problem\u201d \u2013 do t\u00eb thot\u00eb se Hykmete Bajrami nuk e ka problem q\u00eb jan\u00eb vrar\u00eb polic\u00ebt e Kosov\u00ebs, Enver Zymberi e Afrim Bunjaku.<\/div>\n<\/div>\n<div class=\"x14z9mp xat24cr x1lziwak x1vvkbs xtlvy1s x126k92a\">\n<div dir=\"auto\">T\u00eb deklarosh se \u201cList\u00ebn Serbe s\u2019e kam problem\u201d \u2013 do t\u00eb thot\u00eb se, meq\u00eb nuk e ka problem as Milan Radoi\u00e7iqin, Hykmete Bajrami e ka problem pse Radoi\u00e7iqi e shok\u00ebt e tij nuk kan\u00eb vrar\u00eb m\u00eb shum\u00eb shqiptar\u00eb n\u00eb Gjakov\u00eb!<\/div>\n<\/div>\n<div class=\"x14z9mp xat24cr x1lziwak x1vvkbs xtlvy1s x126k92a\">\n<div dir=\"auto\">T\u00eb deklarosh se \u201cList\u00ebn Serbe s\u2019e kam problem\u201d \u2013 do t\u00eb thot\u00eb se p\u00ebr Hykmete Bajramin nuk jan\u00eb problem masakrat e Re\u00e7akut, Poklekut, Mej\u00ebs, Krush\u00ebs, Prekazit, Qyshkut, Lubeniqit\u2026<\/div>\n<\/div>\n<div class=\"x14z9mp xat24cr x1lziwak x1vvkbs xtlvy1s x126k92a\">\n<div dir=\"auto\">T\u00eb deklarosh se \u201cList\u00ebn Serbe s\u2019e kam problem\u201d \u2013 do t\u00eb thot\u00eb se p\u00ebr t\u00eb \u00ebsht\u00eb problem burgosja e Millosheviqit, d\u00ebnimi i Sheshelit, apo vrasja e Arkanit\u2026<\/div>\n<\/div>\n<div class=\"x14z9mp xat24cr x1lziwak x1vvkbs xtlvy1s x126k92a\">\n<div dir=\"auto\">T\u00eb deklarosh se \u201cList\u00ebn Serbe s\u2019e kam problem\u201d \u2013 do t\u00eb thot\u00eb se Hykmete Bajrami nuk e ka problem q\u00eb u vran\u00eb Jasharajt e Prekazit, por e ka problem pse disa prej tyre shp\u00ebtuan dhe s\u2019u vran\u00eb t\u00eb gjith\u00eb!<\/div>\n<\/div>\n<div class=\"x14z9mp xat24cr x1lziwak x1vvkbs xtlvy1s x126k92a\">\n<div dir=\"auto\">T\u00eb deklarosh se \u201cList\u00ebn Serbe s\u2019e kam problem\u201d \u2013 do t\u00eb thot\u00eb se Hykmete Bajrami nuk e ka problem n\u00ebse Lista Serbe e kthen Kosov\u00ebn n\u00ebn Serbi.<\/div>\n<\/div>\n<div class=\"x14z9mp xat24cr x1lziwak x1vvkbs xtlvy1s x126k92a\">\n<div dir=\"auto\">T\u00eb deklarosh se \u201cList\u00ebn Serbe s\u2019e kam problem\u201d \u2013 do t\u00eb thot\u00eb se Hykmete Bajrami s\u2019e ka asnj\u00eb problem q\u00eb ushtria serbe t\u00eb kthehet s\u00ebrish n\u00eb Kosov\u00eb!<\/div>\n<\/div>\n<div class=\"x14z9mp xat24cr x1lziwak x1vvkbs xtlvy1s x126k92a\">\n<div dir=\"auto\">Ka edhe shum\u00eb t\u00eb tjera q\u00eb mund t\u00eb p\u00ebrmenden.<\/div>\n<\/div>\n<div class=\"x14z9mp xat24cr x1lziwak x1vvkbs xtlvy1s x126k92a\">\n<div dir=\"auto\">Por ajo q\u00eb bie n\u00eb sy \u00ebsht\u00eb mungesa e \u00e7do reagimi nga LDK-ja \u2013 asnj\u00eb distancim, asnj\u00eb sqarim \u2013 sikur kjo parti t\u00eb d\u00ebshiroj\u00eb t\u00eb d\u00ebshmoj\u00eb se, ashtu si n\u00eb fillimet e saj, edhe sot mbetet besnike ndaj programit t\u00eb vet projugosllav.<\/div>\n<\/div>\n<div class=\"x14z9mp xat24cr x1lziwak x1vvkbs xtlvy1s x126k92a\">\n<div dir=\"auto\">M\u00eb habit fakti q\u00eb strukturat drejtuese t\u00eb universitetit nuk reaguan ndaj nj\u00eb pun\u00ebtoreje t\u00eb tyre, e cila publikisht deklaron se s\u2019e ka problem subjektin politik serb q\u00eb s\u2019e pranon shtetin e Kosov\u00ebs, por ka problem me Republik\u00ebn e Kosov\u00ebs q\u00eb nuk i lejon List\u00ebs Serbe t\u00eb atakoj\u00eb institucionet e vendit!<\/div>\n<\/div>\n<div class=\"x14z9mp xat24cr x1lziwak x1vvkbs xtlvy1s x126k92a\">\n<div dir=\"auto\">M\u00eb habit po ashtu q\u00eb asnj\u00eb l\u00ebvizje studentore (n\u00ebse ende ekziston ndonj\u00eb) nuk organizoi asnj\u00eb protest\u00eb kund\u00ebr m\u00ebsimdh\u00ebn\u00ebses Hykmete Bajrami, p\u00ebr t\u00eb k\u00ebrkuar largimin e saj nga universiteti.<\/div>\n<\/div>\n<div class=\"x14z9mp xat24cr x1lziwak x1vvkbs xtlvy1s x126k92a\">\n<div dir=\"auto\">Nuk di \u00e7\u2019t\u00eb shtoj m\u00eb shum\u00eb, p\u00ebrve\u00e7 k\u00ebtij urimi:<\/div>\n<\/div>\n<div class=\"x14z9mp xat24cr x1lziwak x1vvkbs xtlvy1s x126k92a\">\n<div dir=\"auto\">\u201cHykmete Bajrami, pa\u00e7 fatin e Ali Shukris\u00eb e Rrahman Morin\u00ebs!\u201d<\/div>\n<\/div>\n","protected":false},"excerpt":{"rendered":"<p>Shkruan: Fatmir Brajshori &#8211; Tushi Nj\u00eb e ashtuquajtur deputete \u2013 dhe, p\u00ebr ta b\u00ebr\u00eb edhe m\u00eb keq, nj\u00eb \u201cprofesoresh\u00eb\u201d \u2013 (LDK-ja, q\u00eb nga themelimi, t\u00eb gjith\u00eb projugosllav\u00ebt i ka b\u00ebr\u00eb akademik\u00eb \u2013 m\u00eb sakt\u00eb \u201ckakademik\u00eb\u201d \u2013 profesor\u00eb e deputet\u00eb), para pak kohe dha nj\u00eb deklarat\u00eb ku tha: \u201cUn\u00eb, n\u00ebse doni drejt me ju tregue, asnj\u00eb [&hellip;]<\/p>\n","protected":false},"author":1,"featured_media":8400,"comment_status":"closed","ping_status":"closed","sticky":false,"template":"","format":"standard","meta":{"footnotes":""},"categories":[2],"tags":[],"class_list":{"0":"post-8399","1":"post","2":"type-post","3":"status-publish","4":"format-standard","5":"has-post-thumbnail","7":"category-zvicer"},"_links":{"self":[{"href":"https:\/\/syri.tv\/index.php?rest_route=\/wp\/v2\/posts\/8399","targetHints":{"allow":["GET"]}}],"collection":[{"href":"https:\/\/syri.tv\/index.php?rest_route=\/wp\/v2\/posts"}],"about":[{"href":"https:\/\/syri.tv\/index.php?rest_route=\/wp\/v2\/types\/post"}],"author":[{"embeddable":true,"href":"https:\/\/syri.tv\/index.php?rest_route=\/wp\/v2\/users\/1"}],"replies":[{"embeddable":true,"href":"https:\/\/syri.tv\/index.php?rest_route=%2Fwp%2Fv2%2Fcomments&post=8399"}],"version-history":[{"count":1,"href":"https:\/\/syri.tv\/index.php?rest_route=\/wp\/v2\/posts\/8399\/revisions"}],"predecessor-version":[{"id":8401,"href":"https:\/\/syri.tv\/index.php?rest_route=\/wp\/v2\/posts\/8399\/revisions\/8401"}],"wp:featuredmedia":[{"embeddable":true,"href":"https:\/\/syri.tv\/index.php?rest_route=\/wp\/v2\/media\/8400"}],"wp:attachment":[{"href":"https:\/\/syri.tv\/index.php?rest_route=%2Fwp%2Fv2%2Fmedia&parent=8399"}],"wp:term":[{"taxonomy":"category","embeddable":true,"href":"https:\/\/syri.tv\/index.php?rest_route=%2Fwp%2Fv2%2Fcategories&post=8399"},{"taxonomy":"post_tag","embeddable":true,"href":"https:\/\/syri.tv\/index.php?rest_route=%2Fwp%2Fv2%2Ftags&post=8399"}],"curies":[{"name":"wp","href":"https:\/\/api.w.org\/{rel}","templated":true}]}}