{"id":8393,"date":"2025-11-14T12:01:57","date_gmt":"2025-11-14T12:01:57","guid":{"rendered":"https:\/\/syri.tv\/?p=8393"},"modified":"2025-11-14T12:01:57","modified_gmt":"2025-11-14T12:01:57","slug":"shaip-kamberi-diskriminimi-ndaj-shqiptareve-eshte-sistematik-dhe-i-organizuar","status":"publish","type":"post","link":"https:\/\/syri.tv\/?p=8393","title":{"rendered":"Shaip Kamberi: Diskriminimi ndaj shqiptar\u00ebve \u00ebsht\u00eb sistematik dhe i organizuar."},"content":{"rendered":"<div class=\"x14z9mp xat24cr x1lziwak x1vvkbs xtlvy1s x126k92a\">\n<div dir=\"auto\">Deklarata e sotme e Z\u00ebvend\u00ebskryeministrit t\u00eb Par\u00eb, Besnik Bislimi, lidhur me bllokimin e mjeteve t\u00eb destinuara p\u00ebr shqiptar\u00ebt e Lugin\u00ebs s\u00eb Preshev\u00ebs, vet\u00ebm sa e konfirmon publikisht at\u00eb q\u00eb ne prej vitesh e kemi denoncuar n\u00eb Kuvendin e Serbis\u00eb: se diskriminimi ndaj shqiptar\u00ebve nuk \u00ebsht\u00eb i rast\u00ebsish\u00ebm dhe as procedural, por sistematik dhe i organizuar.<\/div>\n<\/div>\n<div class=\"x14z9mp xat24cr x1lziwak x1vvkbs xtlvy1s x126k92a\">\n<div dir=\"auto\">Fakti q\u00eb 3,650 nx\u00ebn\u00ebs shqiptar\u00eb n\u00eb Preshev\u00eb, Bujanoc dhe Medvegj\u00eb tashm\u00eb jan\u00eb duke p\u00ebrdorur 35,448 tekste shkollore t\u00eb financuara nga Qeveria e Kosov\u00ebs, nd\u00ebrsa pagesa p\u00ebrkat\u00ebse \u00ebsht\u00eb refuzuar tri her\u00eb me nj\u00eb kod pa arsye t\u00eb specifikuar, tregon m\u00eb s\u00eb miri shkall\u00ebn e arbitraritetit administrativ me t\u00eb cilin shqiptar\u00ebt trajtohen n\u00eb k\u00ebt\u00eb shtet.<\/div>\n<\/div>\n<div class=\"x14z9mp xat24cr x1lziwak x1vvkbs xtlvy1s x126k92a\">\n<div dir=\"auto\">Ky nuk \u00ebsht\u00eb gabim bankar, por nj\u00eb metod\u00eb e q\u00ebllimshme p\u00ebr t\u00eb bllokuar mb\u00ebshtetjen p\u00ebr komunitetin ton\u00eb. E nj\u00ebjta logjik\u00eb e pengesave e pam\u00eb edhe me anulimin e vendimit p\u00ebr subvencionet bujq\u00ebsore, edhe me vonesat e vazhdueshme p\u00ebr funksionimin e institucioneve tona p\u00ebrfaq\u00ebsuese.<\/div>\n<\/div>\n<div class=\"x14z9mp xat24cr x1lziwak x1vvkbs xtlvy1s x126k92a\">\n<div dir=\"auto\">Prandaj, njoftimi i sot\u00ebm i Z\u00ebvend\u00ebskryeministrit Bislimi ka r\u00ebnd\u00ebsi t\u00eb madhe politike: ai e zhvendos debatin nga plani teknik n\u00eb planin nd\u00ebrkomb\u00ebtar dhe e v\u00eb k\u00ebt\u00eb \u00e7\u00ebshtje n\u00eb radar t\u00eb Bashkimit Evropian dhe t\u00eb P\u00ebrfaq\u00ebsuesit t\u00eb Posa\u00e7\u00ebm t\u00eb BE-s\u00eb, z. Peter S\u00f8rensen.<\/div>\n<\/div>\n<div class=\"x14z9mp xat24cr x1lziwak x1vvkbs xtlvy1s x126k92a\">\n<div dir=\"auto\">Institucionet serbe duhet ta kuptojn\u00eb se nuk mund t\u00eb promovojn\u00eb \u201cdialog\u201d n\u00eb Bruksel nd\u00ebrkoh\u00eb q\u00eb p\u00ebrdorin administrat\u00ebn p\u00ebr t\u00eb sabotuar t\u00eb drejtat elementare t\u00eb shqiptar\u00ebve n\u00eb Preshev\u00eb, Bujanoc dhe Medvegj\u00eb.<\/div>\n<\/div>\n<div class=\"x14z9mp xat24cr x1lziwak x1vvkbs xtlvy1s x126k92a\">\n<div dir=\"auto\">Ne do ta vazhdojm\u00eb betej\u00ebn ton\u00eb politike dhe institucionale q\u00eb \u00e7do f\u00ebmij\u00eb, \u00e7do familje dhe \u00e7do qytetar i Lugin\u00ebs t\u00eb trajtohet me dinjitet dhe barazi, sipas standardeve q\u00eb Serbia pretendon se i respekton.<\/div>\n<\/div>\n","protected":false},"excerpt":{"rendered":"<p>Deklarata e sotme e Z\u00ebvend\u00ebskryeministrit t\u00eb Par\u00eb, Besnik Bislimi, lidhur me bllokimin e mjeteve t\u00eb destinuara p\u00ebr shqiptar\u00ebt e Lugin\u00ebs s\u00eb Preshev\u00ebs, vet\u00ebm sa e konfirmon publikisht at\u00eb q\u00eb ne prej vitesh e kemi denoncuar n\u00eb Kuvendin e Serbis\u00eb: se diskriminimi ndaj shqiptar\u00ebve nuk \u00ebsht\u00eb i rast\u00ebsish\u00ebm dhe as procedural, por sistematik dhe i organizuar. [&hellip;]<\/p>\n","protected":false},"author":1,"featured_media":8394,"comment_status":"closed","ping_status":"closed","sticky":false,"template":"","format":"standard","meta":{"footnotes":""},"categories":[9],"tags":[],"class_list":{"0":"post-8393","1":"post","2":"type-post","3":"status-publish","4":"format-standard","5":"has-post-thumbnail","7":"category-vendi"},"_links":{"self":[{"href":"https:\/\/syri.tv\/index.php?rest_route=\/wp\/v2\/posts\/8393","targetHints":{"allow":["GET"]}}],"collection":[{"href":"https:\/\/syri.tv\/index.php?rest_route=\/wp\/v2\/posts"}],"about":[{"href":"https:\/\/syri.tv\/index.php?rest_route=\/wp\/v2\/types\/post"}],"author":[{"embeddable":true,"href":"https:\/\/syri.tv\/index.php?rest_route=\/wp\/v2\/users\/1"}],"replies":[{"embeddable":true,"href":"https:\/\/syri.tv\/index.php?rest_route=%2Fwp%2Fv2%2Fcomments&post=8393"}],"version-history":[{"count":1,"href":"https:\/\/syri.tv\/index.php?rest_route=\/wp\/v2\/posts\/8393\/revisions"}],"predecessor-version":[{"id":8395,"href":"https:\/\/syri.tv\/index.php?rest_route=\/wp\/v2\/posts\/8393\/revisions\/8395"}],"wp:featuredmedia":[{"embeddable":true,"href":"https:\/\/syri.tv\/index.php?rest_route=\/wp\/v2\/media\/8394"}],"wp:attachment":[{"href":"https:\/\/syri.tv\/index.php?rest_route=%2Fwp%2Fv2%2Fmedia&parent=8393"}],"wp:term":[{"taxonomy":"category","embeddable":true,"href":"https:\/\/syri.tv\/index.php?rest_route=%2Fwp%2Fv2%2Fcategories&post=8393"},{"taxonomy":"post_tag","embeddable":true,"href":"https:\/\/syri.tv\/index.php?rest_route=%2Fwp%2Fv2%2Ftags&post=8393"}],"curies":[{"name":"wp","href":"https:\/\/api.w.org\/{rel}","templated":true}]}}