{"id":8322,"date":"2025-11-04T23:16:15","date_gmt":"2025-11-04T23:16:15","guid":{"rendered":"https:\/\/syri.tv\/?p=8322"},"modified":"2025-11-04T23:16:15","modified_gmt":"2025-11-04T23:16:15","slug":"syri-i-bute-apo-vrima-e-lagur-e-ldk-se","status":"publish","type":"post","link":"https:\/\/syri.tv\/?p=8322","title":{"rendered":"&#171;Syri i but\u00eb apo vrima e lagur&#187; e LDK-s\u00eb!"},"content":{"rendered":"<p style=\"font-weight: 400;\">Shkruan:\u00a0<strong>Florim Zeqa<\/strong><\/p>\n<p style=\"font-weight: 400;\">E zgjodha k\u00ebt\u00eb shkrim p\u00ebr &#8218;Dit\u00ebn e t\u00eb Vdekurve&#8216;, p\u00ebr arsyen e thjesht\u00eb, se LDK-ja q\u00eb 15 vjet \u00ebsht\u00eb n\u00eb vdekje klinike! Kurse, kan\u00eb kaluar m\u00eb tep\u00ebr se dy dekada q\u00eb kur LDK-ja e ka shijuar p\u00ebr her\u00eb t\u00eb fundit g\u00ebzimin e fitores n\u00eb zgjedhjet parlamentare (2004)!<\/p>\n<p style=\"font-weight: 400;\"><strong>Lakmia p\u00ebr pushtet e matrapaz\u00ebve e fundosi LDK-n\u00eb<\/strong><\/p>\n<p style=\"font-weight: 400;\">&#171;Syri i but\u00eb, vrima e lagur&#187;, e thot\u00eb nj\u00eb fjal\u00eb e urt\u00eb popullore! Nga shkuarja n\u00eb amshim e liderit historik, LDK-s\u00eb po i &#8218;kullon vrima&#8216; shkaku i interesave personale! Pa ju ter\u00eb mir\u00eb vrima, po i laget p\u00ebrseri! Lagia nj\u00ebri e terja tjetri, shum\u00eb m\u00eb i zi i riu se i vjetri!<\/p>\n<p style=\"font-weight: 400;\">K\u00ebta interesgjinjt (tugjar\u00ebt) e LDK-s\u00eb, nga lakmia per pushtet dhe ambicia p\u00ebr abuzim me paran\u00eb e shtetit, b\u00ebhen bashk\u00eb me dreqin dhe t&#8217;birin e dreqit!<\/p>\n<p style=\"font-weight: 400;\">K\u00ebshtu, i \u00ebmbli pushtet p\u00ebr 20 vjet rresht ua v\u00ebrboj syt\u00eb!<\/p>\n<p style=\"font-weight: 400;\">Paraja e pist\u00eb ua turbulloj mendjen dhe i \u00e7oj n\u00eb &#8217;shtratin e dashuris\u00eb&#8216; p\u00ebr pushtet me t\u00eb gjith\u00eb rival\u00ebt politik!<\/p>\n<p style=\"font-weight: 400;\">Sot n\u00eb LDK b\u00ebjn\u00eb plloje armiqt e Rugov\u00ebs dhe t\u00eb Kosov\u00ebs, kurse themeluesit dhe adhuruesit e saj besnik ndiqen dhe largohen nga ky subjekt politik!<\/p>\n<p style=\"font-weight: 400;\">Elektorati ka mbetur jasht\u00eb loje, nuk e pyet askush p\u00ebr asgj\u00eb!<\/p>\n<p style=\"font-weight: 400;\">Kryetari i partis\u00eb vendos\u00eb p\u00ebr \u00e7do gj\u00eb, vendos kush t\u00eb hyj\u00eb e kush t\u00eb dal\u00eb prej LDK-s\u00eb!<\/p>\n<p style=\"font-weight: 400;\">N\u00ebse dikush (sikur un\u00eb) e merr guximin dhe i kund\u00ebrshton, e presin masat p\u00ebrjashtuese dhe nd\u00ebshkuese, akuzat dhe gjuha lin\u00e7uese, sharjet dhe fyerjet nga militant\u00ebt partiak\u00eb n\u00eb rrjetet sociale dhe jasht\u00eb tyre, mbase mund ta p\u00ebsoj edhe m\u00eb keq se kaq!<\/p>\n<p style=\"font-weight: 400;\"><strong>Armiqt e v\u00ebrtet\u00eb t\u00eb Rugov\u00ebs u ngrit\u00ebn n\u00eb hierarkin\u00eb politike t\u00eb LDK-s\u00eb<\/strong><\/p>\n<p style=\"font-weight: 400;\">E v\u00ebrteta e hidhur e ruajtjes dhe vazhdim\u00ebsis\u00eb s\u00eb kapjes s\u00eb LDK-s\u00eb nga klanet dhe grupet e interesit po vazhdon edhe n\u00eb dit\u00ebt e sotme!<\/p>\n<p style=\"font-weight: 400;\">P\u00ebr ket\u00eb arsye, sejmen\u00ebt e Isa Mustaf\u00ebs u treguan t\u00eb vendosur n\u00eb Kuvendin e fundit p\u00ebr ta b\u00ebr\u00eb zgjedhjen m\u00eb t\u00eb gabuar p\u00ebr LDK-n\u00eb!<\/p>\n<p style=\"font-weight: 400;\">Me zgjedhjen e Lumir Abdixhikut, uzurpator\u00ebt e LDK-s\u00eb i forcuan akoma m\u00eb shum\u00eb pozitat e tyre, duke u d\u00ebshmuar se jan\u00eb v\u00ebrtet\u00eb sundimtar\u00eb t\u00eb pangopsh\u00ebm n\u00eb k\u00ebt\u00eb subjekt politik.<\/p>\n<p style=\"font-weight: 400;\">Pas Abdixhikut jan\u00eb t\u00eb katapultuar edhe 300 &#8218;harambasha&#8216; n\u00eb K\u00ebshillin e P\u00ebrgjithsh\u00ebm t\u00eb LDK-s\u00eb, t\u00eb barrikaduar n\u00eb mbrojtje t\u00eb &#8218;Putizimizit&#8216; apo t\u00eb klanit t\u00eb Riinvest-it!<\/p>\n<p style=\"font-weight: 400;\">LDK me k\u00ebt\u00eb kryetar\u00eb dhe me k\u00ebta matrapaz politik nuk ka as gjasa teorike t\u00eb fitoj zgjedhjet e jasht\u00ebzakonshme, p\u00ebrkundrazi do t\u00eb p\u00ebrballet me shthurje totale t\u00eb partis\u00eb, p\u00ebr arsye se drejtuesit aktual\u00eb jan\u00eb figura jo kredibile, t\u00eb d\u00ebshtuara dhe t\u00eb urryera nga elektorati rugovian p\u00ebr shkak t\u00eb kapjes s\u00eb LDK-s\u00eb, t\u00eb st\u00ebrkequr nga klani Riinvest.<\/p>\n<p style=\"font-weight: 400;\">Nxjerrja e LDK-s\u00eb prej klanit t\u00eb Isa Mustaf\u00ebs, fillon me largimin e t\u00eb katapultuarit t\u00eb fundit n\u00eb kreun e LDK-s\u00eb nga shkolla sorosiane, t\u00eb voglit Lumir Abdixhiku, i cili i sajon armiqt e paqen\u00eb brenda LDK-s\u00eb, kurse armiqt e v\u00ebrtet\u00eb t\u00eb Ibrahim Rugov\u00ebs i ngrit\u00eb n\u00eb hierarkin\u00eb e lart\u00eb politike t\u00eb partis\u00eb!<\/p>\n<p style=\"font-weight: 400;\">T\u00eb mir\u00eb p\u00ebr kryetarin aktual\u00eb t\u00eb LDK-s\u00eb jan\u00eb vet\u00ebm servil\u00ebt dhe armiqt e Rugov\u00ebs, t\u00eb tjer\u00ebt i konsideron vet\u00ebm numra p\u00ebr vota dhe asgj\u00eb m\u00eb shum\u00eb!<\/p>\n<p style=\"font-weight: 400;\">Andaj, pa humbur koh\u00eb duhet nj\u00eb iniciativ\u00eb p\u00ebr largimin e tij nga kreu i LDK-s\u00eb, n\u00eb t\u00eb kund\u00ebrt\u00ebn, e presin dit\u00eb akoma m\u00eb t\u00eb r\u00ebnda shpres\u00ebn e qytetar\u00ebve p\u00ebr shtetnd\u00ebrtim dhe dinjitet njer\u00ebzor!<\/p>\n<p style=\"font-weight: 400;\">Definitivisht, LDK duhet t\u00eb udh\u00ebheqet nga nj\u00eb rugovist dhe jo nga sorosianet dhe parashutist\u00ebt e Riinvestit!<\/p>\n<p style=\"font-weight: 400;\">Lidhja Demokratike e Kosov\u00ebs, nga nj\u00eb parti shtetformuese, shtetnd\u00ebrtuese dhe institucionaliste, e udh\u00ebhequr me p\u00ebrgjegj\u00ebsi t\u00eb lart\u00eb shtet\u00ebrore nga lideri historik, Ibrahim Rugova, tashm\u00eb ka r\u00ebn\u00eb n\u00eb dor\u00eb t\u00eb buz\u00ebfoshnjorit t\u00eb papjekur politikisht, sorosianit Lumir Abdixhiku, servilit t\u00eb Isa Mustaf\u00ebs, tuxharit politik, i cili nuk zgjedh\u00eb njer\u00ebz dhe mjete p\u00ebr ta kontrabanduar vullnetin e elektoratit t\u00eb LDK-s\u00eb!<\/p>\n<p style=\"font-weight: 400;\">Tashm\u00eb shihet qart\u00eb se kryetari i LDK-s\u00eb e ka humbur t\u00ebr\u00ebsisht&#8217;busullen&#187; orientuese!<\/p>\n<p style=\"font-weight: 400;\">Lumir Abdixhiku pa vizion dhe pa koncept t\u00eb qart\u00eb politik, e ka mbushur LDK-n\u00eb me kica e me kuca, me sharra e me lima t\u00eb llojeve t\u00eb ndryshme, t\u00eb cil\u00ebt jan\u00eb duke e g\u00ebrryer n\u00eb themel filozofin\u00eb politike rugoviane!<\/p>\n<p style=\"font-weight: 400;\">Vullneti im politik dhe d\u00ebshira p\u00ebr t&#8217;i sh\u00ebrbyer atdheut dhe qytetar\u00ebve \u00ebsht\u00eb para \u00e7do interesi partiak dhe personal. Q\u00eb i bie, se ambiciet e mia nuk jan\u00eb pushtetore, por shtet\u00ebrore, gjegj\u00ebsisht t\u00eb qenurit gardian i p\u00ebrhersh\u00ebm i interesave t\u00eb qytetar\u00ebve dhe bashkatdhetar\u00ebve n\u00eb m\u00ebrgat\u00ebn ton\u00eb.<\/p>\n","protected":false},"excerpt":{"rendered":"<p>Shkruan:\u00a0Florim Zeqa E zgjodha k\u00ebt\u00eb shkrim p\u00ebr &#8218;Dit\u00ebn e t\u00eb Vdekurve&#8216;, p\u00ebr arsyen e thjesht\u00eb, se LDK-ja q\u00eb 15 vjet \u00ebsht\u00eb n\u00eb vdekje klinike! Kurse, kan\u00eb kaluar m\u00eb tep\u00ebr se dy dekada q\u00eb kur LDK-ja e ka shijuar p\u00ebr her\u00eb t\u00eb fundit g\u00ebzimin e fitores n\u00eb zgjedhjet parlamentare (2004)! Lakmia p\u00ebr pushtet e matrapaz\u00ebve e [&hellip;]<\/p>\n","protected":false},"author":1,"featured_media":8323,"comment_status":"closed","ping_status":"closed","sticky":false,"template":"","format":"standard","meta":{"footnotes":""},"categories":[9],"tags":[],"class_list":{"0":"post-8322","1":"post","2":"type-post","3":"status-publish","4":"format-standard","5":"has-post-thumbnail","7":"category-vendi"},"_links":{"self":[{"href":"https:\/\/syri.tv\/index.php?rest_route=\/wp\/v2\/posts\/8322","targetHints":{"allow":["GET"]}}],"collection":[{"href":"https:\/\/syri.tv\/index.php?rest_route=\/wp\/v2\/posts"}],"about":[{"href":"https:\/\/syri.tv\/index.php?rest_route=\/wp\/v2\/types\/post"}],"author":[{"embeddable":true,"href":"https:\/\/syri.tv\/index.php?rest_route=\/wp\/v2\/users\/1"}],"replies":[{"embeddable":true,"href":"https:\/\/syri.tv\/index.php?rest_route=%2Fwp%2Fv2%2Fcomments&post=8322"}],"version-history":[{"count":1,"href":"https:\/\/syri.tv\/index.php?rest_route=\/wp\/v2\/posts\/8322\/revisions"}],"predecessor-version":[{"id":8324,"href":"https:\/\/syri.tv\/index.php?rest_route=\/wp\/v2\/posts\/8322\/revisions\/8324"}],"wp:featuredmedia":[{"embeddable":true,"href":"https:\/\/syri.tv\/index.php?rest_route=\/wp\/v2\/media\/8323"}],"wp:attachment":[{"href":"https:\/\/syri.tv\/index.php?rest_route=%2Fwp%2Fv2%2Fmedia&parent=8322"}],"wp:term":[{"taxonomy":"category","embeddable":true,"href":"https:\/\/syri.tv\/index.php?rest_route=%2Fwp%2Fv2%2Fcategories&post=8322"},{"taxonomy":"post_tag","embeddable":true,"href":"https:\/\/syri.tv\/index.php?rest_route=%2Fwp%2Fv2%2Ftags&post=8322"}],"curies":[{"name":"wp","href":"https:\/\/api.w.org\/{rel}","templated":true}]}}