{"id":8319,"date":"2025-11-03T22:14:51","date_gmt":"2025-11-03T22:14:51","guid":{"rendered":"https:\/\/syri.tv\/?p=8319"},"modified":"2025-11-03T22:14:51","modified_gmt":"2025-11-03T22:14:51","slug":"kryediplomatja-e-shqiperise-viziton-hashim-thacin-ne-hage-e-gjeta-ne-gjendje-te-mire-procesi-te-mbyllet-me-drejtesi-historike","status":"publish","type":"post","link":"https:\/\/syri.tv\/?p=8319","title":{"rendered":"Kryediplomatja e Shqip\u00ebris\u00eb viziton Hashim Tha\u00e7in n\u00eb Hag\u00eb: E gjeta n\u00eb gjendje t\u00eb mir\u00eb \u2013 procesi t\u00eb mbyllet me drejt\u00ebsi historike"},"content":{"rendered":"<p>Ministrja e Jashtme e Shqip\u00ebris\u00eb, Elisa Spiropali ka takuar ish-presidentin Hashim Tha\u00e7i n\u00eb Hag\u00eb, p\u00ebr t\u00eb cilin tha se e gjeti n\u00eb gjendje t\u00eb mir\u00eb duke \u201cndjekur zhvillimet n\u00eb Shqip\u00ebri e Kosov\u00eb\u201d.<\/p>\n<p>N\u00eb nj\u00eb prononcim pas vizit\u00ebs n\u00eb Hag\u00eb, Spiropali tha:<\/p>\n<p>\u201cN\u00eb paraburgimin e Gjykat\u00ebs Speciale n\u00eb Hag\u00eb, takova presidentin Tha\u00e7i dhe p\u00ebrmes tij i d\u00ebrgova t\u00eb falat e mia por edhe t\u00eb qeveris\u00eb shqiptare dhe besoj gjith\u00eb popullit shqiptar. Edhe tre luft\u00ebtar\u00ebve t\u00eb tjer\u00eb Kadri Veselit, Jakup Krasniqit dhe Rexhep Selimit\u2026\u201d<\/p>\n<p>\u201cM\u00eb vjen mir\u00eb q\u00eb e gjeta presidentin Tha\u00e7i n\u00eb gjendje t\u00eb mir\u00eb\u2026Ndiqte zhvillimet n\u00eb Shqip\u00ebri e Kosov\u00eb me d\u00ebshir\u00ebn p\u00ebr t\u00eb par\u00eb dy vendet tona sa m\u00eb mir\u00eb\u201d, shtoi ministrja.<\/p>\n<p>Ajo uron p\u00ebr nj\u00eb epilog me drejt\u00ebsi historike.<\/p>\n","protected":false},"excerpt":{"rendered":"<p>Ministrja e Jashtme e Shqip\u00ebris\u00eb, Elisa Spiropali ka takuar ish-presidentin Hashim Tha\u00e7i n\u00eb Hag\u00eb, p\u00ebr t\u00eb cilin tha se e gjeti n\u00eb gjendje t\u00eb mir\u00eb duke \u201cndjekur zhvillimet n\u00eb Shqip\u00ebri e Kosov\u00eb\u201d. N\u00eb nj\u00eb prononcim pas vizit\u00ebs n\u00eb Hag\u00eb, Spiropali tha: \u201cN\u00eb paraburgimin e Gjykat\u00ebs Speciale n\u00eb Hag\u00eb, takova presidentin Tha\u00e7i dhe p\u00ebrmes tij i [&hellip;]<\/p>\n","protected":false},"author":1,"featured_media":8320,"comment_status":"closed","ping_status":"closed","sticky":false,"template":"","format":"standard","meta":{"footnotes":""},"categories":[9],"tags":[],"class_list":{"0":"post-8319","1":"post","2":"type-post","3":"status-publish","4":"format-standard","5":"has-post-thumbnail","7":"category-vendi"},"_links":{"self":[{"href":"https:\/\/syri.tv\/index.php?rest_route=\/wp\/v2\/posts\/8319","targetHints":{"allow":["GET"]}}],"collection":[{"href":"https:\/\/syri.tv\/index.php?rest_route=\/wp\/v2\/posts"}],"about":[{"href":"https:\/\/syri.tv\/index.php?rest_route=\/wp\/v2\/types\/post"}],"author":[{"embeddable":true,"href":"https:\/\/syri.tv\/index.php?rest_route=\/wp\/v2\/users\/1"}],"replies":[{"embeddable":true,"href":"https:\/\/syri.tv\/index.php?rest_route=%2Fwp%2Fv2%2Fcomments&post=8319"}],"version-history":[{"count":1,"href":"https:\/\/syri.tv\/index.php?rest_route=\/wp\/v2\/posts\/8319\/revisions"}],"predecessor-version":[{"id":8321,"href":"https:\/\/syri.tv\/index.php?rest_route=\/wp\/v2\/posts\/8319\/revisions\/8321"}],"wp:featuredmedia":[{"embeddable":true,"href":"https:\/\/syri.tv\/index.php?rest_route=\/wp\/v2\/media\/8320"}],"wp:attachment":[{"href":"https:\/\/syri.tv\/index.php?rest_route=%2Fwp%2Fv2%2Fmedia&parent=8319"}],"wp:term":[{"taxonomy":"category","embeddable":true,"href":"https:\/\/syri.tv\/index.php?rest_route=%2Fwp%2Fv2%2Fcategories&post=8319"},{"taxonomy":"post_tag","embeddable":true,"href":"https:\/\/syri.tv\/index.php?rest_route=%2Fwp%2Fv2%2Ftags&post=8319"}],"curies":[{"name":"wp","href":"https:\/\/api.w.org\/{rel}","templated":true}]}}