{"id":8297,"date":"2025-11-01T18:00:09","date_gmt":"2025-11-01T18:00:09","guid":{"rendered":"https:\/\/syri.tv\/?p=8297"},"modified":"2025-11-01T18:00:09","modified_gmt":"2025-11-01T18:00:09","slug":"kf-dardania-st-gallen-fiton-si-mysafir-kunder-weesen","status":"publish","type":"post","link":"https:\/\/syri.tv\/?p=8297","title":{"rendered":"KF Dardania St. Gallen fiton si mysafir kunder Weesen"},"content":{"rendered":"<p><span style=\"font-family: 'Arial','sans-serif';\">N\u00eb pranin\u00eb e shum\u00eb shikuesve n\u00eb ndeshjen e lig\u00ebs s\u00eb dyt\u00eb interregjionale t\u00eb kampionatit Zviceran, KF Dardania nga St. Gallen n\u00eb minutat e fundit t\u00eb ndeshjes sh\u00ebnoi golin e tret\u00eb dhe mbylli k\u00ebt\u00eb ndeshje n\u00eb t\u00eb mir\u00ebn e tyre me rezultat 3 me 2.<\/span><\/p>\n<p><span style=\"font-family: 'Arial','sans-serif';\">Esht\u00eb nj\u00eb ndeshje me shum\u00eb emocione por edhe nj\u00eb ndeshje shume kualitative q\u00eb treguan djelmoshat Dardan.<\/span><\/p>\n<p><span style=\"font-family: 'Arial','sans-serif';\">N\u00eb k\u00ebt\u00eb ndeshje ishin edhe kryetari i UKSHFZ z. Feti Demoli dhe nenkryetari Reshit Morina t\u00eb cil\u00ebt p\u00ebr s\u00eb af\u00ebrmi p\u00ebrcoll\u00ebn ndeshjen dhe i urojn\u00eb edhe fitore te tjera Dardan\u00ebve nga St. Gallen<\/span><\/p>\n<p><span style=\"font-family: 'Arial','sans-serif';\">Pas ndeshjes kryesia e UKSHFZ zhvilluan edhe nje bised\u00eb me udh\u00ebheq\u00ebsit e Dardan\u00ebve Arsim Dautaj dhe i uriuan fitoren duke shpresuar n\u00eb nj\u00eb bashk\u00ebpunim edhe m\u00eb t\u00eb af\u00ebrt n\u00eb t\u00eb ardhmen <\/span><\/p>\n","protected":false},"excerpt":{"rendered":"<p>N\u00eb pranin\u00eb e shum\u00eb shikuesve n\u00eb ndeshjen e lig\u00ebs s\u00eb dyt\u00eb interregjionale t\u00eb kampionatit Zviceran, KF Dardania nga St. Gallen n\u00eb minutat e fundit t\u00eb ndeshjes sh\u00ebnoi golin e tret\u00eb dhe mbylli k\u00ebt\u00eb ndeshje n\u00eb t\u00eb mir\u00ebn e tyre me rezultat 3 me 2. Esht\u00eb nj\u00eb ndeshje me shum\u00eb emocione por edhe nj\u00eb ndeshje shume [&hellip;]<\/p>\n","protected":false},"author":1,"featured_media":8298,"comment_status":"closed","ping_status":"closed","sticky":false,"template":"","format":"standard","meta":{"footnotes":""},"categories":[106],"tags":[],"class_list":{"0":"post-8297","1":"post","2":"type-post","3":"status-publish","4":"format-standard","5":"has-post-thumbnail","7":"category-sport"},"_links":{"self":[{"href":"https:\/\/syri.tv\/index.php?rest_route=\/wp\/v2\/posts\/8297","targetHints":{"allow":["GET"]}}],"collection":[{"href":"https:\/\/syri.tv\/index.php?rest_route=\/wp\/v2\/posts"}],"about":[{"href":"https:\/\/syri.tv\/index.php?rest_route=\/wp\/v2\/types\/post"}],"author":[{"embeddable":true,"href":"https:\/\/syri.tv\/index.php?rest_route=\/wp\/v2\/users\/1"}],"replies":[{"embeddable":true,"href":"https:\/\/syri.tv\/index.php?rest_route=%2Fwp%2Fv2%2Fcomments&post=8297"}],"version-history":[{"count":1,"href":"https:\/\/syri.tv\/index.php?rest_route=\/wp\/v2\/posts\/8297\/revisions"}],"predecessor-version":[{"id":8299,"href":"https:\/\/syri.tv\/index.php?rest_route=\/wp\/v2\/posts\/8297\/revisions\/8299"}],"wp:featuredmedia":[{"embeddable":true,"href":"https:\/\/syri.tv\/index.php?rest_route=\/wp\/v2\/media\/8298"}],"wp:attachment":[{"href":"https:\/\/syri.tv\/index.php?rest_route=%2Fwp%2Fv2%2Fmedia&parent=8297"}],"wp:term":[{"taxonomy":"category","embeddable":true,"href":"https:\/\/syri.tv\/index.php?rest_route=%2Fwp%2Fv2%2Fcategories&post=8297"},{"taxonomy":"post_tag","embeddable":true,"href":"https:\/\/syri.tv\/index.php?rest_route=%2Fwp%2Fv2%2Ftags&post=8297"}],"curies":[{"name":"wp","href":"https:\/\/api.w.org\/{rel}","templated":true}]}}