{"id":8294,"date":"2025-11-01T14:18:05","date_gmt":"2025-11-01T14:18:05","guid":{"rendered":"https:\/\/syri.tv\/?p=8294"},"modified":"2025-11-01T14:18:05","modified_gmt":"2025-11-01T14:18:05","slug":"presidenti-kroat-lobon-per-njohjen-e-kosoves-ne-takim-me-papen","status":"publish","type":"post","link":"https:\/\/syri.tv\/?p=8294","title":{"rendered":"Presidenti kroat lobon p\u00ebr njohjen e Kosov\u00ebs n\u00eb takim me Pap\u00ebn"},"content":{"rendered":"<p>Presidenti kroat Zoran Millanoviq po q\u00ebndron p\u00ebr nj\u00eb vizit\u00eb zyrtare n\u00eb Selin\u00eb e Shenjt\u00eb, ku ai dhe bashk\u00ebshortja e tij u prit\u00ebn n\u00eb nj\u00eb audienc\u00eb private nga Papa Leoni XIV.<\/p>\n<p>Ai tha se takimi ishte i mir\u00eb dhe i k\u00ebndsh\u00ebm, teksa shtoi se \u00ebsht\u00eb folur edhe p\u00ebr rajonin.<\/p>\n<p>Duke folur p\u00ebr mediat pas takimit, presidenti kroat u ndal edhe te Kosova, duke p\u00ebrmendur faktin se vendi nuk njihet nga Vatikani.<\/p>\n<p>\u201cSi\u00e7 e dini, Kosova nuk njihet nga Vatikani. Vatikani \u00ebsht\u00eb mjaft konservator n\u00eb k\u00ebto \u00e7\u00ebshtje, ata nuk e njohin leht\u00eb, ata s\u2019e njihnin as NDH-n\u00eb (Shtetin e Pavarur Kroat, si\u00e7 njihej gjat\u00eb Luft\u00ebs s\u00eb Dyt\u00eb Bot\u00ebrore). Por Kosova nuk \u00ebsht\u00eb NDH, Kosova \u00ebsht\u00eb nj\u00eb shtet q\u00eb ne e njoh\u00ebm dhe q\u00eb p\u00ebr fat t\u00eb keq nuk \u00ebsht\u00eb njohur nga pes\u00eb shtete t\u00eb tjera n\u00eb Evrop\u00eb, secili p\u00ebr arsyet e veta, gj\u00eb q\u00eb tregon se shtetet jan\u00eb egoiste dhe t\u00eb orientuara drejt vetes. Kjo \u00ebsht\u00eb n\u00eb fakt gjendja normale e pun\u00ebve, ajo q\u00eb \u00ebsht\u00eb e r\u00ebnd\u00ebsishme \u00ebsht\u00eb q\u00eb ato t\u00eb mos jen\u00eb t\u00eb k\u00ebqija dhe pushtuese dhe v\u00ebshtir\u00eb se mund t\u00eb ndryshoj\u00eb di\u00e7ka, dhe mua m\u00eb vjen keq p\u00ebr k\u00ebt\u00eb, sepse un\u00eb kudo q\u00eb mundem them q\u00eb Kosova duhet t\u00eb njihet. \u00cbsht\u00eb shtet dhe kjo nuk do t\u00eb ndryshoj\u00eb, dhe k\u00ebt\u00eb nuk e them me q\u00ebllim t\u00eb keq kund\u00ebr serb\u00ebve apo Serbis\u00eb, por \u00ebsht\u00eb realitet\u201d, tha Millanoviq.<\/p>\n<div class=\"autors-widget\">\n<div>\n<div>\n<p>\u201cAi reagoi mir\u00eb\u2026 Mendoj se do t\u00eb vij\u00eb n\u00eb Kroaci, por ky \u00ebsht\u00eb Papa. Nuk \u00ebsht\u00eb nj\u00eb rekrutim p\u00ebr nj\u00eb shfaqje talentesh. Askush nuk do ta d\u00ebgjoj\u00eb Pap\u00ebn t\u00eb thot\u00eb \u2018Po vij, s\u2019ka problem\u2019. Por mendoj se do t\u00eb vij\u00eb\u201d, tha presidenti kroat.<\/p>\n<p>Presidenti kroat tha se kan\u00eb folur edhe p\u00ebr rajonin dhe pozicionin e kroat\u00ebve, \u201cpor nuk mund t\u2019ju tregoj detajet sepse ky \u00ebsht\u00eb Vatikani, jo Komisioni Evropian\u201d.<\/p>\n<\/div>\n<\/div>\n<\/div>\n","protected":false},"excerpt":{"rendered":"<p>Presidenti kroat Zoran Millanoviq po q\u00ebndron p\u00ebr nj\u00eb vizit\u00eb zyrtare n\u00eb Selin\u00eb e Shenjt\u00eb, ku ai dhe bashk\u00ebshortja e tij u prit\u00ebn n\u00eb nj\u00eb audienc\u00eb private nga Papa Leoni XIV. Ai tha se takimi ishte i mir\u00eb dhe i k\u00ebndsh\u00ebm, teksa shtoi se \u00ebsht\u00eb folur edhe p\u00ebr rajonin. Duke folur p\u00ebr mediat pas takimit, presidenti [&hellip;]<\/p>\n","protected":false},"author":1,"featured_media":8295,"comment_status":"closed","ping_status":"closed","sticky":false,"template":"","format":"standard","meta":{"footnotes":""},"categories":[105],"tags":[],"class_list":{"0":"post-8294","1":"post","2":"type-post","3":"status-publish","4":"format-standard","5":"has-post-thumbnail","7":"category-europa"},"_links":{"self":[{"href":"https:\/\/syri.tv\/index.php?rest_route=\/wp\/v2\/posts\/8294","targetHints":{"allow":["GET"]}}],"collection":[{"href":"https:\/\/syri.tv\/index.php?rest_route=\/wp\/v2\/posts"}],"about":[{"href":"https:\/\/syri.tv\/index.php?rest_route=\/wp\/v2\/types\/post"}],"author":[{"embeddable":true,"href":"https:\/\/syri.tv\/index.php?rest_route=\/wp\/v2\/users\/1"}],"replies":[{"embeddable":true,"href":"https:\/\/syri.tv\/index.php?rest_route=%2Fwp%2Fv2%2Fcomments&post=8294"}],"version-history":[{"count":1,"href":"https:\/\/syri.tv\/index.php?rest_route=\/wp\/v2\/posts\/8294\/revisions"}],"predecessor-version":[{"id":8296,"href":"https:\/\/syri.tv\/index.php?rest_route=\/wp\/v2\/posts\/8294\/revisions\/8296"}],"wp:featuredmedia":[{"embeddable":true,"href":"https:\/\/syri.tv\/index.php?rest_route=\/wp\/v2\/media\/8295"}],"wp:attachment":[{"href":"https:\/\/syri.tv\/index.php?rest_route=%2Fwp%2Fv2%2Fmedia&parent=8294"}],"wp:term":[{"taxonomy":"category","embeddable":true,"href":"https:\/\/syri.tv\/index.php?rest_route=%2Fwp%2Fv2%2Fcategories&post=8294"},{"taxonomy":"post_tag","embeddable":true,"href":"https:\/\/syri.tv\/index.php?rest_route=%2Fwp%2Fv2%2Ftags&post=8294"}],"curies":[{"name":"wp","href":"https:\/\/api.w.org\/{rel}","templated":true}]}}