{"id":8254,"date":"2025-10-29T13:23:57","date_gmt":"2025-10-29T13:23:57","guid":{"rendered":"https:\/\/syri.tv\/?p=8254"},"modified":"2025-10-29T13:23:57","modified_gmt":"2025-10-29T13:23:57","slug":"gazetaria-mes-zanatit-shkences-dhe-kompromisit","status":"publish","type":"post","link":"https:\/\/syri.tv\/?p=8254","title":{"rendered":"Gazetaria mes zanatit, shkenc\u00ebs dhe kompromisit\u00a0"},"content":{"rendered":"<p style=\"text-align: left;\"><strong>Nj\u00eb reflektim mbi gazetarin\u00eb e sotme \u2013 mes etik\u00ebs, kompromisit dhe mikrofon\u00ebve q\u00eb flasin vet\u00eb.<\/strong><\/p>\n<p style=\"text-align: left;\">Gazetaria \u00ebsht\u00eb nj\u00eb fush\u00eb q\u00eb nuk mund t\u00eb p\u00ebrkufizohet me nj\u00eb fjal\u00eb t\u00eb vetme. Ajo \u00ebsht\u00eb nj\u00eb zanat q\u00eb m\u00ebsohet n\u00eb terren, nj\u00eb shkenc\u00eb q\u00eb studiohet n\u00eb auditor, dhe nj\u00eb profesion publik q\u00eb k\u00ebrkon kuraj\u00eb, etik\u00eb dhe p\u00ebrgjegj\u00ebsi. Por n\u00eb realitetin mediatik t\u00eb sot\u00ebm, ajo shpesh shnd\u00ebrrohet n\u00eb nj\u00eb skenar t\u00eb gatsh\u00ebm, ku mikrofoni flet vet\u00eb dhe gazetari hesht.<\/p>\n<p style=\"text-align: left;\"><strong>Gazetaria si disiplin\u00eb akademike <\/strong><\/p>\n<p style=\"text-align: left;\">N\u00eb universitete, gazetaria trajtohet si pjes\u00eb e shkencave t\u00eb komunikimit, shkencave sociale dhe studimeve mediatike. Ajo p\u00ebrfshin:<\/p>\n<p style=\"text-align: left;\">&#8211; Teori t\u00eb informacionit dhe komunikimit masiv<\/p>\n<p style=\"text-align: left;\">&#8211; Etik\u00eb profesionale dhe verifikim faktesh<\/p>\n<p style=\"text-align: left;\">&#8211; Analiz\u00eb t\u00eb diskursit dhe ndikimit publik<\/p>\n<p style=\"text-align: left;\">&#8211; Studime mbi propagand\u00ebn, dezinformimin dhe rolin e medias n\u00eb demokraci<\/p>\n<p style=\"text-align: left;\">Kjo e b\u00ebn gazetarin\u00eb nj\u00eb fush\u00eb q\u00eb k\u00ebrkon formim t\u00eb strukturuar, aft\u00ebsi kritike dhe nd\u00ebrgjegje qytetare.<\/p>\n<p style=\"text-align: left;\"><strong>Gazetaria si zanat <\/strong><\/p>\n<p style=\"text-align: left;\">P\u00ebrtej auditorit, gazetaria \u00ebsht\u00eb nj\u00eb zanat q\u00eb m\u00ebsohet me p\u00ebrvoj\u00eb:<\/p>\n<p style=\"text-align: left;\">&#8211; Raportim nga terreni<\/p>\n<p style=\"text-align: left;\">&#8211; Intervistim dhe nd\u00ebrtim narrative<\/p>\n<p style=\"text-align: left;\">&#8211; Redaktim, titullim dhe ndjeshm\u00ebri ndaj kontekstit<\/p>\n<p style=\"text-align: left;\">&#8211; Aft\u00ebsi p\u00ebr t\u00eb dalluar lajmin nga zhurma<\/p>\n<p style=\"text-align: left;\">Zanati i gazetarit nuk \u00ebsht\u00eb thjesht teknik \u2014 \u00ebsht\u00eb moral. Ai k\u00ebrkon ndershm\u00ebri, pavar\u00ebsi dhe refuzim t\u00eb kompromisit, sidomos kur \u201cofertat\u201d jan\u00eb t\u00eb shumta.<\/p>\n<p style=\"text-align: left;\"><strong>Gazetaria si profesion publik <\/strong><\/p>\n<p style=\"text-align: left;\">Gazetaria \u00ebsht\u00eb nj\u00eb mision demokratik. Ajo nuk \u00ebsht\u00eb z\u00ebdh\u00ebn\u00ebse e pushtetit, por z\u00eb i qytetarit. Profesioni i gazetarit k\u00ebrkon:<\/p>\n<p style=\"text-align: left;\">&#8211; Pavar\u00ebsi nga interesat politike dhe ekonomike<\/p>\n<p style=\"text-align: left;\">&#8211; Kuraj\u00eb p\u00ebr t\u00eb raportuar t\u00eb v\u00ebrtet\u00ebn, edhe kur \u00ebsht\u00eb e pak\u00ebndshme<\/p>\n<p style=\"text-align: left;\">&#8211; Aft\u00ebsi p\u00ebr t\u00eb mbajtur ekuilibrin mes informimit dhe ndikimit<\/p>\n<p style=\"text-align: left;\">N\u00eb nj\u00eb koh\u00eb kur disa media shnd\u00ebrrohen n\u00eb platforma propagandistike, gazetaria e v\u00ebrtet\u00eb \u00ebsht\u00eb ajo q\u00eb nuk ka tel n\u00eb priz\u00eb.<\/p>\n<p style=\"text-align: left;\"><strong>Kur mikrofoni flet vet\u00eb, gazetaria hesht<\/strong><\/p>\n<blockquote><p><img loading=\"lazy\" loading=\"lazy\" decoding=\"async\" class=\"alignnone size-medium wp-image-8255 alignleft\" src=\"https:\/\/syri.tv\/wp-content\/uploads\/2025\/10\/copilot_image_1761740479325-300x300.png\" alt=\"\" width=\"300\" height=\"300\" srcset=\"https:\/\/syri.tv\/wp-content\/uploads\/2025\/10\/copilot_image_1761740479325-300x300.png 300w, https:\/\/syri.tv\/wp-content\/uploads\/2025\/10\/copilot_image_1761740479325-150x150.png 150w, https:\/\/syri.tv\/wp-content\/uploads\/2025\/10\/copilot_image_1761740479325-768x768.png 768w, https:\/\/syri.tv\/wp-content\/uploads\/2025\/10\/copilot_image_1761740479325-860x860.png 860w, https:\/\/syri.tv\/wp-content\/uploads\/2025\/10\/copilot_image_1761740479325.png 1024w\" sizes=\"auto, (max-width: 300px) 100vw, 300px\" \/><\/p><\/blockquote>\n<p style=\"text-align: left;\">Sot, po shohim gjithnj\u00eb e m\u00eb shum\u00eb mikrofon\u00eb q\u00eb flasin vet\u00eb, nd\u00ebrsa gazetari \u00ebsht\u00eb i lidhur me tela \u2014 i heshtur, i kontrolluar.<\/p>\n<p style=\"text-align: left;\">N\u00eb sfond, nj\u00eb ekran transmeton \u201canaliz\u00eb\u201d t\u00eb paem\u00ebrtuar, por e qart\u00eb n\u00eb q\u00ebllim.<\/p>\n<p style=\"text-align: left;\">Hijet q\u00eb t\u00ebrheqin fijet nuk kan\u00eb emra, por kan\u00eb ndikim.<\/p>\n<p style=\"text-align: left;\">Disa analiza nuk k\u00ebrkojn\u00eb mendim \u2013 ve\u00e7 nj\u00eb skenar t\u00eb gatsh\u00ebm dhe nj\u00eb tel t\u00eb lidhur mir\u00eb.<\/p>\n<p style=\"text-align: left;\"><strong>Populli e sheh. E kupton. E mban mend. <\/strong><\/p>\n<p style=\"text-align: left;\">Gazetaria nuk \u00ebsht\u00eb p\u00ebr ata q\u00eb flasin me z\u00eb t\u00eb huaj.<\/p>\n<p style=\"text-align: left;\">\u00cbsht\u00eb p\u00ebr ata q\u00eb guxojn\u00eb t\u00eb flasin me z\u00ebrin e vet.<\/p>\n<p style=\"text-align: left;\">Dhe p\u00ebr ata q\u00eb nuk harrojn\u00eb se mikrofon\u00ebt nuk jan\u00eb lodra \u2013 <strong>jan\u00eb p\u00ebrgjegj\u00ebsi<\/strong>.<\/p>\n<p style=\"text-align: left;\">\n","protected":false},"excerpt":{"rendered":"<p>Nj\u00eb reflektim mbi gazetarin\u00eb e sotme \u2013 mes etik\u00ebs, kompromisit dhe mikrofon\u00ebve q\u00eb flasin vet\u00eb. Gazetaria \u00ebsht\u00eb nj\u00eb fush\u00eb q\u00eb nuk mund t\u00eb p\u00ebrkufizohet me nj\u00eb fjal\u00eb t\u00eb vetme. Ajo \u00ebsht\u00eb nj\u00eb zanat q\u00eb m\u00ebsohet n\u00eb terren, nj\u00eb shkenc\u00eb q\u00eb studiohet n\u00eb auditor, dhe nj\u00eb profesion publik q\u00eb k\u00ebrkon kuraj\u00eb, etik\u00eb dhe p\u00ebrgjegj\u00ebsi. Por n\u00eb [&hellip;]<\/p>\n","protected":false},"author":7,"featured_media":8256,"comment_status":"closed","ping_status":"closed","sticky":false,"template":"","format":"standard","meta":{"footnotes":""},"categories":[9],"tags":[],"class_list":{"0":"post-8254","1":"post","2":"type-post","3":"status-publish","4":"format-standard","5":"has-post-thumbnail","7":"category-vendi"},"_links":{"self":[{"href":"https:\/\/syri.tv\/index.php?rest_route=\/wp\/v2\/posts\/8254","targetHints":{"allow":["GET"]}}],"collection":[{"href":"https:\/\/syri.tv\/index.php?rest_route=\/wp\/v2\/posts"}],"about":[{"href":"https:\/\/syri.tv\/index.php?rest_route=\/wp\/v2\/types\/post"}],"author":[{"embeddable":true,"href":"https:\/\/syri.tv\/index.php?rest_route=\/wp\/v2\/users\/7"}],"replies":[{"embeddable":true,"href":"https:\/\/syri.tv\/index.php?rest_route=%2Fwp%2Fv2%2Fcomments&post=8254"}],"version-history":[{"count":2,"href":"https:\/\/syri.tv\/index.php?rest_route=\/wp\/v2\/posts\/8254\/revisions"}],"predecessor-version":[{"id":8258,"href":"https:\/\/syri.tv\/index.php?rest_route=\/wp\/v2\/posts\/8254\/revisions\/8258"}],"wp:featuredmedia":[{"embeddable":true,"href":"https:\/\/syri.tv\/index.php?rest_route=\/wp\/v2\/media\/8256"}],"wp:attachment":[{"href":"https:\/\/syri.tv\/index.php?rest_route=%2Fwp%2Fv2%2Fmedia&parent=8254"}],"wp:term":[{"taxonomy":"category","embeddable":true,"href":"https:\/\/syri.tv\/index.php?rest_route=%2Fwp%2Fv2%2Fcategories&post=8254"},{"taxonomy":"post_tag","embeddable":true,"href":"https:\/\/syri.tv\/index.php?rest_route=%2Fwp%2Fv2%2Ftags&post=8254"}],"curies":[{"name":"wp","href":"https:\/\/api.w.org\/{rel}","templated":true}]}}