{"id":8216,"date":"2025-10-26T18:55:01","date_gmt":"2025-10-26T18:55:01","guid":{"rendered":"https:\/\/syri.tv\/?p=8216"},"modified":"2025-10-27T06:52:08","modified_gmt":"2025-10-27T06:52:08","slug":"fc-kosova-eshte-fituese-e-kupes-se-diaspores-2025","status":"publish","type":"post","link":"https:\/\/syri.tv\/?p=8216","title":{"rendered":"FC Kosova nga Gjeneva e Zvicr\u00ebs \u00ebsht\u00eb fituese e Kup\u00ebs s\u00eb Diaspor\u00ebs 2025"},"content":{"rendered":"<p><strong>Nj\u00eb ndeshje e madhe e futbollit, plot emocione tek lojtar\u00ebt n\u00eb fush\u00eb dhe bankat rezerv\u00eb t\u00eb dy ekipeve, p\u00ebr t\u00eb fituar Kup\u00ebn e Diaspor\u00ebs q\u00eb \u00ebsht\u00eb tejet e r\u00ebnd\u00ebsishme p\u00ebr t\u00eb dy klubet.<\/strong><\/p>\n<p><img loading=\"lazy\" loading=\"lazy\" decoding=\"async\" class=\"alignnone size-medium wp-image-8218\" src=\"https:\/\/syri.tv\/wp-content\/uploads\/2025\/10\/IMG-20251026-WA0002-300x225.jpg\" alt=\"\" width=\"300\" height=\"225\" srcset=\"https:\/\/syri.tv\/wp-content\/uploads\/2025\/10\/IMG-20251026-WA0002-300x225.jpg 300w, https:\/\/syri.tv\/wp-content\/uploads\/2025\/10\/IMG-20251026-WA0002-1024x768.jpg 1024w, https:\/\/syri.tv\/wp-content\/uploads\/2025\/10\/IMG-20251026-WA0002-768x576.jpg 768w, https:\/\/syri.tv\/wp-content\/uploads\/2025\/10\/IMG-20251026-WA0002-1536x1152.jpg 1536w, https:\/\/syri.tv\/wp-content\/uploads\/2025\/10\/IMG-20251026-WA0002-2048x1536.jpg 2048w, https:\/\/syri.tv\/wp-content\/uploads\/2025\/10\/IMG-20251026-WA0002-860x645.jpg 860w\" sizes=\"auto, (max-width: 300px) 100vw, 300px\" \/><\/p>\n<p>FC Kosova nga D\u00fcsseldorfi ishte nikoqire e k\u00ebsaj Kupe kund\u00ebr FC Kosova nga Gjeneva e Zvicr\u00ebs, t\u00eb organizuar nga Federata e Futbollit Shqiptar n\u00eb Gjermani dhe Unioni i Klubeve Shqiptare t\u00eb Futbollit n\u00eb Zvic\u00ebr, t\u00eb cil\u00ebt jan\u00eb n\u00ebn ombrell\u00ebn e FFK-s\u00eb dhe t\u00eb mb\u00ebshtetur edhe nga MPJD.<\/p>\n<p>FC Kosova D\u00fcsseldorf kaloi n\u00eb ep\u00ebrsi n\u00eb minut\u00ebn e 17-t\u00eb pas nj\u00eb kombinimi tep\u00ebr t\u00eb mir\u00eb. M\u00eb pas loja zhvillohej me pasime t\u00eb shkurtra dhe FC Kosova Gjenev\u00eb disa her\u00eb kishte shansin p\u00ebr ta barazuar. N\u00eb pjes\u00ebn e dyt\u00eb, FC Kosova Gjenev\u00eb arriti t\u00eb p\u00ebrmbys\u00eb rezultatin me dy gola t\u00eb sh\u00ebnuar, duke e mbyllur ndeshjen me rezultat 1 : 2. Gjat\u00eb loj\u00ebs, FC Kosova Gjenev\u00eb humbi edhe nj\u00eb penallti.<\/p>\n<p><strong>Kur FC Kosova p\u00ebrballon FC Kosov\u00ebn, nuk \u00ebsht\u00eb thjesht ndeshje\u2014\u00ebsht\u00eb pasqyr\u00eb e shpirtit t\u00eb diaspor\u00ebs q\u00eb flet me nj\u00eb em\u00ebr, por luan me dy zemra.<\/strong><\/p>\n<p><img loading=\"lazy\" loading=\"lazy\" decoding=\"async\" class=\"alignnone size-medium wp-image-8224\" src=\"https:\/\/syri.tv\/wp-content\/uploads\/2025\/10\/IMG-20251026-WA0051-300x225.jpg\" alt=\"\" width=\"300\" height=\"225\" srcset=\"https:\/\/syri.tv\/wp-content\/uploads\/2025\/10\/IMG-20251026-WA0051-300x225.jpg 300w, https:\/\/syri.tv\/wp-content\/uploads\/2025\/10\/IMG-20251026-WA0051-1024x768.jpg 1024w, https:\/\/syri.tv\/wp-content\/uploads\/2025\/10\/IMG-20251026-WA0051-768x576.jpg 768w, https:\/\/syri.tv\/wp-content\/uploads\/2025\/10\/IMG-20251026-WA0051-1536x1152.jpg 1536w, https:\/\/syri.tv\/wp-content\/uploads\/2025\/10\/IMG-20251026-WA0051-2048x1536.jpg 2048w, https:\/\/syri.tv\/wp-content\/uploads\/2025\/10\/IMG-20251026-WA0051-860x645.jpg 860w\" sizes=\"auto, (max-width: 300px) 100vw, 300px\" \/><\/p>\n<p>Kup\u00ebn e Diaspor\u00ebs ia dor\u00ebzoi Kryetari i FFK-s\u00eb, z. Agim Ademi, kapitenit t\u00eb ekipit FC Kosova Gjenev\u00eb.<\/p>\n<p>N\u00eb fush\u00eb u ndan\u00eb edhe mir\u00ebnjohje p\u00ebr klubet dhe organizator\u00ebt, si ajo e FFSHGJ-s\u00eb nga z. Enver Muzliukaj dhe Kryetari i UKSHFZ-s\u00eb, z. Feti Demoli.<\/p>\n<p><img loading=\"lazy\" loading=\"lazy\" decoding=\"async\" class=\"alignnone size-medium wp-image-8227\" src=\"https:\/\/syri.tv\/wp-content\/uploads\/2025\/10\/IMG-20251026-WA00161-300x285.jpg\" alt=\"\" width=\"300\" height=\"285\" srcset=\"https:\/\/syri.tv\/wp-content\/uploads\/2025\/10\/IMG-20251026-WA00161-300x285.jpg 300w, https:\/\/syri.tv\/wp-content\/uploads\/2025\/10\/IMG-20251026-WA00161-1024x972.jpg 1024w, https:\/\/syri.tv\/wp-content\/uploads\/2025\/10\/IMG-20251026-WA00161-768x729.jpg 768w, https:\/\/syri.tv\/wp-content\/uploads\/2025\/10\/IMG-20251026-WA00161-1536x1458.jpg 1536w, https:\/\/syri.tv\/wp-content\/uploads\/2025\/10\/IMG-20251026-WA00161-2048x1944.jpg 2048w, https:\/\/syri.tv\/wp-content\/uploads\/2025\/10\/IMG-20251026-WA00161-860x816.jpg 860w\" sizes=\"auto, (max-width: 300px) 100vw, 300px\" \/><\/p>\n<p>Ndeshja \u00ebsht\u00eb filmuar edhe nga TV SYRI n\u00eb Zvic\u00ebr, q\u00eb s\u00eb shpejti do t\u00eb kemi mund\u00ebsin\u00eb ta p\u00ebrcjellim: ndeshjen e plot\u00eb dhe intervistat me organizator\u00ebt, kryesit\u00eb e klubeve dhe lojtar\u00ebt.<\/p>\n<p>Duhet cekur se Finalja Kosov\u00eb\u2013Diaspor\u00eb n\u00eb muajin n\u00ebntor zhvillohet mes FC Prishtina nga Kosova dhe FC Kosova Gjenev\u00eb.<\/p>\n<p>Nj\u00eb njoftim p\u00ebr adhuruesit e klubeve t\u00eb futbollit n\u00eb diaspor\u00eb, por edhe lexuesit n\u00eb p\u00ebrgjith\u00ebsi: FC Kosova nga D\u00fcsseldorfi ishte fituese e Kup\u00ebs s\u00eb Klubeve Shqiptare n\u00eb Gjermani, dhe FC Kosova nga Gjeneva fituese e Kup\u00ebs n\u00eb Zvic\u00ebr.<\/p>\n<p>N\u00eb marr\u00ebveshje t\u00eb p\u00ebrbashk\u00ebt t\u00eb dy federatave, u vendos q\u00eb kjo finale e madhe t\u00eb zhvillohet n\u00eb Gjermani, dhe i dhan\u00eb epitetin e nikoqirit FC Kosova D\u00fcsseldorf.<\/p>\n<p>Ekipi FC Kosova nga Gjeneva, bashk\u00eb me kryesin\u00eb e ngusht\u00eb t\u00eb Unionit dhe Kryetarin Feti Demoli, t\u00eb shtun\u00ebn arrit\u00ebn n\u00eb D\u00fcsseldorf dhe u mir\u00ebprit\u00ebn nga FFSHGJ dhe i gjith\u00eb stafi i v\u00ebllez\u00ebrve t\u00eb FC Kosova nga D\u00fcsseldorf, t\u00eb cil\u00ebt shtruan dark\u00eb dhe akomodimin p\u00ebr t\u00eb gjith\u00eb. UKSHFZ dhe FC Kosova Gjenev\u00eb i fal\u00ebnderojn\u00eb p\u00ebrzem\u00ebrsisht p\u00ebr mikpritjen bujare dhe shqiptare.<\/p>\n","protected":false},"excerpt":{"rendered":"<p>Nj\u00eb ndeshje e madhe e futbollit, plot emocione tek lojtar\u00ebt n\u00eb fush\u00eb dhe bankat rezerv\u00eb t\u00eb dy ekipeve, p\u00ebr t\u00eb fituar Kup\u00ebn e Diaspor\u00ebs q\u00eb \u00ebsht\u00eb tejet e r\u00ebnd\u00ebsishme p\u00ebr t\u00eb dy klubet. FC Kosova nga D\u00fcsseldorfi ishte nikoqire e k\u00ebsaj Kupe kund\u00ebr FC Kosova nga Gjeneva e Zvicr\u00ebs, t\u00eb organizuar nga Federata e Futbollit [&hellip;]<\/p>\n","protected":false},"author":7,"featured_media":8220,"comment_status":"closed","ping_status":"closed","sticky":false,"template":"","format":"standard","meta":{"footnotes":""},"categories":[106],"tags":[],"class_list":{"0":"post-8216","1":"post","2":"type-post","3":"status-publish","4":"format-standard","5":"has-post-thumbnail","7":"category-sport"},"_links":{"self":[{"href":"https:\/\/syri.tv\/index.php?rest_route=\/wp\/v2\/posts\/8216","targetHints":{"allow":["GET"]}}],"collection":[{"href":"https:\/\/syri.tv\/index.php?rest_route=\/wp\/v2\/posts"}],"about":[{"href":"https:\/\/syri.tv\/index.php?rest_route=\/wp\/v2\/types\/post"}],"author":[{"embeddable":true,"href":"https:\/\/syri.tv\/index.php?rest_route=\/wp\/v2\/users\/7"}],"replies":[{"embeddable":true,"href":"https:\/\/syri.tv\/index.php?rest_route=%2Fwp%2Fv2%2Fcomments&post=8216"}],"version-history":[{"count":2,"href":"https:\/\/syri.tv\/index.php?rest_route=\/wp\/v2\/posts\/8216\/revisions"}],"predecessor-version":[{"id":8229,"href":"https:\/\/syri.tv\/index.php?rest_route=\/wp\/v2\/posts\/8216\/revisions\/8229"}],"wp:featuredmedia":[{"embeddable":true,"href":"https:\/\/syri.tv\/index.php?rest_route=\/wp\/v2\/media\/8220"}],"wp:attachment":[{"href":"https:\/\/syri.tv\/index.php?rest_route=%2Fwp%2Fv2%2Fmedia&parent=8216"}],"wp:term":[{"taxonomy":"category","embeddable":true,"href":"https:\/\/syri.tv\/index.php?rest_route=%2Fwp%2Fv2%2Fcategories&post=8216"},{"taxonomy":"post_tag","embeddable":true,"href":"https:\/\/syri.tv\/index.php?rest_route=%2Fwp%2Fv2%2Ftags&post=8216"}],"curies":[{"name":"wp","href":"https:\/\/api.w.org\/{rel}","templated":true}]}}