{"id":8210,"date":"2025-10-26T13:24:08","date_gmt":"2025-10-26T13:24:08","guid":{"rendered":"https:\/\/syri.tv\/?p=8210"},"modified":"2025-10-26T13:24:08","modified_gmt":"2025-10-26T13:24:08","slug":"fatmir-spahiu-bufi-minister-i-kultures-dhe-turizmit","status":"publish","type":"post","link":"https:\/\/syri.tv\/?p=8210","title":{"rendered":"Fatmir Spahiu \u201cBufi\u201d Minist\u00ebr i Kultur\u00ebs dhe Turizmit"},"content":{"rendered":"<p>Fatmir Spahiu \u201cBufi\u201d refuzon politik\u00ebn, por jo kontributin: \u201cDo t\u00eb punoj p\u00ebr Kosov\u00ebn, edhe kur nuk m\u00eb k\u00ebrkohet\u201d<\/p>\n<p><img loading=\"lazy\" loading=\"lazy\" decoding=\"async\" class=\"alignnone size-medium wp-image-8211\" src=\"https:\/\/syri.tv\/wp-content\/uploads\/2025\/10\/FB_IMG_1761484759523-300x300.jpg\" alt=\"\" width=\"300\" height=\"300\" srcset=\"https:\/\/syri.tv\/wp-content\/uploads\/2025\/10\/FB_IMG_1761484759523-300x300.jpg 300w, https:\/\/syri.tv\/wp-content\/uploads\/2025\/10\/FB_IMG_1761484759523-150x150.jpg 150w, https:\/\/syri.tv\/wp-content\/uploads\/2025\/10\/FB_IMG_1761484759523-768x768.jpg 768w, https:\/\/syri.tv\/wp-content\/uploads\/2025\/10\/FB_IMG_1761484759523-860x860.jpg 860w, https:\/\/syri.tv\/wp-content\/uploads\/2025\/10\/FB_IMG_1761484759523.jpg 960w\" sizes=\"auto, (max-width: 300px) 100vw, 300px\" \/><\/p>\n<p>N\u00eb nj\u00eb m\u00ebngjes vjeshte n\u00eb Prishtin\u00eb, aktori i njohur Fatmir Spahiu \u2013 i njohur p\u00ebr publikun si \u201cBufi\u201d \u2013 ka ndar\u00eb nj\u00eb reflektim t\u00eb sinqert\u00eb dhe plot humor p\u00ebr ftes\u00ebn q\u00eb kishte marr\u00eb nga Kryeministri Albin Kurti p\u00ebr t\u00eb qen\u00eb Minist\u00ebr i Kultur\u00ebs dhe Turizmit.<\/p>\n<p>Spahiu konfirmon se kishte pranuar ftes\u00ebn me bindje t\u00eb plot\u00eb se do ta kryente me p\u00ebrkushtim k\u00ebt\u00eb detyr\u00eb, duke e cil\u00ebsuar si nder p\u00ebrzgjedhjen e nj\u00eb profesionisti jasht\u00eb partive politike. Por, meq\u00eb Qeveria nuk u votua, ai mbetet jasht\u00eb kabinetit t\u00eb ri.<\/p>\n<p><img loading=\"lazy\" loading=\"lazy\" decoding=\"async\" class=\"alignnone size-medium wp-image-8212\" src=\"https:\/\/syri.tv\/wp-content\/uploads\/2025\/10\/FB_IMG_1761484795367-240x300.jpg\" alt=\"\" width=\"240\" height=\"300\" srcset=\"https:\/\/syri.tv\/wp-content\/uploads\/2025\/10\/FB_IMG_1761484795367-240x300.jpg 240w, https:\/\/syri.tv\/wp-content\/uploads\/2025\/10\/FB_IMG_1761484795367.jpg 476w\" sizes=\"auto, (max-width: 240px) 100vw, 240px\" \/><\/p>\n<p>\u201cSi Buf, do t\u00eb vazhdoj kontributin tim aty ku e shoh q\u00eb e kam vendin, edhe at\u00ebher\u00eb kur nuk m\u00eb k\u00ebrkohet,\u201d shkruan ai, duke ruajtur tonin e tij t\u00eb but\u00eb, ironik dhe t\u00eb p\u00ebrzem\u00ebrt.<\/p>\n<p>N\u00eb postimin e tij, Spahiu fal\u00ebnderon Kryeministrin p\u00ebr besimin dhe shpreh mir\u00ebnjohje p\u00ebr mund\u00ebsin\u00eb, nd\u00ebrsa nuk harron t\u00eb p\u00ebrmend\u00eb me humor edhe sfidat e drejtshkrimit dhe teknologjis\u00eb: \u201cDoren n\u00eb zem\u00ebr, prites pak me shkru me \u2018\u00eb\u2019 \u2013 ja rregullisht, plus ish dasht me pagu ChatGPT Pro.\u201d<\/p>\n<p>Ky moment tregon se figurat publike jasht\u00eb politik\u00ebs mund t\u00eb jen\u00eb t\u00eb gatshme p\u00ebr kontribut institucional, por sistemi politik shpesh nuk i p\u00ebrfshin.<\/p>\n<p>Spahiu mbetet shembull i qytetarit aktiv, q\u00eb promovon gjuh\u00ebn e respektit dhe angazhimin p\u00ebr Kosov\u00ebn, edhe jasht\u00eb zyrave.<\/p>\n<p>Postimi i tij \u00ebsht\u00eb nj\u00eb kombinim i sinqeritetit, humorit dhe reflektimit, q\u00eb flet m\u00eb shum\u00eb se shum\u00eb deklarata zyrtare.<\/p>\n","protected":false},"excerpt":{"rendered":"<p>Fatmir Spahiu \u201cBufi\u201d refuzon politik\u00ebn, por jo kontributin: \u201cDo t\u00eb punoj p\u00ebr Kosov\u00ebn, edhe kur nuk m\u00eb k\u00ebrkohet\u201d N\u00eb nj\u00eb m\u00ebngjes vjeshte n\u00eb Prishtin\u00eb, aktori i njohur Fatmir Spahiu \u2013 i njohur p\u00ebr publikun si \u201cBufi\u201d \u2013 ka ndar\u00eb nj\u00eb reflektim t\u00eb sinqert\u00eb dhe plot humor p\u00ebr ftes\u00ebn q\u00eb kishte marr\u00eb nga Kryeministri Albin Kurti [&hellip;]<\/p>\n","protected":false},"author":7,"featured_media":8213,"comment_status":"closed","ping_status":"closed","sticky":false,"template":"","format":"standard","meta":{"footnotes":""},"categories":[9],"tags":[],"class_list":{"0":"post-8210","1":"post","2":"type-post","3":"status-publish","4":"format-standard","5":"has-post-thumbnail","7":"category-vendi"},"_links":{"self":[{"href":"https:\/\/syri.tv\/index.php?rest_route=\/wp\/v2\/posts\/8210","targetHints":{"allow":["GET"]}}],"collection":[{"href":"https:\/\/syri.tv\/index.php?rest_route=\/wp\/v2\/posts"}],"about":[{"href":"https:\/\/syri.tv\/index.php?rest_route=\/wp\/v2\/types\/post"}],"author":[{"embeddable":true,"href":"https:\/\/syri.tv\/index.php?rest_route=\/wp\/v2\/users\/7"}],"replies":[{"embeddable":true,"href":"https:\/\/syri.tv\/index.php?rest_route=%2Fwp%2Fv2%2Fcomments&post=8210"}],"version-history":[{"count":1,"href":"https:\/\/syri.tv\/index.php?rest_route=\/wp\/v2\/posts\/8210\/revisions"}],"predecessor-version":[{"id":8214,"href":"https:\/\/syri.tv\/index.php?rest_route=\/wp\/v2\/posts\/8210\/revisions\/8214"}],"wp:featuredmedia":[{"embeddable":true,"href":"https:\/\/syri.tv\/index.php?rest_route=\/wp\/v2\/media\/8213"}],"wp:attachment":[{"href":"https:\/\/syri.tv\/index.php?rest_route=%2Fwp%2Fv2%2Fmedia&parent=8210"}],"wp:term":[{"taxonomy":"category","embeddable":true,"href":"https:\/\/syri.tv\/index.php?rest_route=%2Fwp%2Fv2%2Fcategories&post=8210"},{"taxonomy":"post_tag","embeddable":true,"href":"https:\/\/syri.tv\/index.php?rest_route=%2Fwp%2Fv2%2Ftags&post=8210"}],"curies":[{"name":"wp","href":"https:\/\/api.w.org\/{rel}","templated":true}]}}