{"id":8200,"date":"2025-10-25T21:24:17","date_gmt":"2025-10-25T21:24:17","guid":{"rendered":"https:\/\/syri.tv\/?p=8200"},"modified":"2025-10-25T21:24:17","modified_gmt":"2025-10-25T21:24:17","slug":"kur-fjala-nuk-trembet-xhafer-tahiri-dhe-guximi-per-transparence","status":"publish","type":"post","link":"https:\/\/syri.tv\/?p=8200","title":{"rendered":"Kur fjala nuk trembet \u2013 Xhafer Tahiri dhe guximi p\u00ebr transparenc\u00eb"},"content":{"rendered":"<p>N\u00eb nj\u00eb koh\u00eb kur heshtja \u00ebsht\u00eb b\u00ebr\u00eb strategji politike, Xhafer Tahiri zgjodhi t\u00eb flas\u00eb. Marr\u00ebveshja e tij me Vet\u00ebvendosjen p\u00ebr balotazhin n\u00eb Vushtrri nuk ishte akt i nj\u00ebansh\u00ebm, por u b\u00eb me koordinim t\u00eb plot\u00eb me strukturat lokale dhe me miratimin e Kryesis\u00eb Qendrore t\u00eb LDK-s\u00eb. Por\u00a0 kryesia ndryshoi q\u00ebndrim dhe k\u00ebrkoi q\u00eb marr\u00ebveshja t\u00eb mos b\u00ebhej publike.<\/p>\n<p>Tahiri nuk pranoi t\u00eb hesht\u00eb. Ai publikoi bisedat me kryetarin Lumir Abdixhiku, duke d\u00ebshmuar se k\u00ebrkesa p\u00ebr fshehje nuk ishte e tij. N\u00eb vend t\u00eb protagonizmit, ai zgjodhi transparenc\u00ebn. N\u00eb vend t\u00eb n\u00ebnshtrimit, dinjitetin.<\/p>\n<p>Fyerjet q\u00eb mori publikisht nga kryetari i partis\u00eb duke u quajtur \u201cqyqan\u201d dhe \u201ci n\u00ebnshtruar\u201d nuk e ndal\u00ebn. Ai tha qart\u00eb: \u201cLideri i mir\u00eb nuk e kall\u00eb sht\u00ebpin\u00eb e tij.\u201d<\/p>\n<p>Nga diaspora shqiptare, p\u00ebrkrahja p\u00ebr Tahirin \u00ebsht\u00eb rritur. Jo p\u00ebr marr\u00ebveshjen, por p\u00ebr kuraj\u00ebn p\u00ebr t\u00eb mbrojtur t\u00eb v\u00ebrtet\u00ebn. P\u00ebr faktin q\u00eb nuk pranoi t\u00eb b\u00ebhej pjes\u00eb e heshtjes kolektive.<\/p>\n<p>N\u00eb nj\u00eb koh\u00eb kur shum\u00eb politikan\u00eb zgjedhin t\u00eb ruajn\u00eb pozitat, Xhafer Tahiri zgjodhi t\u00eb ruaj\u00eb parimet.<\/p>\n<p>&nbsp;<\/p>\n<p>&nbsp;<\/p>\n<p>&nbsp;<\/p>\n<p>&nbsp;<\/p>\n","protected":false},"excerpt":{"rendered":"<p>N\u00eb nj\u00eb koh\u00eb kur heshtja \u00ebsht\u00eb b\u00ebr\u00eb strategji politike, Xhafer Tahiri zgjodhi t\u00eb flas\u00eb. Marr\u00ebveshja e tij me Vet\u00ebvendosjen p\u00ebr balotazhin n\u00eb Vushtrri nuk ishte akt i nj\u00ebansh\u00ebm, por u b\u00eb me koordinim t\u00eb plot\u00eb me strukturat lokale dhe me miratimin e Kryesis\u00eb Qendrore t\u00eb LDK-s\u00eb. Por\u00a0 kryesia ndryshoi q\u00ebndrim dhe k\u00ebrkoi q\u00eb marr\u00ebveshja t\u00eb [&hellip;]<\/p>\n","protected":false},"author":7,"featured_media":8201,"comment_status":"closed","ping_status":"closed","sticky":false,"template":"","format":"standard","meta":{"footnotes":""},"categories":[9],"tags":[],"class_list":{"0":"post-8200","1":"post","2":"type-post","3":"status-publish","4":"format-standard","5":"has-post-thumbnail","7":"category-vendi"},"_links":{"self":[{"href":"https:\/\/syri.tv\/index.php?rest_route=\/wp\/v2\/posts\/8200","targetHints":{"allow":["GET"]}}],"collection":[{"href":"https:\/\/syri.tv\/index.php?rest_route=\/wp\/v2\/posts"}],"about":[{"href":"https:\/\/syri.tv\/index.php?rest_route=\/wp\/v2\/types\/post"}],"author":[{"embeddable":true,"href":"https:\/\/syri.tv\/index.php?rest_route=\/wp\/v2\/users\/7"}],"replies":[{"embeddable":true,"href":"https:\/\/syri.tv\/index.php?rest_route=%2Fwp%2Fv2%2Fcomments&post=8200"}],"version-history":[{"count":2,"href":"https:\/\/syri.tv\/index.php?rest_route=\/wp\/v2\/posts\/8200\/revisions"}],"predecessor-version":[{"id":8205,"href":"https:\/\/syri.tv\/index.php?rest_route=\/wp\/v2\/posts\/8200\/revisions\/8205"}],"wp:featuredmedia":[{"embeddable":true,"href":"https:\/\/syri.tv\/index.php?rest_route=\/wp\/v2\/media\/8201"}],"wp:attachment":[{"href":"https:\/\/syri.tv\/index.php?rest_route=%2Fwp%2Fv2%2Fmedia&parent=8200"}],"wp:term":[{"taxonomy":"category","embeddable":true,"href":"https:\/\/syri.tv\/index.php?rest_route=%2Fwp%2Fv2%2Fcategories&post=8200"},{"taxonomy":"post_tag","embeddable":true,"href":"https:\/\/syri.tv\/index.php?rest_route=%2Fwp%2Fv2%2Ftags&post=8200"}],"curies":[{"name":"wp","href":"https:\/\/api.w.org\/{rel}","templated":true}]}}