{"id":8191,"date":"2025-10-22T16:57:04","date_gmt":"2025-10-22T16:57:04","guid":{"rendered":"https:\/\/syri.tv\/?p=8191"},"modified":"2025-10-22T16:57:04","modified_gmt":"2025-10-22T16:57:04","slug":"fc-kosova-gjeneve-shans-historike-per-ta-fituar-kupen-e-diaspores","status":"publish","type":"post","link":"https:\/\/syri.tv\/?p=8191","title":{"rendered":"FC KOSOVA Gjenev\u00eb: Shans historike p\u00ebr ta fituar Kup\u00ebn e Diaspor\u00ebs"},"content":{"rendered":"<p>Ekipi futbollit nga Gjeneva FC Kosova, pasi k\u00ebt\u00eb vit fitoi Kup\u00ebn e UNIONIT ( UKSHFZ ) \u00ebsht\u00eb duke treguar suksese t\u00eb m\u00ebdha edhe n\u00eb kampionatin e Zvicr\u00ebs q\u00eb garon n\u00eb lig\u00ebn e dyt\u00eb. Sipas prononcimit t\u00eb kryetarit t\u00eb Klubit z. Fisnik Buci, FC Kosova n\u00eb Gjenev\u00eb ka ngrit\u00ebn nivelin e lojtar\u00ebve dhe pretendon q\u00eb n\u00eb vitin tjet\u00ebr t\u00eb garojn\u00eb edhe nj\u00eb lig\u00eb m\u00eb lart\u00eb. Si q\u00eb thot\u00eb z. Buci, klubi ka nj\u00eb ekip t\u00eb konsoliduar dhe n\u00eb n\u00eb rajonin e Gjenev\u00ebs \u00ebsht\u00eb favorit p\u00ebr nj\u00eb lig\u00eb m\u00eb lart\u00eb pasi q\u00eb rezultatet nuk mungojn\u00eb e q\u00eb v\u00ebrehet entuziazmi edhe rezultatet \u00a0tejet pozitive i klubit.<\/p>\n<p>KUPA E DIASPOR\u00cbS n\u00eb D\u00fcsseldorf t\u00eb Gjermanis\u00eb \u00ebsht\u00eb p\u00ebr ne di\u00e7ka e re dhe ne si fitues t\u00eb KUP\u00cbS s\u00eb UNIONIT n\u00eb Zvic\u00ebr,\u00a0 ky vit na ka sjell\u00eb m\u00eb tep\u00ebr angazhim tek kryesia, trajneri dhe ekipi dhe \u00ebsht\u00eb nj\u00eb motivim shum\u00eb m\u00eb i madh p\u00ebr t\u00eb gjith\u00eb ne.<\/p>\n<p>FC Kosova e Gjenev\u00ebs shkojm\u00eb n\u00eb D\u00fcsseldorf me k\u00ebnaq\u00ebsi dhe me shpres\u00eb p\u00ebr fitore p\u00ebr ta arritur finalen e madhe t\u00eb Kup\u00ebs &#8211; Kosov\u00eb Diaspor\u00eb e q\u00eb pastaj t\u00eb p\u00ebrballemi n\u00eb Kosov\u00eb apo Zvic\u00ebr me FC Prishtina nga Prishtina.<\/p>\n<p>Kjo ndeshje \u00ebsht\u00eb e r\u00ebnd\u00ebsishme p\u00ebr te dy klubet shqiptare nga Zvicra dhe Gjermania dhe se n\u00eb fund ky \u00ebsht\u00eb sport dhe ne urojm\u00eb t\u00eb zhvillohet nj\u00eb loj\u00eb korrekte, pa l\u00ebndime e n\u00eb fund le t\u00eb fitoj\u00eb m\u00eb i miri.<\/p>\n<p>P\u00ebr ne \u00ebsht\u00eb nder dhe privilegj t\u00eb jemi pjes\u00eb e UKSHFZ me nj\u00eb kryesi e cila n\u00eb \u00e7do aspekt \u00ebsht\u00eb p\u00ebr l\u00ebvdata dhe nj\u00eb pun\u00eb t\u00eb shk\u00eblqyer q\u00eb nga kryetari Z. Feti Demoli, n\u00ebnkryetari, Reshit Morina, sekretari Musli Saiti dhe e gjith\u00eb kryesia t\u00eb cil\u00ebt jan\u00eb t\u00eb lidhur ngusht\u00eb me FFK dhe t\u00eb mb\u00ebshtetur edhe nga MPJD dhe punojn\u00eb n\u00eb interes p\u00ebr t\u00eb gjith\u00eb Klubet e Futbollit Shqiptar n\u00eb Zvic\u00ebr.<\/p>\n<p>Ne si Klub udh\u00ebtojm\u00eb t\u00eb shtun\u00ebn p\u00ebr D\u00fcsseldorf dhe n\u00eb mbr\u00ebmje jemi t\u00eb ftuar n\u00eb dark\u00eb solemne q\u00eb do t\u00eb mir\u00ebpresin v\u00ebllez\u00ebrit ton\u00eb nikoqiri FC Kosova D\u00fcseldorf. Sipas informatave q\u00eb kemi nga sekretariati i UKSHFZ aty prezent do t\u00eb jet\u00eb edhe kryetari i FFK z. Agim Ademi, kryesia e Federat\u00ebs Shqiptare n\u00eb Gjermani, kryetari z. Feti Demoli dhe kryesia e UKSHFZ dhe do t\u00eb shk\u00ebmbejm\u00eb nj\u00eb eksperienc\u00eb mes kryesive t\u00eb dy klubeve dhe lojtar\u00ebve.<\/p>\n<p>Jemi t\u00eb bindur n\u00eb organizim t\u00eb mir\u00eb nga tri Federatat, FFK, FFSHGJ dhe UKSHFZ, t\u00eb cil\u00ebt edhe neve klubeve t\u00eb futbollit shqiptar n\u00eb m\u00ebrgim na mund\u00ebsojn\u00eb nj\u00eb gar\u00eb madh\u00ebshtore.<\/p>\n","protected":false},"excerpt":{"rendered":"<p>Ekipi futbollit nga Gjeneva FC Kosova, pasi k\u00ebt\u00eb vit fitoi Kup\u00ebn e UNIONIT ( UKSHFZ ) \u00ebsht\u00eb duke treguar suksese t\u00eb m\u00ebdha edhe n\u00eb kampionatin e Zvicr\u00ebs q\u00eb garon n\u00eb lig\u00ebn e dyt\u00eb. Sipas prononcimit t\u00eb kryetarit t\u00eb Klubit z. Fisnik Buci, FC Kosova n\u00eb Gjenev\u00eb ka ngrit\u00ebn nivelin e lojtar\u00ebve dhe pretendon q\u00eb n\u00eb [&hellip;]<\/p>\n","protected":false},"author":1,"featured_media":8192,"comment_status":"closed","ping_status":"closed","sticky":false,"template":"","format":"standard","meta":{"footnotes":""},"categories":[106],"tags":[],"class_list":{"0":"post-8191","1":"post","2":"type-post","3":"status-publish","4":"format-standard","5":"has-post-thumbnail","7":"category-sport"},"_links":{"self":[{"href":"https:\/\/syri.tv\/index.php?rest_route=\/wp\/v2\/posts\/8191","targetHints":{"allow":["GET"]}}],"collection":[{"href":"https:\/\/syri.tv\/index.php?rest_route=\/wp\/v2\/posts"}],"about":[{"href":"https:\/\/syri.tv\/index.php?rest_route=\/wp\/v2\/types\/post"}],"author":[{"embeddable":true,"href":"https:\/\/syri.tv\/index.php?rest_route=\/wp\/v2\/users\/1"}],"replies":[{"embeddable":true,"href":"https:\/\/syri.tv\/index.php?rest_route=%2Fwp%2Fv2%2Fcomments&post=8191"}],"version-history":[{"count":1,"href":"https:\/\/syri.tv\/index.php?rest_route=\/wp\/v2\/posts\/8191\/revisions"}],"predecessor-version":[{"id":8193,"href":"https:\/\/syri.tv\/index.php?rest_route=\/wp\/v2\/posts\/8191\/revisions\/8193"}],"wp:featuredmedia":[{"embeddable":true,"href":"https:\/\/syri.tv\/index.php?rest_route=\/wp\/v2\/media\/8192"}],"wp:attachment":[{"href":"https:\/\/syri.tv\/index.php?rest_route=%2Fwp%2Fv2%2Fmedia&parent=8191"}],"wp:term":[{"taxonomy":"category","embeddable":true,"href":"https:\/\/syri.tv\/index.php?rest_route=%2Fwp%2Fv2%2Fcategories&post=8191"},{"taxonomy":"post_tag","embeddable":true,"href":"https:\/\/syri.tv\/index.php?rest_route=%2Fwp%2Fv2%2Ftags&post=8191"}],"curies":[{"name":"wp","href":"https:\/\/api.w.org\/{rel}","templated":true}]}}