{"id":8177,"date":"2025-10-18T12:55:32","date_gmt":"2025-10-18T12:55:32","guid":{"rendered":"https:\/\/syri.tv\/?p=8177"},"modified":"2025-10-18T12:55:32","modified_gmt":"2025-10-18T12:55:32","slug":"kosova-integrohet-ne-institucionin-e-pare-te-be-se-eesc-se","status":"publish","type":"post","link":"https:\/\/syri.tv\/?p=8177","title":{"rendered":"KOSOVA  INTEGROHET N\u00cb  INSTITUCIONIN  E PAR\u00cb   T\u00cb BE-S\u00eb &#8211; EESC-s\u00eb."},"content":{"rendered":"<div class=\"x14z9mp xat24cr x1lziwak x1vvkbs xtlvy1s x126k92a\">\n<div dir=\"auto\">FAZA E DYT\u00cb :<\/div>\n<div dir=\"auto\">KOSOVA KANDIDAT POTENCIAL N\u00cb BASHKIMIN EVROPIAN BE <span class=\"html-span xexx8yu xyri2b x18d9i69 x1c1uobl x1hl2dhg x16tdsg8 x1vvkbs x3nfvp2 x1j61x8r x1fcty0u xdj266r xat24cr xm2jcoa x1mpyi22 xxymvpz xlup9mm x1kky2od\"><img loading=\"lazy\" loading=\"lazy\" decoding=\"async\" class=\"xz74otr x15mokao x1ga7v0g x16uus16 xbiv7yw\" src=\"https:\/\/static.xx.fbcdn.net\/images\/emoji.php\/v9\/tce\/1\/16\/1f1fd_1f1f0.png\" alt=\"\ud83c\uddfd\ud83c\uddf0\" width=\"16\" height=\"16\" \/><\/span><span class=\"html-span xexx8yu xyri2b x18d9i69 x1c1uobl x1hl2dhg x16tdsg8 x1vvkbs x3nfvp2 x1j61x8r x1fcty0u xdj266r xat24cr xm2jcoa x1mpyi22 xxymvpz xlup9mm x1kky2od\"><img loading=\"lazy\" loading=\"lazy\" decoding=\"async\" class=\"xz74otr x15mokao x1ga7v0g x16uus16 xbiv7yw\" src=\"https:\/\/static.xx.fbcdn.net\/images\/emoji.php\/v9\/tdd\/1\/16\/1f1ea_1f1fa.png\" alt=\"\ud83c\uddea\ud83c\uddfa\" width=\"16\" height=\"16\" \/><\/span><\/div>\n<\/div>\n<div class=\"x14z9mp xat24cr x1lziwak x1vvkbs xtlvy1s x126k92a\">\n<div dir=\"auto\">Ashtu si i gjith\u00eb Ballkani Per\u00ebndimor, Republika e Kosov\u00ebs ka nj\u00eb perspektiv\u00eb evropiane, q\u00eb do t\u00eb thot\u00eb perspektiva e an\u00ebtar\u00ebsimit nj\u00eb dit\u00eb n\u00eb Bashkimin Evropian.<\/div>\n<div dir=\"auto\">Kosova \u00ebsht\u00eb shteti i fundit ballkanik q\u00eb aplikoi p\u00ebr an\u00ebtar\u00ebsim n\u00eb BE m\u00eb 15 dhjetor 2022.<\/div>\n<\/div>\n<div class=\"x14z9mp xat24cr x1lziwak x1vvkbs xtlvy1s x126k92a\">\n<div dir=\"auto\">Historiku i rrug\u00ebtimit te Republik\u00ebs se Kosov\u00ebs drejte Bashkimit Evropian &#8211; BE-se !<\/div>\n<\/div>\n<div class=\"x14z9mp xat24cr x1lziwak x1vvkbs xtlvy1s x126k92a\">\n<div dir=\"auto\">Marr\u00ebveshja e Stabilizim-Asociimit (MSA-ja) \u00ebsht\u00eb korniza p\u00ebr BE-n\u00eb dhe administrat\u00ebn e Kosov\u00ebs p\u00ebr t\u00eb diskutuar rregullisht \u00e7\u00ebshtje teknike dhe politike lidhur me reformat q\u00eb kan\u00eb t\u00eb b\u00ebjn\u00eb me BE-n\u00eb. Organet e MSA-s\u00eb p\u00ebrfshijn\u00eb K\u00ebshillin e Stabilizim-Asociimit, t\u00eb ndihmuar nga Komiteti i Stabilizim-Asociimit, si dhe N\u00ebnkomitetet e MSA-s\u00eb, t\u00eb cilat e mbulojn\u00eb nj\u00eb gam\u00eb t\u00eb gjer\u00eb t\u00eb acquis t\u00eb BE-s\u00eb. Takimet e organeve t\u00eb MSA-s\u00eb japin kontribut t\u00eb drejtp\u00ebrdrejt\u00eb n\u00eb raportet vjetore t\u00eb Komisionit Evropian.<\/div>\n<\/div>\n<div class=\"x14z9mp xat24cr x1lziwak x1vvkbs xtlvy1s x126k92a\">\n<div dir=\"auto\">N\u00eb secilin takim t\u00eb cilitdo n\u00ebnkomitet monitorohet dhe shoq\u00ebrohet zbatimi i reformave nga ana e Kosov\u00ebs dhe identifikohen m\u00ebnyrat se si BE-ja mund t\u00eb ndihmoj\u00eb n\u00eb k\u00ebt\u00eb proces.<\/div>\n<\/div>\n<div class=\"x14z9mp xat24cr x1lziwak x1vvkbs xtlvy1s x126k92a\">\n<div dir=\"auto\">Jan\u00eb shtat\u00eb fusha q\u00eb mbulohen p\u00ebrmes takimeve sektoriale t\u00eb n\u00ebnkomiteteve: p\u00ebr drejt\u00ebsin\u00eb, lirin\u00eb dhe sigurin\u00eb; inovacionin, shoq\u00ebrin\u00eb e informacionit, politik\u00ebn sociale, arsimin dhe kultur\u00ebn; tregtin\u00eb, industrin\u00eb, doganat dhe tatimet; tregun e brendsh\u00ebm, konkurrenc\u00ebn, mbrojtjen e konsumatorit dhe sh\u00ebndetit; bujq\u00ebsin\u00eb, peshkimin, pylltarin\u00eb, sigurin\u00eb ushqimore; transportin, mjedisin, energjin\u00eb, ndryshimet klimatike dhe zhvillimin rajonal; \u00e7\u00ebshtjet ekonomike dhe financiare, statistikat.<\/div>\n<\/div>\n<div class=\"x14z9mp xat24cr x1lziwak x1vvkbs xtlvy1s x126k92a\">\n<div dir=\"auto\">Dy fusha t\u00eb tjera q\u00eb mbulohen p\u00ebrmes takimeve t\u00eb grupeve t\u00eb posa\u00e7me jan\u00eb reforma e administrat\u00ebs publike dhe normalizimi i marr\u00ebdh\u00ebnieve midis Kosov\u00ebs dhe Serbis\u00eb.<\/div>\n<\/div>\n<div class=\"x14z9mp xat24cr x1lziwak x1vvkbs xtlvy1s x126k92a\">\n<div dir=\"auto\">Takimet e Komitetit dhe N\u00ebnkomiteteve t\u00eb MSA-s\u00eb bashk\u00ebkryesohen nga Komisioni Evropian dhe Kosova. \u00c7do takim rezulton n\u00eb veprime shoq\u00ebruese t\u00eb dakorduara bashk\u00ebrisht q\u00eb duhet t\u00eb nd\u00ebrmerren nga autoritetet e Kosov\u00ebs. Koha midis takimeve e mund\u00ebson zbatimin e rekomandimeve dhe veprimeve shoq\u00ebruese t\u00eb dakorduara.<\/div>\n<\/div>\n<div class=\"x14z9mp xat24cr x1lziwak x1vvkbs xtlvy1s x126k92a\">\n<div dir=\"auto\">N\u00eb p\u00ebrputhje me raportin e Komisionit Evropian p\u00ebr Kosov\u00ebn p\u00ebr vitin 2024 dhe zotimet p\u00ebr reforma q\u00eb Kosova i ka marr\u00eb si pjes\u00eb e Planit p\u00ebr Reforma dhe Rritje, Komisioni e inkurajoi Kosov\u00ebn q\u00eb ta p\u00ebrshpejtoj\u00eb zbatimin efikas t\u00eb Strategjive p\u00ebr RAP dhe Menaxhim t\u00eb Financave Publike (MFP), duke p\u00ebrfshir\u00eb konsultimet e rregullta me publikun dhe shoq\u00ebrin\u00eb civile.<\/div>\n<\/div>\n<div class=\"x14z9mp xat24cr x1lziwak x1vvkbs xtlvy1s x126k92a\">\n<div dir=\"auto\">Me korniz\u00ebn ligjore t\u00eb rishikuar p\u00ebr sh\u00ebrbimin publik t\u00eb Kosov\u00ebs, me t\u00eb cil\u00ebn parashihen nj\u00eb varg reformash gjith\u00ebp\u00ebrfshir\u00ebse q\u00eb po zbatohen gradualisht, p\u00ebrfaq\u00ebsuesit e KE-s\u00eb e theksuan r\u00ebnd\u00ebsin\u00eb e trajtimit t\u00eb sfidave t\u00eb vazhdueshme, e ve\u00e7an\u00ebrisht lansimin e nj\u00eb sistemi t\u00eb centralizuar t\u00eb rekrutimit n\u00eb sh\u00ebrbimin publik, zvog\u00eblimin e numrit t\u00eb em\u00ebrimeve n\u00eb poste t\u00eb ushtruesve t\u00eb detyrave menaxheriale dhe p\u00ebrfundimin e hapave t\u00eb nevojsh\u00ebm p\u00ebr zbatimin e reform\u00ebs p\u00ebr pagat.<\/div>\n<\/div>\n<div class=\"x14z9mp xat24cr x1lziwak x1vvkbs xtlvy1s x126k92a\">\n<div dir=\"auto\">KE-ja e mir\u00ebpriti p\u00ebrparimin e b\u00ebr\u00eb n\u00eb zbatimin e agjend\u00ebs digjitale dhe strategjis\u00eb p\u00ebr qeverisje elektronike p\u00ebr ta p\u00ebrmir\u00ebsuar m\u00eb tej ofrimin e sh\u00ebrbimeve t\u00eb orientuara kah qytetar\u00ebt, si dhe t\u00eb programit p\u00ebr reduktimin e barr\u00ebs administrative.<\/div>\n<\/div>\n<div class=\"x14z9mp xat24cr x1lziwak x1vvkbs xtlvy1s x126k92a\">\n<div dir=\"auto\">Duke raportuar p\u00ebr p\u00ebrparimin e b\u00ebr\u00eb, Kosova e prezantoi Raportin p\u00ebr Menaxhimin e Burimeve Njer\u00ebzore p\u00ebr vitin 2024, i cili p\u00ebr her\u00eb t\u00eb par\u00eb u publikua n\u00eb shtator t\u00eb vitit 2025. Duke u bazuar n\u00eb k\u00ebt\u00eb raport, Kosova b\u00ebri t\u00eb ditur se rekrutimet e grave dhe t\u00eb rinjve n\u00eb vitin 2024 jan\u00eb rritur krahasuar me vitin 2023, nd\u00ebrsa procedurat e rekrutimit kan\u00eb t\u00ebrhequr num\u00ebr m\u00eb t\u00eb madh t\u00eb aplikuesve.<\/div>\n<\/div>\n<div class=\"x14z9mp xat24cr x1lziwak x1vvkbs xtlvy1s x126k92a\">\n<div dir=\"auto\">Kosova \u00ebsht\u00eb e p\u00ebrkushtuar q\u00eb t\u2019i zbatoj\u00eb plot\u00ebsisht strategjit\u00eb e saj p\u00ebr RAP dhe MFP dhe q\u00eb t\u00eb siguroj\u00eb q\u00eb objektivat e tyre t\u00eb realizohen sipas planit.<\/div>\n<\/div>\n<div class=\"x14z9mp xat24cr x1lziwak x1vvkbs xtlvy1s x126k92a\">\n<div dir=\"auto\">Kosova dhe Komisioni Evropian u pajtuan q\u00eb ta rrisin m\u00eb tej bashk\u00ebpunimin, p\u00ebrfshir\u00eb at\u00eb n\u00eb nivel teknik, n\u00eb m\u00ebnyr\u00eb q\u00eb reformat e nd\u00ebrmarra t\u00eb zbatohen plot\u00ebsisht sa m\u00eb shpejt t\u00eb jet\u00eb e mundur.<\/div>\n<\/div>\n<div class=\"x14z9mp xat24cr x1lziwak x1vvkbs xtlvy1s x126k92a\">\n<div dir=\"auto\">18.10.205<\/div>\n<div dir=\"auto\">Ismet Salihu \/ Temsi<\/div>\n<div dir=\"auto\">Gazetar hulumtues<\/div>\n<\/div>\n","protected":false},"excerpt":{"rendered":"<p>FAZA E DYT\u00cb : KOSOVA KANDIDAT POTENCIAL N\u00cb BASHKIMIN EVROPIAN BE Ashtu si i gjith\u00eb Ballkani Per\u00ebndimor, Republika e Kosov\u00ebs ka nj\u00eb perspektiv\u00eb evropiane, q\u00eb do t\u00eb thot\u00eb perspektiva e an\u00ebtar\u00ebsimit nj\u00eb dit\u00eb n\u00eb Bashkimin Evropian. Kosova \u00ebsht\u00eb shteti i fundit ballkanik q\u00eb aplikoi p\u00ebr an\u00ebtar\u00ebsim n\u00eb BE m\u00eb 15 dhjetor 2022. Historiku i rrug\u00ebtimit [&hellip;]<\/p>\n","protected":false},"author":1,"featured_media":8178,"comment_status":"closed","ping_status":"closed","sticky":false,"template":"","format":"standard","meta":{"footnotes":""},"categories":[9],"tags":[],"class_list":{"0":"post-8177","1":"post","2":"type-post","3":"status-publish","4":"format-standard","5":"has-post-thumbnail","7":"category-vendi"},"_links":{"self":[{"href":"https:\/\/syri.tv\/index.php?rest_route=\/wp\/v2\/posts\/8177","targetHints":{"allow":["GET"]}}],"collection":[{"href":"https:\/\/syri.tv\/index.php?rest_route=\/wp\/v2\/posts"}],"about":[{"href":"https:\/\/syri.tv\/index.php?rest_route=\/wp\/v2\/types\/post"}],"author":[{"embeddable":true,"href":"https:\/\/syri.tv\/index.php?rest_route=\/wp\/v2\/users\/1"}],"replies":[{"embeddable":true,"href":"https:\/\/syri.tv\/index.php?rest_route=%2Fwp%2Fv2%2Fcomments&post=8177"}],"version-history":[{"count":1,"href":"https:\/\/syri.tv\/index.php?rest_route=\/wp\/v2\/posts\/8177\/revisions"}],"predecessor-version":[{"id":8179,"href":"https:\/\/syri.tv\/index.php?rest_route=\/wp\/v2\/posts\/8177\/revisions\/8179"}],"wp:featuredmedia":[{"embeddable":true,"href":"https:\/\/syri.tv\/index.php?rest_route=\/wp\/v2\/media\/8178"}],"wp:attachment":[{"href":"https:\/\/syri.tv\/index.php?rest_route=%2Fwp%2Fv2%2Fmedia&parent=8177"}],"wp:term":[{"taxonomy":"category","embeddable":true,"href":"https:\/\/syri.tv\/index.php?rest_route=%2Fwp%2Fv2%2Fcategories&post=8177"},{"taxonomy":"post_tag","embeddable":true,"href":"https:\/\/syri.tv\/index.php?rest_route=%2Fwp%2Fv2%2Ftags&post=8177"}],"curies":[{"name":"wp","href":"https:\/\/api.w.org\/{rel}","templated":true}]}}