{"id":8171,"date":"2025-10-17T22:08:25","date_gmt":"2025-10-17T22:08:25","guid":{"rendered":"https:\/\/syri.tv\/?p=8171"},"modified":"2025-10-17T22:17:40","modified_gmt":"2025-10-17T22:17:40","slug":"cfare-eshte-kjo-cmenduri-kunder-gjykates-speciale-ne-hage","status":"publish","type":"post","link":"https:\/\/syri.tv\/?p=8171","title":{"rendered":"\u00c7far\u00eb \u00ebsht\u00eb kjo \u00e7menduri kund\u00ebr Gjykat\u00ebs Speciale n\u00eb Hag\u00eb?"},"content":{"rendered":"<p>Shkruan: Saim Tahiraj &#8211; Bashk\u00ebluft\u00ebtari i Sali \u00c7ekaj<\/p>\n<p>Kthim n\u00eb vendin e krimit, aty ku filloj vrasja e Liris\u00eb nd\u00ebr-shqiptar\u00eb, n\u00eb kryeqytetin e Shqiptaris\u00eb, n\u00eb Tiran\u00ebn ton\u00eb t\u00eb dashur!<\/p>\n<p>Filloj me vrasjen e Ministrit t\u00eb Mbrojtjes s\u00eb Republik\u00ebs s\u00eb Kosov\u00ebs kolonel Ahmet Krasniqi dhe kush e di ku p\u00ebrfundoj?!!!<\/p>\n<p>U protestua me moton drejt\u00ebsi dhe liri dhe p\u00ebr \u201e\u00c7LIRIMTAR\u00cbT\u201c e n\u00eb fakt u protestua kund\u00ebr drejt\u00ebsis\u00eb.<\/p>\n<p>Si nuk ju shkoj nd\u00ebrmend k\u00ebtyre q\u00eb k\u00ebrkojn\u00eb drejt\u00ebsi t\u00eb protestohet duke k\u00ebrkuar drejt\u00ebsi p\u00ebr Ministrin Ahmet Krasniqi,p\u00ebr Ali Uk\u00ebn, p\u00ebr Sadri Ram\u00e7aj, p\u00ebr Ilir Konushefcin e shum\u00eb t\u00eb tjer\u00eb?<\/p>\n<p>Ata u vran\u00eb mu aty ku ju protestuat sot dhe gjetiu, p\u00ebr t\u00eb vazhduar m\u00eb tutje?<\/p>\n<p>Nuk ka drejt\u00ebsi selektive, ajo duhet t\u00eb jet\u00eb e nj\u00ebjt\u00eb p\u00ebr t\u00eb gjith\u00eb, por te shqiptaret peshorja e drejt\u00ebsis\u00eb \u00ebsht\u00eb n\u00eb duart e t\u00eb fortit e jo te gjykatat.<\/p>\n<p>Bota po na shikon e befasuar dhe po pyet, cila \u00ebsht\u00eb diagnoza e sakt\u00eb e shqiptar\u00ebve?<\/p>\n<p>\u00c7far\u00eb \u00ebsht\u00eb kjo \u00e7menduri kund\u00ebr Gjykat\u00ebs Speciale n\u00eb Hag\u00eb?<\/p>\n<p>Kujt po i pengon vendosja e drejt\u00ebsis\u00eb aq shum\u00eb e pritur nga familjar\u00ebt e viktimave?<\/p>\n<p>Vall\u00eb a mos priten edhe arrestime t\u00eb reja dhe e kan\u00eb hallin e tyre e jo t\u00eb atyre q\u00eb jan\u00eb n\u00eb Hag\u00eb?!!<\/p>\n<p>Nj\u00eb dre\u00e7 i madh \u00ebsht\u00eb n\u00eb k\u00ebt\u00eb mes, hajr Zoti e b\u00ebft\u00eb.<\/p>\n<p><img loading=\"lazy\" loading=\"lazy\" decoding=\"async\" class=\"alignnone wp-image-8174\" src=\"https:\/\/syri.tv\/wp-content\/uploads\/2025\/10\/st.png\" alt=\"\" width=\"276\" height=\"306\" srcset=\"https:\/\/syri.tv\/wp-content\/uploads\/2025\/10\/st.png 763w, https:\/\/syri.tv\/wp-content\/uploads\/2025\/10\/st-270x300.png 270w\" sizes=\"auto, (max-width: 276px) 100vw, 276px\" \/><\/p>\n","protected":false},"excerpt":{"rendered":"<p>Shkruan: Saim Tahiraj &#8211; Bashk\u00ebluft\u00ebtari i Sali \u00c7ekaj Kthim n\u00eb vendin e krimit, aty ku filloj vrasja e Liris\u00eb nd\u00ebr-shqiptar\u00eb, n\u00eb kryeqytetin e Shqiptaris\u00eb, n\u00eb Tiran\u00ebn ton\u00eb t\u00eb dashur! Filloj me vrasjen e Ministrit t\u00eb Mbrojtjes s\u00eb Republik\u00ebs s\u00eb Kosov\u00ebs kolonel Ahmet Krasniqi dhe kush e di ku p\u00ebrfundoj?!!! U protestua me moton drejt\u00ebsi dhe [&hellip;]<\/p>\n","protected":false},"author":1,"featured_media":8172,"comment_status":"closed","ping_status":"closed","sticky":false,"template":"","format":"standard","meta":{"footnotes":""},"categories":[9],"tags":[],"class_list":{"0":"post-8171","1":"post","2":"type-post","3":"status-publish","4":"format-standard","5":"has-post-thumbnail","7":"category-vendi"},"_links":{"self":[{"href":"https:\/\/syri.tv\/index.php?rest_route=\/wp\/v2\/posts\/8171","targetHints":{"allow":["GET"]}}],"collection":[{"href":"https:\/\/syri.tv\/index.php?rest_route=\/wp\/v2\/posts"}],"about":[{"href":"https:\/\/syri.tv\/index.php?rest_route=\/wp\/v2\/types\/post"}],"author":[{"embeddable":true,"href":"https:\/\/syri.tv\/index.php?rest_route=\/wp\/v2\/users\/1"}],"replies":[{"embeddable":true,"href":"https:\/\/syri.tv\/index.php?rest_route=%2Fwp%2Fv2%2Fcomments&post=8171"}],"version-history":[{"count":3,"href":"https:\/\/syri.tv\/index.php?rest_route=\/wp\/v2\/posts\/8171\/revisions"}],"predecessor-version":[{"id":8176,"href":"https:\/\/syri.tv\/index.php?rest_route=\/wp\/v2\/posts\/8171\/revisions\/8176"}],"wp:featuredmedia":[{"embeddable":true,"href":"https:\/\/syri.tv\/index.php?rest_route=\/wp\/v2\/media\/8172"}],"wp:attachment":[{"href":"https:\/\/syri.tv\/index.php?rest_route=%2Fwp%2Fv2%2Fmedia&parent=8171"}],"wp:term":[{"taxonomy":"category","embeddable":true,"href":"https:\/\/syri.tv\/index.php?rest_route=%2Fwp%2Fv2%2Fcategories&post=8171"},{"taxonomy":"post_tag","embeddable":true,"href":"https:\/\/syri.tv\/index.php?rest_route=%2Fwp%2Fv2%2Ftags&post=8171"}],"curies":[{"name":"wp","href":"https:\/\/api.w.org\/{rel}","templated":true}]}}