{"id":8154,"date":"2025-10-16T10:50:46","date_gmt":"2025-10-16T10:50:46","guid":{"rendered":"https:\/\/syri.tv\/?p=8154"},"modified":"2025-10-16T10:53:37","modified_gmt":"2025-10-16T10:53:37","slug":"krim-ne-familjen-kosovare-ne-gjermani-burri-vret-gruan-e-me-pas-edhe-veten","status":"publish","type":"post","link":"https:\/\/syri.tv\/?p=8154","title":{"rendered":"Kr\u1ecbm n\u00eb familjen kosovare n\u00eb Gjermani: Burri vr\u1eb9t gruan e m\u00eb pas edhe veten"},"content":{"rendered":"<p><strong>Nj\u00eb ngjarje tragjike raportohet se ka ndodhur brenda nj\u00eb familje kosovare m\u00eb 10 tetor n\u00eb Gjermani, n\u00eb qytetin e Siegenit.<\/strong><\/p>\n<p>Atje nj\u00eb burr\u00eb nga Kosova dyshohet se ka mbytur gruan e tij e m\u00eb pas edhe veten.<\/p>\n<p>Autoritetet gjermane e kan\u00eb konfirmuar rastin.<\/p>\n<p>Policia zbuloi detaje rr\u00ebqeth\u00ebse p\u00ebr ngjarjen.<\/p>\n<p>\u201cN\u00eb or\u00ebt e para t\u00eb m\u00ebngjesit t\u00eb s\u00eb premtes, m\u00eb 10 tetor, nj\u00eb operacion policor u zhvillua n\u00eb nj\u00eb kompani n\u00eb Siegen. Punonj\u00ebsit kishin gjetur t\u00eb varur n\u00eb nj\u00eb sall\u00eb t\u00eb kompanis\u00eb (Maccostrase n\u00eb lagjen Eiserfeld). Viktima (39-vje\u00e7ar) ishte po ashtu punonj\u00ebs i kompanis\u00eb\u201d, deklaron policia p\u00ebr Klankosova.tv.<\/p>\n<p>Hetimet treguan se nuk kishte prova p\u00ebr ndonj\u00eb krim dhe se vdekja cil\u00ebsohej si \u201cVet\u00ebvrasje\u201d.<\/p>\n<p>Por, m\u00eb von\u00eb, po at\u00eb dit\u00eb, gruaja e viktim\u00ebs raportohet se u gjet e vdekur n\u00eb banes\u00ebn e tyre n\u00eb Siegen.<\/p>\n<p>P\u00ebr shkak t\u00eb ngjarjes, u krijua nj\u00eb skuad\u00ebr e ve\u00e7ant\u00eb q\u00eb do ta hetonte rastin. Pas autopsis\u00eb s\u00eb b\u00ebr\u00eb n\u00eb trupin e 40-vje\u00e7ares, e cila konfirmohet t\u00eb jet\u00eb shtetase gjermane, u konstatua se ajo \u00ebsht\u00eb mbytur.<\/p>\n<p>Sipas policis\u00eb s\u00eb Siegenit, nuk ka prova se dikush jasht\u00eb k\u00ebsaj familje mund t\u00eb jet\u00eb i p\u00ebrfshir\u00eb, dhe se i dyshuari kryesor \u00ebsht\u00eb bashk\u00ebshorti i saj.<\/p>\n<p>\u201cN\u00eb baz\u00eb t\u00eb gjetjeve t\u00eb deritanishme tregohet fuqish\u00ebm se bashk\u00ebshorti 39-vje\u00e7ar \u00ebsht\u00eb p\u00ebrgjegj\u00ebs p\u00ebr vdekjen e 40-vje\u00e7ares. Hetimet ende nuk kan\u00eb p\u00ebrfunduar dhe ende jan\u00eb duke vazhduar. Rezultate t\u00eb m\u00ebtejshme priten\u201d, thuhet tutje n\u00eb p\u00ebrgjigjen e policis\u00eb p\u00ebr Klankosova.tv.<\/p>\n<p>B\u00ebhet e ditur se \u00e7ifti bashk\u00ebshortor ka dy f\u00ebmij\u00eb t\u00eb mitur, t\u00eb cil\u00ebt aktualisht jan\u00eb n\u00ebn kujdesin e Zyr\u00ebs s\u00eb Mir\u00ebqenies s\u00eb t\u00eb Rinjve.<\/p>\n<p>Interesant \u00ebsht\u00eb fakti se p\u00ebr rastin nuk \u00ebsht\u00eb raportuar ende nga asnj\u00eb media n\u00eb Gjermani, dhe k\u00ebt\u00eb e konfirmon edhe Policia.<\/p>\n<p>Prandaj, sipas p\u00ebrgjigjes p\u00ebr Klankosova.tv, policia tha se meq\u00eb nuk ka pasur asnj\u00eb k\u00ebrkes\u00eb nga mediat, \u00ebsht\u00eb vendosur q\u00eb, p\u00ebr t\u00eb mbrojtur privat\u00ebsin\u00eb e t\u00eb mbijetuarve \u2013 ve\u00e7an\u00ebrisht t\u00eb f\u00ebmij\u00ebve \u2013 t\u00eb mos b\u00ebhet asnj\u00eb komunikim i q\u00ebllimsh\u00ebm me shtypin.<\/p>\n","protected":false},"excerpt":{"rendered":"<p>Nj\u00eb ngjarje tragjike raportohet se ka ndodhur brenda nj\u00eb familje kosovare m\u00eb 10 tetor n\u00eb Gjermani, n\u00eb qytetin e Siegenit. Atje nj\u00eb burr\u00eb nga Kosova dyshohet se ka mbytur gruan e tij e m\u00eb pas edhe veten. Autoritetet gjermane e kan\u00eb konfirmuar rastin. Policia zbuloi detaje rr\u00ebqeth\u00ebse p\u00ebr ngjarjen. \u201cN\u00eb or\u00ebt e para t\u00eb m\u00ebngjesit [&hellip;]<\/p>\n","protected":false},"author":1,"featured_media":8155,"comment_status":"closed","ping_status":"closed","sticky":false,"template":"","format":"standard","meta":{"footnotes":""},"categories":[105],"tags":[],"class_list":{"0":"post-8154","1":"post","2":"type-post","3":"status-publish","4":"format-standard","5":"has-post-thumbnail","7":"category-europa"},"_links":{"self":[{"href":"https:\/\/syri.tv\/index.php?rest_route=\/wp\/v2\/posts\/8154","targetHints":{"allow":["GET"]}}],"collection":[{"href":"https:\/\/syri.tv\/index.php?rest_route=\/wp\/v2\/posts"}],"about":[{"href":"https:\/\/syri.tv\/index.php?rest_route=\/wp\/v2\/types\/post"}],"author":[{"embeddable":true,"href":"https:\/\/syri.tv\/index.php?rest_route=\/wp\/v2\/users\/1"}],"replies":[{"embeddable":true,"href":"https:\/\/syri.tv\/index.php?rest_route=%2Fwp%2Fv2%2Fcomments&post=8154"}],"version-history":[{"count":2,"href":"https:\/\/syri.tv\/index.php?rest_route=\/wp\/v2\/posts\/8154\/revisions"}],"predecessor-version":[{"id":8157,"href":"https:\/\/syri.tv\/index.php?rest_route=\/wp\/v2\/posts\/8154\/revisions\/8157"}],"wp:featuredmedia":[{"embeddable":true,"href":"https:\/\/syri.tv\/index.php?rest_route=\/wp\/v2\/media\/8155"}],"wp:attachment":[{"href":"https:\/\/syri.tv\/index.php?rest_route=%2Fwp%2Fv2%2Fmedia&parent=8154"}],"wp:term":[{"taxonomy":"category","embeddable":true,"href":"https:\/\/syri.tv\/index.php?rest_route=%2Fwp%2Fv2%2Fcategories&post=8154"},{"taxonomy":"post_tag","embeddable":true,"href":"https:\/\/syri.tv\/index.php?rest_route=%2Fwp%2Fv2%2Ftags&post=8154"}],"curies":[{"name":"wp","href":"https:\/\/api.w.org\/{rel}","templated":true}]}}