{"id":8151,"date":"2025-10-15T09:39:41","date_gmt":"2025-10-15T09:39:41","guid":{"rendered":"https:\/\/syri.tv\/?p=8151"},"modified":"2025-10-15T09:39:41","modified_gmt":"2025-10-15T09:39:41","slug":"nuk-duhet-lejuar-keta-harbuter-te-shpifin","status":"publish","type":"post","link":"https:\/\/syri.tv\/?p=8151","title":{"rendered":"\u201cNUK DUHET LEJUAR K\u00cbTA HARBUT\u00cbR T\u00cb SHPIFIN\u201d"},"content":{"rendered":"<div class=\"x14z9mp xat24cr x1lziwak x1vvkbs xtlvy1s x126k92a\">\n<div dir=\"auto\">Shkruan: Afrim Caka<\/div>\n<div dir=\"auto\">Ka shum\u00eb vite q\u00eb shkruaj p\u00ebr t\u00eb mir\u00ebn e Dardanis\u00eb.<\/div>\n<div dir=\"auto\">Vet\u00ebm nj\u00eb cop shkruesi jam\u00eb. T\u00eb lexuarit e k\u00ebtij shkrimi nuk \u00ebsht\u00eb q\u00ebllimi n\u00eb vetvete, por nj\u00eb mjet drejt q\u00ebllimit t\u00eb p\u00ebrbashk\u00ebt. Propaganda e t\u00eb huajit vazhdon.<\/div>\n<div dir=\"auto\">N\u00eb shoq\u00ebrin\u00eb ton\u00eb nuk ka vend p\u00ebr dezertor\u00ebt. Shum\u00eb analist\u00eb n\u00eb media jan\u00eb kryesisht t\u00eb paaft\u00eb p\u00ebr qeshur, qeshin me fastkeq\u00ebsin\u00eb e tjetrit, saq\u00eb e kan\u00eb humbur aft\u00ebsin\u00eb t\u2019u japin dikujt g\u00ebzim, sepse i vetmi objekt i kujdesit t\u00eb tyre \u00ebsht\u00eb t\u00eb zymt\u00ebsojn\u00eb \u00e7do t\u00eb arritur nga qeveria Kurti. Ata ecin n\u00ebp\u00ebr nj\u00eb jet\u00eb n\u00eb at\u00eb m\u00ebnyr\u00eb sikur duan t\u00eb shuajn\u00eb rreth e rrotull \u00e7do drit\u00eb e shprese p\u00ebr k\u00ebt\u00eb vend.<\/div>\n<\/div>\n<div class=\"x14z9mp xat24cr x1lziwak x1vvkbs xtlvy1s x126k92a\">\n<div dir=\"auto\">\u04aafar\u00eb mund t\u2019u jap un\u00eb t\u00eb tjer\u00ebve? P\u00ebrpara se t\u00eb kalojm\u00eb te analiza e tipareve t\u00eb karakterit t\u00eb analist\u00ebve n\u00eb Debat Plus e Klan Kosova, duhet t\u00eb b\u00ebjm\u00eb nj\u00eb p\u00ebrmbledhje t\u00eb shkurt\u00ebr t\u00eb tezave tashm\u00eb t\u00eb analizuara nga k\u00ebto dy media duke provokuar me t\u00ebrbim rritje t\u00eb tensionit psikologjik\u2026<\/div>\n<div dir=\"auto\">&#171;Ai q\u00eb lufton p\u00ebr nj\u00eb \u201cpopull injorant\u201d \u00ebsht\u00eb i nj\u00ebjt\u00eb me at\u00eb q\u00eb i v\u00eb flak\u00ebn vetes p\u00ebr t&#8217;u ndri\u00e7uar rrug\u00ebn e k\u00ebtyre analist\u00ebve t\u00eb verb\u00ebr.&#187;<\/div>\n<div dir=\"auto\">\u201cK\u00ebta g\u00ebnjejn\u00eb n\u00eb (Debat Plus) p\u00ebr ta mashtruar vet\u00ebveten, p\u00ebr t\u2019i mashtruar t\u00eb tjer\u00ebt. G\u00ebnjeshtra \u00ebsht\u00eb form\u00eb e posht\u00ebrsis\u00eb e gjakprishurve dhe v\u00ebrtetim q\u00eb jan\u00eb bashkpun\u00ebtor t\u00eb lindur. Shpifin n\u00eb m\u00ebnyr\u00eb krijuese, fantastike me shpikje e trillime q\u00eb ju vinin nga Serbia dhe nj\u00eb bashkpunim miq\u00ebsor\u00eb dhe i ngusht\u00eb me ta!\u201d<\/div>\n<\/div>\n<div class=\"x14z9mp xat24cr x1lziwak x1vvkbs xtlvy1s x126k92a\">\n<div dir=\"auto\">Tipa t\u00eb till\u00eb, padyshim, ekzistojn\u00eb n\u00eb (Debat Plus dhe Klan Kosova). Mirpo n\u00ebse ne jemi b\u00ebr\u00eb ithtar\u00eb t\u00eb \u00ebksaj shkolle t\u00eb psikologjis\u00eb mashtruese, pas pak do t\u2019i vie fundi k\u00ebtij t\u00ebrbimi. Mendjemadh\u00ebsia dhe ambicia e tyre nuk njohin kufij. Interesante \u00ebsht\u00eb t\u00eb shoh\u00ebsh se si lansohet g\u00ebnjeshtra, por edhe n\u00eb fantzin\u00eb e zjarrt\u00eb t\u00eb ambicioz\u00ebve, synim drejt pushtetit n\u00eb d\u00ebshir\u00ebn p\u00ebr t\u2019u b\u00ebr\u00eb Kryeminist\u00ebr, minist\u00ebr, deputet etj., n\u00eb sh\u00ebrbim t\u00eb t\u00eb tjer\u00ebve. Dje zot\u00ebrimi i pushtetit me an\u00eb t\u00eb mediave \u00ebsht\u00eb i lidhur me me zot\u00ebrimin e paras\u00eb dhe t\u00eb pron\u00ebs, dhe synimi p\u00ebr t\u00eb fituar sa m\u00eb shum\u00eb para e pron\u00eb etj.<\/div>\n<\/div>\n<div class=\"x14z9mp xat24cr x1lziwak x1vvkbs xtlvy1s x126k92a\">\n<div dir=\"auto\">Shpifjet dhe deformimet e tjera analitike e politike \u00ebsht\u00eb n\u00eb interesin e tyre. Ul\u00ebrimat e tyre t\u00eb frik\u00ebs i lejon ata t\u00eb vendosin\u00eb lidhje m\u00eb bot\u00ebn tjet\u00ebr. N\u00ebse veprimtaria e tyre antishqiptare sjell me vete pasoja kastrofike \u2013 p\u00ebr shembull \u201cluft\u00ebn v\u00ebllavras\u00ebse\u201d dhe gjith\u00e7ka q\u00eb i shoq\u00ebron ata, t\u00eb till\u00eb analist\u00eb n\u00eb asnj\u00eb m\u00ebnyr\u00eb nuk e pranojn\u00eb fajin e tyre. T\u00eb brejtur nga pasiguria e tyre ndaj vetes, k\u00ebta turbullues p\u00ebrpiq\u00ebn q\u00eb p\u00ebr llogari t\u00eb t\u00eb tjer\u00ebve t\u00eb fitojn\u00eb ndjenj\u00ebn e ep\u00ebrsis\u00eb dhe pavar\u00ebsis\u00eb vetjake. Fati i hidhur q\u00eb do ti pret analist\u00ebt, ky \u00ebsht\u00eb izolimi\u2026<\/div>\n<\/div>\n<div class=\"x14z9mp xat24cr x1lziwak x1vvkbs xtlvy1s x126k92a\">\n<div dir=\"auto\">K\u00ebtu i detyrohemi rrjeteve sociale nj\u00eb \u201cfalenderim t\u00eb madh\u201d me t\u00eb gjith\u00eb posht\u00ebrsin\u00eb dhe censur\u00ebn q\u00eb na p\u00ebrball, sepse (rrjetet sociale) na ka dh\u00ebn\u00eb nj\u00eb mund\u00ebsi dhe nj\u00eb dritare ku ne t&#8217;i kthejm\u00eb p\u00ebrgjigje k\u00ebtyre faqezinj\u00ebve q\u00eb g\u00ebnjejn\u00eb p\u00ebr ta fshehur mjerimin e tyre, Debat Plusit dhe Regjis\u00eb s\u00eb TV &#8211; Dukagjinit, pasi t\u2019i urojm\u00eb jo sh\u00ebndet dhe mbar\u00ebsi.<\/div>\n<\/div>\n<div class=\"x14z9mp xat24cr x1lziwak x1vvkbs xtlvy1s x126k92a\">\n<div dir=\"auto\">Sipas mendimit tim dhe sipas mendimit e t\u00eb tjer\u00ebve se jan\u00eb thell\u00ebsisht\u00eb t\u00eb bindur se analist\u00ebt jan\u00eb t\u00eb korruptuar poltikisht\u00eb. Ata marrin parasysh vet\u00ebm an\u00ebn e brend\u00ebshme t\u00eb tyre, nd\u00ebrkoh\u00eb kur antishqiptarizmi q\u00ebndron shum\u00eb m\u00eb thell\u00eb. Tani me falni kur opozita e humbi zgjedhjet vendin e kishin mbushur me g\u00ebnjeshtra e shantazhe n\u00eb m\u00ebnyr\u00ebn m\u00eb p\u00ebr\u00e7muese\u2026<\/div>\n<div dir=\"auto\">E kishin pastruar vendin, kishin mbetur vetem ma\u00e7orret e hijenat n\u00eb kancelarit\u00eb e tyre. P\u00ebrhapja e nj\u00eb s\u00ebmundjeje t\u00eb till\u00eb mendore mund t\u00eb shkat\u00ebrroj\u00eb edhe nj\u00eb perandori t\u00eb madhe. A mund t\u00eb shp\u00ebtoj\u00eb Dardania nga kjo aleanc\u00eb shum\u00ebpal\u00ebshe.<\/div>\n<\/div>\n","protected":false},"excerpt":{"rendered":"<p>Shkruan: Afrim Caka Ka shum\u00eb vite q\u00eb shkruaj p\u00ebr t\u00eb mir\u00ebn e Dardanis\u00eb. Vet\u00ebm nj\u00eb cop shkruesi jam\u00eb. T\u00eb lexuarit e k\u00ebtij shkrimi nuk \u00ebsht\u00eb q\u00ebllimi n\u00eb vetvete, por nj\u00eb mjet drejt q\u00ebllimit t\u00eb p\u00ebrbashk\u00ebt. Propaganda e t\u00eb huajit vazhdon. N\u00eb shoq\u00ebrin\u00eb ton\u00eb nuk ka vend p\u00ebr dezertor\u00ebt. Shum\u00eb analist\u00eb n\u00eb media jan\u00eb kryesisht t\u00eb [&hellip;]<\/p>\n","protected":false},"author":1,"featured_media":8152,"comment_status":"closed","ping_status":"closed","sticky":false,"template":"","format":"standard","meta":{"footnotes":""},"categories":[9],"tags":[],"class_list":{"0":"post-8151","1":"post","2":"type-post","3":"status-publish","4":"format-standard","5":"has-post-thumbnail","7":"category-vendi"},"_links":{"self":[{"href":"https:\/\/syri.tv\/index.php?rest_route=\/wp\/v2\/posts\/8151","targetHints":{"allow":["GET"]}}],"collection":[{"href":"https:\/\/syri.tv\/index.php?rest_route=\/wp\/v2\/posts"}],"about":[{"href":"https:\/\/syri.tv\/index.php?rest_route=\/wp\/v2\/types\/post"}],"author":[{"embeddable":true,"href":"https:\/\/syri.tv\/index.php?rest_route=\/wp\/v2\/users\/1"}],"replies":[{"embeddable":true,"href":"https:\/\/syri.tv\/index.php?rest_route=%2Fwp%2Fv2%2Fcomments&post=8151"}],"version-history":[{"count":1,"href":"https:\/\/syri.tv\/index.php?rest_route=\/wp\/v2\/posts\/8151\/revisions"}],"predecessor-version":[{"id":8153,"href":"https:\/\/syri.tv\/index.php?rest_route=\/wp\/v2\/posts\/8151\/revisions\/8153"}],"wp:featuredmedia":[{"embeddable":true,"href":"https:\/\/syri.tv\/index.php?rest_route=\/wp\/v2\/media\/8152"}],"wp:attachment":[{"href":"https:\/\/syri.tv\/index.php?rest_route=%2Fwp%2Fv2%2Fmedia&parent=8151"}],"wp:term":[{"taxonomy":"category","embeddable":true,"href":"https:\/\/syri.tv\/index.php?rest_route=%2Fwp%2Fv2%2Fcategories&post=8151"},{"taxonomy":"post_tag","embeddable":true,"href":"https:\/\/syri.tv\/index.php?rest_route=%2Fwp%2Fv2%2Ftags&post=8151"}],"curies":[{"name":"wp","href":"https:\/\/api.w.org\/{rel}","templated":true}]}}