{"id":8147,"date":"2025-10-14T17:25:57","date_gmt":"2025-10-14T17:25:57","guid":{"rendered":"https:\/\/syri.tv\/?p=8147"},"modified":"2025-10-14T17:26:25","modified_gmt":"2025-10-14T17:26:25","slug":"kryetari-i-ffk-z-agim-ademi-i-beri-surprize-ramiz-lladrovcit-ne-suedi-per-fitoren-e-tij-ne-drenas-dhe-fitore-e-kosoves","status":"publish","type":"post","link":"https:\/\/syri.tv\/?p=8147","title":{"rendered":"Kryetari i FFK z. Agim Ademi i b\u00ebri surpriz\u00eb Ramiz Lladrovcit n\u00eb Suedi p\u00ebr fitoren e tij n\u00eb Drenas dhe fitoren e Kosov\u00ebs"},"content":{"rendered":"<p><strong>Ramiz Lladrovci, kandidati i cili arriti t\u00eb dal\u00eb s\u00ebrish fitues n\u00eb zgjedhjet komunale p\u00ebr Drenasin, u surprizua me tort\u00eb n\u00eb Suedi \u2013 mbr\u00ebmjen kur Kosova triumfoi n\u00eb futboll.<\/strong><\/p>\n<p>Kjo u b\u00eb e ditur nga vet\u00eb Lladrovci i cili postoi edhe fotografi nga mbr\u00ebmja surprizuese. \u00cbmb\u00eblsira i erdhi nga Agim Ademi dhe an\u00ebtar\u00ebt e FFK-s\u00eb, mbi t\u00eb cil\u00ebn shihet se shkruan \u201ckampion\u201d.<\/p>\n<p>\u201cBefasi e k\u00ebndshme n\u00eb Suedi nga Agimi dhe an\u00ebtar\u00ebt e FFK-s\u00eb me \u00ebmb\u00eblsir\u00ebn kushtuar fitores ton\u00eb n\u00eb zemr\u00ebn e Kosov\u00ebs\u201d, ka shkruar kryetari i Drenasit.<\/p>\n<p>\u201cFitorja bashk\u00eb me qytetar\u00ebt kampion\u00eb n\u00eb Drenas, \u00ebsht\u00eb fitore motivuese, fitore t\u00eb cil\u00ebn e meriton i drejti, t\u00eb p\u00ebrkushtuarit dhe qytetar\u00ebt me integritet. Gjuha e kampionit \u00ebsht\u00eb gjuh\u00eb e futbollist\u00ebve tan\u00eb dhe stafit, faleminderit t\u00eb gjith\u00ebve\u201d, p\u00ebrmbyllet postimi i Lladrovcit.<\/p>\n<p><iframe loading=\"lazy\" src=\"https:\/\/www.facebook.com\/plugins\/post.php?href=https%3A%2F%2Fwww.facebook.com%2Frlladrovci%2Fposts%2Fpfbid0Jxrhi2xgZESzfE7Vu1Ri3vBBvZAH1RJc8str5LnDqHJzN7CvW8vWPNmQzjob7X5Wl&amp;show_text=true&amp;width=500\" width=\"500\" height=\"754\" frameborder=\"0\" scrolling=\"no\" allowfullscreen=\"allowfullscreen\" data-mce-fragment=\"1\"><\/iframe><\/p>\n","protected":false},"excerpt":{"rendered":"<p>Ramiz Lladrovci, kandidati i cili arriti t\u00eb dal\u00eb s\u00ebrish fitues n\u00eb zgjedhjet komunale p\u00ebr Drenasin, u surprizua me tort\u00eb n\u00eb Suedi \u2013 mbr\u00ebmjen kur Kosova triumfoi n\u00eb futboll. Kjo u b\u00eb e ditur nga vet\u00eb Lladrovci i cili postoi edhe fotografi nga mbr\u00ebmja surprizuese. \u00cbmb\u00eblsira i erdhi nga Agim Ademi dhe an\u00ebtar\u00ebt e FFK-s\u00eb, mbi [&hellip;]<\/p>\n","protected":false},"author":1,"featured_media":8148,"comment_status":"closed","ping_status":"closed","sticky":false,"template":"","format":"standard","meta":{"footnotes":""},"categories":[106],"tags":[],"class_list":{"0":"post-8147","1":"post","2":"type-post","3":"status-publish","4":"format-standard","5":"has-post-thumbnail","7":"category-sport"},"_links":{"self":[{"href":"https:\/\/syri.tv\/index.php?rest_route=\/wp\/v2\/posts\/8147","targetHints":{"allow":["GET"]}}],"collection":[{"href":"https:\/\/syri.tv\/index.php?rest_route=\/wp\/v2\/posts"}],"about":[{"href":"https:\/\/syri.tv\/index.php?rest_route=\/wp\/v2\/types\/post"}],"author":[{"embeddable":true,"href":"https:\/\/syri.tv\/index.php?rest_route=\/wp\/v2\/users\/1"}],"replies":[{"embeddable":true,"href":"https:\/\/syri.tv\/index.php?rest_route=%2Fwp%2Fv2%2Fcomments&post=8147"}],"version-history":[{"count":2,"href":"https:\/\/syri.tv\/index.php?rest_route=\/wp\/v2\/posts\/8147\/revisions"}],"predecessor-version":[{"id":8150,"href":"https:\/\/syri.tv\/index.php?rest_route=\/wp\/v2\/posts\/8147\/revisions\/8150"}],"wp:featuredmedia":[{"embeddable":true,"href":"https:\/\/syri.tv\/index.php?rest_route=\/wp\/v2\/media\/8148"}],"wp:attachment":[{"href":"https:\/\/syri.tv\/index.php?rest_route=%2Fwp%2Fv2%2Fmedia&parent=8147"}],"wp:term":[{"taxonomy":"category","embeddable":true,"href":"https:\/\/syri.tv\/index.php?rest_route=%2Fwp%2Fv2%2Fcategories&post=8147"},{"taxonomy":"post_tag","embeddable":true,"href":"https:\/\/syri.tv\/index.php?rest_route=%2Fwp%2Fv2%2Ftags&post=8147"}],"curies":[{"name":"wp","href":"https:\/\/api.w.org\/{rel}","templated":true}]}}