{"id":8123,"date":"2025-10-09T20:07:21","date_gmt":"2025-10-09T20:07:21","guid":{"rendered":"https:\/\/syri.tv\/?p=8123"},"modified":"2025-10-09T20:07:21","modified_gmt":"2025-10-09T20:07:21","slug":"kryetari-i-ukshfz-feti-demoli-takoi-andi-shehu-ne-vazhden-e-zbulimit-te-talenteve-te-ri-ne-futboll","status":"publish","type":"post","link":"https:\/\/syri.tv\/?p=8123","title":{"rendered":"Kryetari i UKSHFZ Feti Demoli takoi Andi Shehu n\u00eb vazhd\u00ebn e zbulimit t\u00eb talenteve t\u00eb ri n\u00eb futboll"},"content":{"rendered":"<p>Feti Demoli kryetar i Unionit t\u00eb Klubeve t\u00eb Futbollit Shqiptar n\u00eb Zvic\u00ebr tha se jemi n\u00eb vazhd\u00ebn e zbulimit t\u00eb talenteve t\u00eb ri e q\u00eb do t\u00eb kemi shpejt\u00eb nj\u00eb kamp n\u00eb Zvic\u00ebr p\u00ebr t\u00eb i mund\u00ebsuar afirmimin sidomos p\u00ebr grup\u00ebmoshat e reja, projekt e q\u00eb mb\u00ebshtetet edhe nga FFK dhe Kryetari Agim Ademi.<\/p>\n<p>Andi Shehu e takuam dhe ishte k\u00ebnaq\u00ebsi t\u00eb d\u00ebgjojm\u00eb kur dhe si ka filluar me Futboll.<\/p>\n<p>Aty ishte edhe prindi i Andit Adem Shehu i cili vjen nga fshati Begrac\u00eb i Komun\u00eb s\u00eb Ka\u00e7anikut i cili para shum\u00eb vitesh ka migruar n\u00eb Franc\u00eb n\u00eb Annemasse n\u00eb kufirin me Zvicr\u00ebn.<\/p>\n<p><img loading=\"lazy\" loading=\"lazy\" decoding=\"async\" class=\"alignnone size-large wp-image-8129\" src=\"https:\/\/syri.tv\/wp-content\/uploads\/2025\/10\/WhatsApp-Image-2025-09-22-at-11.24.38-3-768x1024.jpeg\" alt=\"\" width=\"768\" height=\"1024\" srcset=\"https:\/\/syri.tv\/wp-content\/uploads\/2025\/10\/WhatsApp-Image-2025-09-22-at-11.24.38-3-768x1024.jpeg 768w, https:\/\/syri.tv\/wp-content\/uploads\/2025\/10\/WhatsApp-Image-2025-09-22-at-11.24.38-3-225x300.jpeg 225w, https:\/\/syri.tv\/wp-content\/uploads\/2025\/10\/WhatsApp-Image-2025-09-22-at-11.24.38-3-1152x1536.jpeg 1152w, https:\/\/syri.tv\/wp-content\/uploads\/2025\/10\/WhatsApp-Image-2025-09-22-at-11.24.38-3-860x1147.jpeg 860w, https:\/\/syri.tv\/wp-content\/uploads\/2025\/10\/WhatsApp-Image-2025-09-22-at-11.24.38-3.jpeg 1536w\" sizes=\"auto, (max-width: 768px) 100vw, 768px\" \/><\/p>\n<p>Prindi tha se Andi n\u00eb mosh\u00eb shum\u00eb t\u00eb re u v\u00ebrejt se e don\u00eb futbollin dhe si 6 u aktivizua te Unioni i sportit\u00a0 Annemasse \u2013 Ambilly \u2013 Gailard i cili u tregua shum\u00eb i talentuar dhe q\u00eb nga aty filloi t\u00eb bie n\u00eb sy t\u00eb klubeve t\u00eb m\u00ebdha t\u00eb futbollit.<\/p>\n<p>N\u00eb vitin 2024 Andi Shehu me k\u00ebrkes\u00eb te Klubit me renome nd\u00ebrkomb\u00ebtare Lyon, u mor n\u00eb mbik\u00ebqyrjen dhe avancimit t\u00eb tije si futbollist i cili premton p\u00ebr nj\u00eb t\u00eb ardhme e q\u00eb sipas d\u00ebshir\u00ebs s\u00eb Andit ndoshta edhe nj\u00eb dit\u00eb t\u00eb luaj p\u00ebr komb\u00ebtaren.<\/p>\n<p><img loading=\"lazy\" loading=\"lazy\" decoding=\"async\" class=\"alignnone size-full wp-image-8126\" src=\"https:\/\/syri.tv\/wp-content\/uploads\/2025\/10\/2.png\" alt=\"\" width=\"1025\" height=\"846\" srcset=\"https:\/\/syri.tv\/wp-content\/uploads\/2025\/10\/2.png 1025w, https:\/\/syri.tv\/wp-content\/uploads\/2025\/10\/2-300x248.png 300w, https:\/\/syri.tv\/wp-content\/uploads\/2025\/10\/2-768x634.png 768w, https:\/\/syri.tv\/wp-content\/uploads\/2025\/10\/2-860x710.png 860w\" sizes=\"auto, (max-width: 1025px) 100vw, 1025px\" \/><\/p>\n<p>Kryetari i UKSHFZ z. Feti Demoli me k\u00ebrkes\u00ebn e prindit t\u00eb Andit dhe paraqitjes s\u00eb video\u00a0 d\u00ebshmive, vizitoi n\u00eb Gjenev\u00eb Andin i cili kishte ardhur me prindin nga Franca enkas n\u00eb k\u00ebt\u00eb takim, dhe n\u00eb ambientet e \u00a0FC Kosova nga Gjeneva. Me Prindin dhe Andin p\u00ebr s\u00eb af\u00ebrmi u pajtuan p\u00ebr pjes\u00ebmarrjen n\u00eb Kampin q\u00eb do t\u00eb e organizoj\u00eb UKSHFZ e q\u00eb do t\u00eb v\u00ebzhgohet nga Trajner\u00eb t\u00eb deleguar nga Federata e Futbollit t\u00eb Kosov\u00ebs.<\/p>\n<p>Demoli u njoftua se Andi n\u00eb moment \u00ebsht\u00eb n\u00eb shkoll\u00ebn e futbollit Pole-es Clairefonaine-en Evelin Lion ekip i t\u00eb rinjve dhe luan n\u00eb pozit\u00ebn e mesfushorit dhe n\u00eb mbrojtje.<\/p>\n<p><img loading=\"lazy\" loading=\"lazy\" decoding=\"async\" class=\"alignnone size-large wp-image-8127\" src=\"https:\/\/syri.tv\/wp-content\/uploads\/2025\/10\/WhatsApp-Image-2025-09-22-at-11.24.37-3-1024x768.jpeg\" alt=\"\" width=\"1024\" height=\"768\" srcset=\"https:\/\/syri.tv\/wp-content\/uploads\/2025\/10\/WhatsApp-Image-2025-09-22-at-11.24.37-3-1024x768.jpeg 1024w, https:\/\/syri.tv\/wp-content\/uploads\/2025\/10\/WhatsApp-Image-2025-09-22-at-11.24.37-3-300x225.jpeg 300w, https:\/\/syri.tv\/wp-content\/uploads\/2025\/10\/WhatsApp-Image-2025-09-22-at-11.24.37-3-768x576.jpeg 768w, https:\/\/syri.tv\/wp-content\/uploads\/2025\/10\/WhatsApp-Image-2025-09-22-at-11.24.37-3-1536x1152.jpeg 1536w, https:\/\/syri.tv\/wp-content\/uploads\/2025\/10\/WhatsApp-Image-2025-09-22-at-11.24.37-3-860x645.jpeg 860w, https:\/\/syri.tv\/wp-content\/uploads\/2025\/10\/WhatsApp-Image-2025-09-22-at-11.24.37-3.jpeg 2048w\" sizes=\"auto, (max-width: 1024px) 100vw, 1024px\" \/><\/p>\n<p>N\u00eb k\u00ebt\u00eb shkoll\u00eb t\u00eb futbollit ai \u00ebsht\u00eb pes\u00eb (5) dit\u00eb n\u00eb jave dhe zhvillojn\u00eb forma t\u00eb ndryshme n\u00eb futboll dhe ndeshje. Ai t\u00eb Premten kthehet \u00e7do her\u00eb \u00ebsht\u00eb n\u00eb gjirin familjar tek prind\u00ebrit \u00a0dhe familja e dit\u00ebve t\u00eb shtuna ka ndeshje qe e p\u00ebrfaq\u00ebson ekipin Annecy.<\/p>\n<p>Feti Demoli i uroi Andit rrug\u00ebtim t\u00eb mir\u00eb n\u00eb futboll dhe shihemi shpejt\u00eb n\u00eb Kampin ton\u00eb.<\/p>\n<p><img loading=\"lazy\" loading=\"lazy\" decoding=\"async\" class=\"alignnone size-large wp-image-8131\" src=\"https:\/\/syri.tv\/wp-content\/uploads\/2025\/10\/WhatsApp-Image-2025-10-09-at-21.50.10-461x1024.jpeg\" alt=\"\" width=\"461\" height=\"1024\" srcset=\"https:\/\/syri.tv\/wp-content\/uploads\/2025\/10\/WhatsApp-Image-2025-10-09-at-21.50.10-461x1024.jpeg 461w, https:\/\/syri.tv\/wp-content\/uploads\/2025\/10\/WhatsApp-Image-2025-10-09-at-21.50.10-135x300.jpeg 135w, https:\/\/syri.tv\/wp-content\/uploads\/2025\/10\/WhatsApp-Image-2025-10-09-at-21.50.10-768x1708.jpeg 768w, https:\/\/syri.tv\/wp-content\/uploads\/2025\/10\/WhatsApp-Image-2025-10-09-at-21.50.10-691x1536.jpeg 691w, https:\/\/syri.tv\/wp-content\/uploads\/2025\/10\/WhatsApp-Image-2025-10-09-at-21.50.10-860x1912.jpeg 860w, https:\/\/syri.tv\/wp-content\/uploads\/2025\/10\/WhatsApp-Image-2025-10-09-at-21.50.10.jpeg 921w\" sizes=\"auto, (max-width: 461px) 100vw, 461px\" \/><\/p>\n<p>&nbsp;<\/p>\n","protected":false},"excerpt":{"rendered":"<p>Feti Demoli kryetar i Unionit t\u00eb Klubeve t\u00eb Futbollit Shqiptar n\u00eb Zvic\u00ebr tha se jemi n\u00eb vazhd\u00ebn e zbulimit t\u00eb talenteve t\u00eb ri e q\u00eb do t\u00eb kemi shpejt\u00eb nj\u00eb kamp n\u00eb Zvic\u00ebr p\u00ebr t\u00eb i mund\u00ebsuar afirmimin sidomos p\u00ebr grup\u00ebmoshat e reja, projekt e q\u00eb mb\u00ebshtetet edhe nga FFK dhe Kryetari Agim Ademi. Andi [&hellip;]<\/p>\n","protected":false},"author":1,"featured_media":8125,"comment_status":"closed","ping_status":"closed","sticky":false,"template":"","format":"standard","meta":{"footnotes":""},"categories":[106],"tags":[],"class_list":{"0":"post-8123","1":"post","2":"type-post","3":"status-publish","4":"format-standard","5":"has-post-thumbnail","7":"category-sport"},"_links":{"self":[{"href":"https:\/\/syri.tv\/index.php?rest_route=\/wp\/v2\/posts\/8123","targetHints":{"allow":["GET"]}}],"collection":[{"href":"https:\/\/syri.tv\/index.php?rest_route=\/wp\/v2\/posts"}],"about":[{"href":"https:\/\/syri.tv\/index.php?rest_route=\/wp\/v2\/types\/post"}],"author":[{"embeddable":true,"href":"https:\/\/syri.tv\/index.php?rest_route=\/wp\/v2\/users\/1"}],"replies":[{"embeddable":true,"href":"https:\/\/syri.tv\/index.php?rest_route=%2Fwp%2Fv2%2Fcomments&post=8123"}],"version-history":[{"count":2,"href":"https:\/\/syri.tv\/index.php?rest_route=\/wp\/v2\/posts\/8123\/revisions"}],"predecessor-version":[{"id":8133,"href":"https:\/\/syri.tv\/index.php?rest_route=\/wp\/v2\/posts\/8123\/revisions\/8133"}],"wp:featuredmedia":[{"embeddable":true,"href":"https:\/\/syri.tv\/index.php?rest_route=\/wp\/v2\/media\/8125"}],"wp:attachment":[{"href":"https:\/\/syri.tv\/index.php?rest_route=%2Fwp%2Fv2%2Fmedia&parent=8123"}],"wp:term":[{"taxonomy":"category","embeddable":true,"href":"https:\/\/syri.tv\/index.php?rest_route=%2Fwp%2Fv2%2Fcategories&post=8123"},{"taxonomy":"post_tag","embeddable":true,"href":"https:\/\/syri.tv\/index.php?rest_route=%2Fwp%2Fv2%2Ftags&post=8123"}],"curies":[{"name":"wp","href":"https:\/\/api.w.org\/{rel}","templated":true}]}}