{"id":8105,"date":"2025-09-30T10:19:29","date_gmt":"2025-09-30T10:19:29","guid":{"rendered":"https:\/\/syri.tv\/?p=8105"},"modified":"2025-09-30T10:19:29","modified_gmt":"2025-09-30T10:19:29","slug":"ne-istog-sot-ka-nisur-ndertimi-i-fabrikes-farmaceutike-pharmabel","status":"publish","type":"post","link":"https:\/\/syri.tv\/?p=8105","title":{"rendered":"N\u00eb Istog sot ka nisur nd\u00ebrtimi i fabrik\u00ebs farmaceutike \u201cPharmabel\u201d"},"content":{"rendered":"<p><strong><em>Hazis Vardar duke hedhur beton ne themelin e fabrikes me te re ne Kosove \u00ab Pharmabel \u00bb ne Istog para qytetareve dhe autoriteteve vendore<\/em><\/strong><\/p>\n<p>Istog, 29 shtator -Sot ne qytetin e Rugoves ne Istog u vu gurthemelin e fabrikes \u201cPharmabel\u201d \u00a0fabrike kjo farmaceutike me standarde evropiane. Me ftese te Behgjet Pacollit dhe Hazis Vardar kete event e ka ndjekur perseafermi gazeta zvicerane ne shqip LeCanton27.ch<\/p>\n<p><strong>Diaspora shqiptare po zhvillon, po nderton Kosoven\u00a0<\/strong><\/p>\n<p>Kryetari Ilir Ferati s\u00eb bashku me investitor\u00eb nd\u00ebrkomb\u00ebtar\u00eb dhe rrjetin e bizneseve Shqiptare n\u00eb Mergat\u00eb, vendos\u00ebn gurthemelin e k\u00ebsai fabrike, e vetmja n\u00eb rajon.<\/p>\n<p>Pos kryetarit te komunes de Istogut Ilir Ferati ne kete evenment mori pjese Naim Dedushaj, kryetar i rrjeteve te biznese ne bote, ato lokale si dhe mysafire, eksperte dhe inxhinier vendor si dhe nga Belgjika dhe Franca si: Hazis Vardar, Chet Gashi, Eric Vandecauter. Julia Hababou, Shemsedine Balaj, Roland Schots etj. Po ashtu te pranishe ne kete evenment idjin edhe biznesmenet dhe afaristet e njohur te keti qyteti Xhevdet Shoshi, Ismail Bytyqi, Ismet Loshaj si dhe Albert Jashari, kryetar i rrjetit te bizneseve nga Suedija, Xhevat Halili, ish diplomat i RMV ne Paris, shkruan gazeta zvicerane LeCanton27.ch<\/p>\n<p>Kompania farmaceutike \u201cPharmabel\u201d brenda 18 muajve do t\u00eb p\u00ebrfundoi punimet ku do t\u00eb pun\u00ebsohen 150 qytetar\u00eb.<\/p>\n<p>Mbi 150 vende pune p\u00ebr qytetar\u00ebt tan\u00eb, e gjith\u00eb kjo me nj\u00eb investim prej 8 milion\u00eb eurosh, t\u00eb mb\u00ebshtetur nga biznesmen\u00eb t\u00eb diaspor\u00ebs son\u00eb n\u00eb Franc\u00eb me investitorin Hazis Vardar.<\/p>\n<p>Me v\u00ebnj\u00ebn e gurthemelit t\u00eb fabrik\u00ebs s\u00eb Bar\u00ebrave, qe u b\u00eb sot n\u00eb Dubrav\u00eb t\u00eb Istogut, e p\u00ebrfundimi i s\u00eb cil\u00ebs prit\u00ebt t\u00eb b\u00ebh\u00ebt pas 18-t\u00eb muajsh\u00eb, do t\u00eb shenoj kthes\u00eb n\u00eb zbutj\u00ebn e papun\u00ebsis\u00eb n\u00eb k\u00ebt\u00eb komun\u00eb.<\/p>\n<p>Fjalimet dhe rendedia e ketij objekti, fabrike farmaciotike u mbajten ne hotelin \u00ab Trofta \u00bb ku folesit nga kryetari i kounes dhe ekpette nderkombetar falenderuan Pacollin dhe Vardar per kontributin dhe misionin e tyre. Ne fund per mysafiret u shtrua dreke.<\/p>\n<p><img loading=\"lazy\" loading=\"lazy\" decoding=\"async\" class=\"size-medium wp-image-46548 td-animation-stack-type0-2\" src=\"https:\/\/lecanton27.ch\/wp-content\/uploads\/2025\/09\/IMG_1944-300x171.jpeg\" sizes=\"auto, (max-width: 300px) 100vw, 300px\" srcset=\"https:\/\/lecanton27.ch\/wp-content\/uploads\/2025\/09\/IMG_1944-300x171.jpeg 300w, https:\/\/lecanton27.ch\/wp-content\/uploads\/2025\/09\/IMG_1944-1024x582.jpeg 1024w, https:\/\/lecanton27.ch\/wp-content\/uploads\/2025\/09\/IMG_1944-768x437.jpeg 768w, https:\/\/lecanton27.ch\/wp-content\/uploads\/2025\/09\/IMG_1944-1536x873.jpeg 1536w, https:\/\/lecanton27.ch\/wp-content\/uploads\/2025\/09\/IMG_1944-2048x1164.jpeg 2048w, https:\/\/lecanton27.ch\/wp-content\/uploads\/2025\/09\/IMG_1944-150x85.jpeg 150w, https:\/\/lecanton27.ch\/wp-content\/uploads\/2025\/09\/IMG_1944-696x396.jpeg 696w, https:\/\/lecanton27.ch\/wp-content\/uploads\/2025\/09\/IMG_1944-1068x607.jpeg 1068w, https:\/\/lecanton27.ch\/wp-content\/uploads\/2025\/09\/IMG_1944-1920x1091.jpeg 1920w\" alt=\"\" width=\"300\" height=\"171\" \/><\/p>\n","protected":false},"excerpt":{"rendered":"<p>Hazis Vardar duke hedhur beton ne themelin e fabrikes me te re ne Kosove \u00ab Pharmabel \u00bb ne Istog para qytetareve dhe autoriteteve vendore Istog, 29 shtator -Sot ne qytetin e Rugoves ne Istog u vu gurthemelin e fabrikes \u201cPharmabel\u201d \u00a0fabrike kjo farmaceutike me standarde evropiane. Me ftese te Behgjet Pacollit dhe Hazis Vardar kete [&hellip;]<\/p>\n","protected":false},"author":1,"featured_media":8106,"comment_status":"closed","ping_status":"closed","sticky":false,"template":"","format":"standard","meta":{"footnotes":""},"categories":[9],"tags":[],"class_list":{"0":"post-8105","1":"post","2":"type-post","3":"status-publish","4":"format-standard","5":"has-post-thumbnail","7":"category-vendi"},"_links":{"self":[{"href":"https:\/\/syri.tv\/index.php?rest_route=\/wp\/v2\/posts\/8105","targetHints":{"allow":["GET"]}}],"collection":[{"href":"https:\/\/syri.tv\/index.php?rest_route=\/wp\/v2\/posts"}],"about":[{"href":"https:\/\/syri.tv\/index.php?rest_route=\/wp\/v2\/types\/post"}],"author":[{"embeddable":true,"href":"https:\/\/syri.tv\/index.php?rest_route=\/wp\/v2\/users\/1"}],"replies":[{"embeddable":true,"href":"https:\/\/syri.tv\/index.php?rest_route=%2Fwp%2Fv2%2Fcomments&post=8105"}],"version-history":[{"count":1,"href":"https:\/\/syri.tv\/index.php?rest_route=\/wp\/v2\/posts\/8105\/revisions"}],"predecessor-version":[{"id":8107,"href":"https:\/\/syri.tv\/index.php?rest_route=\/wp\/v2\/posts\/8105\/revisions\/8107"}],"wp:featuredmedia":[{"embeddable":true,"href":"https:\/\/syri.tv\/index.php?rest_route=\/wp\/v2\/media\/8106"}],"wp:attachment":[{"href":"https:\/\/syri.tv\/index.php?rest_route=%2Fwp%2Fv2%2Fmedia&parent=8105"}],"wp:term":[{"taxonomy":"category","embeddable":true,"href":"https:\/\/syri.tv\/index.php?rest_route=%2Fwp%2Fv2%2Fcategories&post=8105"},{"taxonomy":"post_tag","embeddable":true,"href":"https:\/\/syri.tv\/index.php?rest_route=%2Fwp%2Fv2%2Ftags&post=8105"}],"curies":[{"name":"wp","href":"https:\/\/api.w.org\/{rel}","templated":true}]}}