{"id":8072,"date":"2025-09-27T09:51:26","date_gmt":"2025-09-27T09:51:26","guid":{"rendered":"https:\/\/syri.tv\/?p=8072"},"modified":"2025-09-27T10:00:46","modified_gmt":"2025-09-27T10:00:46","slug":"montazh-diplomatik-apo-rastesi-e-koordinuar-e-njejta-foto-me-trump-per-vjosa-osmani-dhe-bajram-begaj","status":"publish","type":"post","link":"https:\/\/syri.tv\/?p=8072","title":{"rendered":"Montazh diplomatik apo rast\u00ebsi e koordinuar? E nj\u00ebjta foto me Trump p\u00ebr Vjosa Osmani dhe Bajram Begaj"},"content":{"rendered":"<p>Nj\u00eb foto e Presidentit amerikan Donald Trump, e p\u00ebrdorur n\u00eb dy postime t\u00eb ndryshme nga presidentja e Kosov\u00ebs dhe presidenti i Shqip\u00ebris\u00eb, ka ngjallur v\u00ebmendje n\u00eb rrjet. N\u00eb t\u00eb dyja rastet, Trump shfaqet n\u00eb t\u00eb nj\u00ebjt\u00ebn poz\u00eb, me t\u00eb nj\u00ebjtin sfond, ndri\u00e7im dhe gjest, duke ngritur dyshime mbi autenticitetin e pamjeve t\u00eb publikuara.<\/p>\n<p><img loading=\"lazy\" loading=\"lazy\" decoding=\"async\" class=\"alignnone size-medium wp-image-8074\" src=\"https:\/\/syri.tv\/wp-content\/uploads\/2025\/09\/FB_IMG_1758963932174-300x200.jpg\" alt=\"\" width=\"300\" height=\"200\" srcset=\"https:\/\/syri.tv\/wp-content\/uploads\/2025\/09\/FB_IMG_1758963932174-300x200.jpg 300w, https:\/\/syri.tv\/wp-content\/uploads\/2025\/09\/FB_IMG_1758963932174-1024x683.jpg 1024w, https:\/\/syri.tv\/wp-content\/uploads\/2025\/09\/FB_IMG_1758963932174-768x512.jpg 768w, https:\/\/syri.tv\/wp-content\/uploads\/2025\/09\/FB_IMG_1758963932174-330x220.jpg 330w, https:\/\/syri.tv\/wp-content\/uploads\/2025\/09\/FB_IMG_1758963932174-420x280.jpg 420w, https:\/\/syri.tv\/wp-content\/uploads\/2025\/09\/FB_IMG_1758963932174-615x410.jpg 615w, https:\/\/syri.tv\/wp-content\/uploads\/2025\/09\/FB_IMG_1758963932174-860x573.jpg 860w, https:\/\/syri.tv\/wp-content\/uploads\/2025\/09\/FB_IMG_1758963932174.jpg 1440w\" sizes=\"auto, (max-width: 300px) 100vw, 300px\" \/><\/p>\n<p>Analiza vizuale tregon se pozita e Trump \u00ebsht\u00eb identike n\u00eb t\u00eb dyja fotot, pa asnj\u00eb ndryshim n\u00eb mimik\u00eb apo kompozim. Kjo sugjeron p\u00ebrdorimin e s\u00eb nj\u00ebjt\u00ebs foto p\u00ebr dy takime t\u00eb ndryshme me figura t\u00eb ndryshme politike.<\/p>\n<p><img loading=\"lazy\" loading=\"lazy\" decoding=\"async\" class=\"alignnone size-medium wp-image-8075\" src=\"https:\/\/syri.tv\/wp-content\/uploads\/2025\/09\/FB_IMG_1758963909341-300x200.jpg\" alt=\"\" width=\"300\" height=\"200\" srcset=\"https:\/\/syri.tv\/wp-content\/uploads\/2025\/09\/FB_IMG_1758963909341-300x200.jpg 300w, https:\/\/syri.tv\/wp-content\/uploads\/2025\/09\/FB_IMG_1758963909341-1024x683.jpg 1024w, https:\/\/syri.tv\/wp-content\/uploads\/2025\/09\/FB_IMG_1758963909341-768x512.jpg 768w, https:\/\/syri.tv\/wp-content\/uploads\/2025\/09\/FB_IMG_1758963909341-330x220.jpg 330w, https:\/\/syri.tv\/wp-content\/uploads\/2025\/09\/FB_IMG_1758963909341-420x280.jpg 420w, https:\/\/syri.tv\/wp-content\/uploads\/2025\/09\/FB_IMG_1758963909341-615x410.jpg 615w, https:\/\/syri.tv\/wp-content\/uploads\/2025\/09\/FB_IMG_1758963909341-860x573.jpg 860w, https:\/\/syri.tv\/wp-content\/uploads\/2025\/09\/FB_IMG_1758963909341.jpg 1440w\" sizes=\"auto, (max-width: 300px) 100vw, 300px\" \/><\/p>\n<p>N\u00eb rrjetet sociale jan\u00eb ngritur pyetje mbi v\u00ebrtet\u00ebsin\u00eb e takimeve dhe mbi praktik\u00ebn e p\u00ebrdorimit t\u00eb montazheve n\u00eb komunikimin diplomatik. N\u00eb nj\u00eb koh\u00eb kur imazhi \u00ebsht\u00eb nj\u00eb mjet i fuqish\u00ebm politik, p\u00ebrdorimi i fotove t\u00eb ricikluara mund t\u00eb d\u00ebmtoj\u00eb besimin publik dhe t\u00eb krijoj\u00eb iluzionin e p\u00ebrfaq\u00ebsimit.<\/p>\n<p>Takimet me lider\u00eb nd\u00ebrkomb\u00ebtar\u00eb jan\u00eb momente t\u00eb r\u00ebnd\u00ebsishme p\u00ebr vendet tona. Por kur dokumentohen me pamje t\u00eb dyshimta, ato humbasin pesh\u00ebn simbolike dhe kredibilitetin.<\/p>\n<p>Publiku meriton qart\u00ebsi dhe autenticitet. N\u00ebse fotoja \u00ebsht\u00eb montazh, duhet sqaruar. N\u00ebse \u00ebsht\u00eb rast\u00ebsi protokollare, duhet kontekstualizuar. N\u00eb t\u00eb dyja rastet, transparenca \u00ebsht\u00eb \u00e7el\u00ebsi p\u00ebr nj\u00eb komunikim t\u00eb ndersh\u00ebm dhe p\u00ebrfaq\u00ebsim t\u00eb denj\u00eb.<\/p>\n<p><img loading=\"lazy\" loading=\"lazy\" decoding=\"async\" class=\"alignnone size-medium wp-image-8079\" src=\"https:\/\/syri.tv\/wp-content\/uploads\/2025\/09\/Screenshot_20250927_110604_Facebook-1-226x300.jpg\" alt=\"\" width=\"226\" height=\"300\" srcset=\"https:\/\/syri.tv\/wp-content\/uploads\/2025\/09\/Screenshot_20250927_110604_Facebook-1-226x300.jpg 226w, https:\/\/syri.tv\/wp-content\/uploads\/2025\/09\/Screenshot_20250927_110604_Facebook-1-772x1024.jpg 772w, https:\/\/syri.tv\/wp-content\/uploads\/2025\/09\/Screenshot_20250927_110604_Facebook-1-768x1019.jpg 768w, https:\/\/syri.tv\/wp-content\/uploads\/2025\/09\/Screenshot_20250927_110604_Facebook-1-860x1141.jpg 860w, https:\/\/syri.tv\/wp-content\/uploads\/2025\/09\/Screenshot_20250927_110604_Facebook-1.jpg 1080w\" sizes=\"auto, (max-width: 226px) 100vw, 226px\" \/><\/p>\n<p><img loading=\"lazy\" loading=\"lazy\" decoding=\"async\" class=\"alignnone size-medium wp-image-8080\" src=\"https:\/\/syri.tv\/wp-content\/uploads\/2025\/09\/Screenshot_20250927_110547_Facebook-1-169x300.jpg\" alt=\"\" width=\"169\" height=\"300\" srcset=\"https:\/\/syri.tv\/wp-content\/uploads\/2025\/09\/Screenshot_20250927_110547_Facebook-1-169x300.jpg 169w, https:\/\/syri.tv\/wp-content\/uploads\/2025\/09\/Screenshot_20250927_110547_Facebook-1-576x1024.jpg 576w, https:\/\/syri.tv\/wp-content\/uploads\/2025\/09\/Screenshot_20250927_110547_Facebook-1-768x1365.jpg 768w, https:\/\/syri.tv\/wp-content\/uploads\/2025\/09\/Screenshot_20250927_110547_Facebook-1-864x1536.jpg 864w, https:\/\/syri.tv\/wp-content\/uploads\/2025\/09\/Screenshot_20250927_110547_Facebook-1-860x1528.jpg 860w, https:\/\/syri.tv\/wp-content\/uploads\/2025\/09\/Screenshot_20250927_110547_Facebook-1.jpg 1080w\" sizes=\"auto, (max-width: 169px) 100vw, 169px\" \/><\/p>\n","protected":false},"excerpt":{"rendered":"<p>Nj\u00eb foto e Presidentit amerikan Donald Trump, e p\u00ebrdorur n\u00eb dy postime t\u00eb ndryshme nga presidentja e Kosov\u00ebs dhe presidenti i Shqip\u00ebris\u00eb, ka ngjallur v\u00ebmendje n\u00eb rrjet. N\u00eb t\u00eb dyja rastet, Trump shfaqet n\u00eb t\u00eb nj\u00ebjt\u00ebn poz\u00eb, me t\u00eb nj\u00ebjtin sfond, ndri\u00e7im dhe gjest, duke ngritur dyshime mbi autenticitetin e pamjeve t\u00eb publikuara. Analiza vizuale [&hellip;]<\/p>\n","protected":false},"author":7,"featured_media":8073,"comment_status":"closed","ping_status":"closed","sticky":false,"template":"","format":"standard","meta":{"footnotes":""},"categories":[9],"tags":[],"class_list":{"0":"post-8072","1":"post","2":"type-post","3":"status-publish","4":"format-standard","5":"has-post-thumbnail","7":"category-vendi"},"_links":{"self":[{"href":"https:\/\/syri.tv\/index.php?rest_route=\/wp\/v2\/posts\/8072","targetHints":{"allow":["GET"]}}],"collection":[{"href":"https:\/\/syri.tv\/index.php?rest_route=\/wp\/v2\/posts"}],"about":[{"href":"https:\/\/syri.tv\/index.php?rest_route=\/wp\/v2\/types\/post"}],"author":[{"embeddable":true,"href":"https:\/\/syri.tv\/index.php?rest_route=\/wp\/v2\/users\/7"}],"replies":[{"embeddable":true,"href":"https:\/\/syri.tv\/index.php?rest_route=%2Fwp%2Fv2%2Fcomments&post=8072"}],"version-history":[{"count":3,"href":"https:\/\/syri.tv\/index.php?rest_route=\/wp\/v2\/posts\/8072\/revisions"}],"predecessor-version":[{"id":8082,"href":"https:\/\/syri.tv\/index.php?rest_route=\/wp\/v2\/posts\/8072\/revisions\/8082"}],"wp:featuredmedia":[{"embeddable":true,"href":"https:\/\/syri.tv\/index.php?rest_route=\/wp\/v2\/media\/8073"}],"wp:attachment":[{"href":"https:\/\/syri.tv\/index.php?rest_route=%2Fwp%2Fv2%2Fmedia&parent=8072"}],"wp:term":[{"taxonomy":"category","embeddable":true,"href":"https:\/\/syri.tv\/index.php?rest_route=%2Fwp%2Fv2%2Fcategories&post=8072"},{"taxonomy":"post_tag","embeddable":true,"href":"https:\/\/syri.tv\/index.php?rest_route=%2Fwp%2Fv2%2Ftags&post=8072"}],"curies":[{"name":"wp","href":"https:\/\/api.w.org\/{rel}","templated":true}]}}