{"id":8063,"date":"2025-09-25T23:24:14","date_gmt":"2025-09-25T23:24:14","guid":{"rendered":"https:\/\/syri.tv\/?p=8063"},"modified":"2025-09-25T23:24:14","modified_gmt":"2025-09-25T23:24:14","slug":"klan-kosova-24-ore-7-dite-ne-jave-30-dite-ne-muaj-prodhon-program-politike-kunder-institucioneve-te-shtetit","status":"publish","type":"post","link":"https:\/\/syri.tv\/?p=8063","title":{"rendered":"Klan Kosova 24 or\u00eb, 7 dit\u00eb n\u00eb jav\u00eb, 30 dit\u00eb n\u00eb muaj prodhon program politik\u00eb kund\u00ebr institucioneve t\u00eb shtetit"},"content":{"rendered":"<p>N\u00ebse e shikojm\u00eb dhe vler\u00ebsojm\u00eb nga aspekti i an\u00ebs teknike, skem\u00ebs programore, dizajnit, skenografis\u00eb, stafit teknik dhe gjitha resurset tjera njer\u00ebzore, <a href=\"https:\/\/www.facebook.com\/KlanKosovaOfficial1?__cft__%5b0%5d=AZUixeeAj3A4KvTgcHFi0yrDL6MXcghytEEdFc7KhAUaU2y-ZRa631CQ8R6i37IyOI2h1jGZYsDGSIynPyB6qACvtTgVbxqAerTu7f1lkZriJCAiLcnSxj-8DTinYsh8-O6FHypBwWwDK6-onMrDjC4ELhsxEksc-OxM_R94dfm3FbE_yA4BQgqiiFni5F7U0s4MZNYdPSyoCVvwrUPZIQi4UqKxw6aJqI33fQEdut2ZdCeE5Db_jlwES0Lp6SVuNIM&amp;__tn__=-%5dK-R\"><strong>Klan Kosova<\/strong><\/a> radhitet n\u00eb rangun e Televizioneve me renome t\u00eb nivelit bot\u00ebror\u00eb !<\/p>\n<p>E n\u00ebse k\u00ebt\u00eb Televizion me Frekuenc\u00eb Nacionale n\u00eb Kosov\u00eb e vler\u00ebsojm\u00eb profesionalisht duke ju p\u00ebrmbajtur etik\u00ebs dhe kodeksit t\u00eb gazetaris\u00eb, vijm\u00eb n\u00eb p\u00ebrfundim se Politika Redaktuese<\/p>\n<p>e k\u00ebtij Televizioni \u00ebsht\u00eb n\u00eb kund\u00ebrshtim me vlerat dhe q\u00ebllimin e Medias p\u00ebr informim t\u00eb<\/p>\n<p>interesit publik, ashtu edhe interesit komb\u00ebtar\u00eb!<\/p>\n<p>Si \u00ebsht\u00eb e mundur nj\u00eb Televizion i k\u00ebtij kalibri 24 or\u00eb n\u00eb dit\u00eb, 7 dita t\u00eb jav\u00ebs, 30 dita t\u00eb muajit prodhon program televiziv me politik\u00eb redaktuese kund\u00ebr institucioneve t\u00eb shtetit dhe bart\u00ebsve udh\u00ebheq\u00ebs t\u00eb shtyllave t\u00eb shtetit<\/p>\n<p>Aq sa e llogaris veten q\u00eb jam profesionist i k\u00ebsaj veprimtarie, me 23 vite p\u00ebrvoj\u00eb n\u00eb menaxhim t\u00eb nj\u00eb Mediumi n\u00eb gjuh\u00ebn shqipe dhe si themelues i dy Mediumeve t\u00eb Luft\u00ebrave \u00c7lirimtare, mendoj dhe dyshoj se Klan Kosova po e kryen &#171;pun\u00ebn e dreqit&#187; n\u00eb llogari t\u00eb dikujt, ose p\u00ebr interesa personale ose ka ndonj\u00eb siklet !<\/p>\n<p>Qofsha i gabuar n\u00eb vler\u00ebsimin tim!!<\/p>\n<p><a href=\"https:\/\/www.facebook.com\/photo?fbid=122147655668662885&amp;set=a.122104841978662885\">(4) Facebook<\/a><\/p>\n<p><img loading=\"lazy\" loading=\"lazy\" decoding=\"async\" class=\"alignnone  wp-image-8060\" src=\"https:\/\/syri.tv\/wp-content\/uploads\/2025\/09\/nb.png\" alt=\"\" width=\"350\" height=\"419\" srcset=\"https:\/\/syri.tv\/wp-content\/uploads\/2025\/09\/nb.png 518w, https:\/\/syri.tv\/wp-content\/uploads\/2025\/09\/nb-251x300.png 251w\" sizes=\"auto, (max-width: 350px) 100vw, 350px\" \/><\/p>\n","protected":false},"excerpt":{"rendered":"<p>N\u00ebse e shikojm\u00eb dhe vler\u00ebsojm\u00eb nga aspekti i an\u00ebs teknike, skem\u00ebs programore, dizajnit, skenografis\u00eb, stafit teknik dhe gjitha resurset tjera njer\u00ebzore, Klan Kosova radhitet n\u00eb rangun e Televizioneve me renome t\u00eb nivelit bot\u00ebror\u00eb ! E n\u00ebse k\u00ebt\u00eb Televizion me Frekuenc\u00eb Nacionale n\u00eb Kosov\u00eb e vler\u00ebsojm\u00eb profesionalisht duke ju p\u00ebrmbajtur etik\u00ebs dhe kodeksit t\u00eb gazetaris\u00eb, vijm\u00eb [&hellip;]<\/p>\n","protected":false},"author":1,"featured_media":8064,"comment_status":"closed","ping_status":"closed","sticky":false,"template":"","format":"standard","meta":{"footnotes":""},"categories":[9],"tags":[],"class_list":{"0":"post-8063","1":"post","2":"type-post","3":"status-publish","4":"format-standard","5":"has-post-thumbnail","7":"category-vendi"},"_links":{"self":[{"href":"https:\/\/syri.tv\/index.php?rest_route=\/wp\/v2\/posts\/8063","targetHints":{"allow":["GET"]}}],"collection":[{"href":"https:\/\/syri.tv\/index.php?rest_route=\/wp\/v2\/posts"}],"about":[{"href":"https:\/\/syri.tv\/index.php?rest_route=\/wp\/v2\/types\/post"}],"author":[{"embeddable":true,"href":"https:\/\/syri.tv\/index.php?rest_route=\/wp\/v2\/users\/1"}],"replies":[{"embeddable":true,"href":"https:\/\/syri.tv\/index.php?rest_route=%2Fwp%2Fv2%2Fcomments&post=8063"}],"version-history":[{"count":1,"href":"https:\/\/syri.tv\/index.php?rest_route=\/wp\/v2\/posts\/8063\/revisions"}],"predecessor-version":[{"id":8065,"href":"https:\/\/syri.tv\/index.php?rest_route=\/wp\/v2\/posts\/8063\/revisions\/8065"}],"wp:featuredmedia":[{"embeddable":true,"href":"https:\/\/syri.tv\/index.php?rest_route=\/wp\/v2\/media\/8064"}],"wp:attachment":[{"href":"https:\/\/syri.tv\/index.php?rest_route=%2Fwp%2Fv2%2Fmedia&parent=8063"}],"wp:term":[{"taxonomy":"category","embeddable":true,"href":"https:\/\/syri.tv\/index.php?rest_route=%2Fwp%2Fv2%2Fcategories&post=8063"},{"taxonomy":"post_tag","embeddable":true,"href":"https:\/\/syri.tv\/index.php?rest_route=%2Fwp%2Fv2%2Ftags&post=8063"}],"curies":[{"name":"wp","href":"https:\/\/api.w.org\/{rel}","templated":true}]}}