{"id":8038,"date":"2025-09-25T06:21:50","date_gmt":"2025-09-25T06:21:50","guid":{"rendered":"https:\/\/syri.tv\/?p=8038"},"modified":"2025-09-25T06:21:50","modified_gmt":"2025-09-25T06:21:50","slug":"per-inat-te-nuses-te-vdese-djali-gazetaria-qe-hesht-kur-duhet-te-flase","status":"publish","type":"post","link":"https:\/\/syri.tv\/?p=8038","title":{"rendered":"P\u00ebr inat t\u00eb nuses t\u00eb vdes\u00eb djali \u2013 gazetaria q\u00eb hesht kur duhet t\u00eb flas\u00eb"},"content":{"rendered":"<p>Dy vjet pas sulmit n\u00eb Banjske, asnj\u00eb media kosovare nuk ka guxuar t\u00eb raportoj\u00eb nga terreni, nd\u00ebrsa propaganda serbe vazhdon t\u00eb shkruaj\u00eb historin\u00eb si\u00e7 i konvenon.<\/p>\n<p>M\u00eb 24 shtator 2023, fshati Banjska n\u00eb veri t\u00eb Kosov\u00ebs u b\u00eb sken\u00eb e nj\u00eb sulmi t\u00eb armatosur q\u00eb tronditi vendin dhe rajonin. Nj\u00eb grup i organizuar serb, i udh\u00ebhequr nga Milan Radoi\u00e7iq, vrau nj\u00eb polic t\u00eb Kosov\u00ebs dhe u p\u00ebrlesh me forcat e siguris\u00eb n\u00eb nj\u00eb akt q\u00eb u cil\u00ebsua gjer\u00ebsisht si terrorist. Dy vjet m\u00eb von\u00eb, pyetja q\u00eb mbetet pezull \u00ebsht\u00eb: Ku jan\u00eb mediat tona?<\/p>\n<p>Asnj\u00eb kamer\u00eb nga Kosova n\u00eb Banjske<\/p>\n<p>N\u00eb dy vite, asnj\u00eb televizion kosovar nuk ka realizuar nj\u00eb dokumentar t\u00eb plot\u00eb nga vendngjarja. Jo nga Mitrovica e Veriut, jo nga Banjska, jo nga rrug\u00ebt ku u zhvillua p\u00ebrleshja. Pamjet q\u00eb qarkullojn\u00eb jan\u00eb arkivore, t\u00eb marra nga institucionet, ose t\u00eb huazuara nga mediat nd\u00ebrkomb\u00ebtare. Edhe reportazhet e fundit p\u00ebr p\u00ebrvjetorin, ndon\u00ebse t\u00eb mir\u00ebpritura, mbeten t\u00eb thjeshta dhe pa qasje n\u00eb terren.<\/p>\n<p>Top Channel \u2013 i vetmi me pamje ekskluzive<\/p>\n<p>Ironikisht, nj\u00eb televizion nga Shqip\u00ebria, Top Channel, ka arritur t\u00eb dep\u00ebrtoj\u00eb n\u00eb zem\u00ebr t\u00eb veriut. Dokumentari i Grida Dum\u00ebs n\u00eb emisionin Top Story, i transmetuar m\u00eb 8 shtator 2025, sjell pamje nga Banjska, Ujmani, vila e Radoi\u00e7iqit dhe rr\u00ebfime nga zyrtar\u00eb t\u00eb Policis\u00eb s\u00eb Kosov\u00ebs. Nj\u00eb media jo-kosovare, me qasje, kuraj\u00eb dhe vizion.<\/p>\n<p>Heshtja q\u00eb flet shum\u00eb \u2013 kritik\u00eb p\u00ebr koleg\u00ebt tan\u00eb<\/p>\n<p>Kjo munges\u00eb e prezenc\u00ebs mediatike n\u00eb veri nuk \u00ebsht\u00eb thjesht \u00e7\u00ebshtje logjistike. \u00cbsht\u00eb simptom\u00eb e nj\u00eb frike institucionale, e nj\u00eb mungese investimi n\u00eb gazetari vizuale, dhe e nj\u00eb neglizhence ndaj kujtes\u00ebs kolektive. Por mbi t\u00eb gjitha, \u00ebsht\u00eb nj\u00eb d\u00ebshtim profesional.<\/p>\n<p>Dhe k\u00ebtu lind pyetja:<\/p>\n<p>A po heshtim nga frika, nga paaft\u00ebsia, apo nga kalkulimi politik?<\/p>\n<p>Interes t\u00eb kujt po mbrojm\u00eb duke mos raportuar nga veriu?<\/p>\n<p>A \u00ebsht\u00eb kjo nj\u00eb sabotim i heshtur ndaj arritjeve t\u00eb qeveris\u00eb Kurti n\u00eb veri?<\/p>\n<p>A po e nd\u00ebshkojm\u00eb narrativen institucionale \u201cp\u00ebr inat t\u00eb nuses me vdek djali\u201d?<\/p>\n<p>Koleg\u00eb gazetar\u00eb, redaktor\u00eb, drejtues mediash \u2013 ky \u00ebsht\u00eb momenti p\u00ebr t\u00eb reflektuar. Nuk mjafton t\u00eb flasim p\u00ebr profesionaliz\u00ebm n\u00eb konferenca, kur nuk guxojm\u00eb t\u00eb shkojm\u00eb n\u00eb Banjske. Nuk mjafton t\u00eb kritikojm\u00eb propagand\u00ebn serbe, kur nuk e kund\u00ebrshtojm\u00eb me fakte vizuale nga terreni.<\/p>\n<p>Pse nuk dalim n\u00eb terren?<\/p>\n<p>Pse nuk shkojm\u00eb t\u00eb marrim intervista nga banor\u00ebt shqiptar\u00eb t\u00eb asaj ane?<\/p>\n<p>Pse jo edhe banor\u00eb serb\u00eb, apo nga komunitete t\u00eb tjera q\u00eb jetojn\u00eb n\u00eb veri?<\/p>\n<p>Pse nuk dalim n\u00eb terren, t\u00eb marrim pamje, t\u00eb paraqesim si ka qen\u00eb dhe si \u00ebsht\u00eb sot?<\/p>\n<p>Si\u00e7 e dim\u00eb shumica q\u00eb ka vizituar at\u00eb zon\u00eb, sidomos popullata vendore, liria e l\u00ebvizjes ekziston. Nuk \u00ebsht\u00eb e pamundur t\u00eb shkojm\u00eb. Por duket se nuk duam. Apo nuk na lejojn\u00eb? Apo nuk na konvenon?<\/p>\n<p>N\u00ebse nuk e dokumentojm\u00eb vet\u00eb, t\u00eb tjer\u00ebt do ta b\u00ebjn\u00eb si ju konvenon<\/p>\n<p>N\u00ebse nuk e dokumentojm\u00eb vet\u00eb Banjsk\u00ebn, por edhe ngjarjet e tjera ky\u00e7e \u2013 luft\u00ebn e fundit, p\u00ebrpjekjet p\u00ebr shtet nd\u00ebrtim, p\u00ebrballje me strukturat paralele \u2013 t\u00eb tjer\u00ebt do ta b\u00ebjn\u00eb p\u00ebr vete, e si don\u00eb vet. N\u00ebse nuk e shkruajm\u00eb historin\u00eb vet, t\u00eb tjer\u00ebt mund ta shkruajn\u00eb si ju konvenon. Dhe historia e shkruar nga t\u00eb tjer\u00ebt, shpesh b\u00ebhet arm\u00eb kund\u00ebr nesh.<\/p>\n<p>Propaganda e Serbis\u00eb \u00ebsht\u00eb e madhe, e sofistikuar dhe aktive. Nd\u00ebrsa ne shqiptar\u00ebt, shpesh b\u00ebjm\u00eb propagand\u00eb mes vete. Mos bashkimi, mosbashk\u00ebpunimi, edhe kur cenohet integriteti territorial, shteti yn\u00eb, kombi yn\u00eb \u2013 kjo \u00ebsht\u00eb e r\u00ebnd\u00eb. Na ka kushtuar \u00e7do her\u00eb. Dhe po na kushton s\u00ebrish. Si\u00e7 duket, interesat personale, p\u00ebrfitimet personale, jan\u00eb b\u00ebr\u00eb m\u00eb t\u00eb r\u00ebnd\u00ebsishme se e v\u00ebrteta, se historia, se drejt\u00ebsia.<\/p>\n<p>N\u00ebse nuk e dokumentojm\u00eb vet\u00eb, t\u00eb tjer\u00ebt do ta b\u00ebjn\u00eb p\u00ebr vete. Dhe historia nuk pret.<\/p>\n","protected":false},"excerpt":{"rendered":"<p>Dy vjet pas sulmit n\u00eb Banjske, asnj\u00eb media kosovare nuk ka guxuar t\u00eb raportoj\u00eb nga terreni, nd\u00ebrsa propaganda serbe vazhdon t\u00eb shkruaj\u00eb historin\u00eb si\u00e7 i konvenon. M\u00eb 24 shtator 2023, fshati Banjska n\u00eb veri t\u00eb Kosov\u00ebs u b\u00eb sken\u00eb e nj\u00eb sulmi t\u00eb armatosur q\u00eb tronditi vendin dhe rajonin. Nj\u00eb grup i organizuar serb, i [&hellip;]<\/p>\n","protected":false},"author":1,"featured_media":8039,"comment_status":"closed","ping_status":"closed","sticky":false,"template":"","format":"standard","meta":{"footnotes":""},"categories":[9],"tags":[],"class_list":{"0":"post-8038","1":"post","2":"type-post","3":"status-publish","4":"format-standard","5":"has-post-thumbnail","7":"category-vendi"},"_links":{"self":[{"href":"https:\/\/syri.tv\/index.php?rest_route=\/wp\/v2\/posts\/8038","targetHints":{"allow":["GET"]}}],"collection":[{"href":"https:\/\/syri.tv\/index.php?rest_route=\/wp\/v2\/posts"}],"about":[{"href":"https:\/\/syri.tv\/index.php?rest_route=\/wp\/v2\/types\/post"}],"author":[{"embeddable":true,"href":"https:\/\/syri.tv\/index.php?rest_route=\/wp\/v2\/users\/1"}],"replies":[{"embeddable":true,"href":"https:\/\/syri.tv\/index.php?rest_route=%2Fwp%2Fv2%2Fcomments&post=8038"}],"version-history":[{"count":1,"href":"https:\/\/syri.tv\/index.php?rest_route=\/wp\/v2\/posts\/8038\/revisions"}],"predecessor-version":[{"id":8040,"href":"https:\/\/syri.tv\/index.php?rest_route=\/wp\/v2\/posts\/8038\/revisions\/8040"}],"wp:featuredmedia":[{"embeddable":true,"href":"https:\/\/syri.tv\/index.php?rest_route=\/wp\/v2\/media\/8039"}],"wp:attachment":[{"href":"https:\/\/syri.tv\/index.php?rest_route=%2Fwp%2Fv2%2Fmedia&parent=8038"}],"wp:term":[{"taxonomy":"category","embeddable":true,"href":"https:\/\/syri.tv\/index.php?rest_route=%2Fwp%2Fv2%2Fcategories&post=8038"},{"taxonomy":"post_tag","embeddable":true,"href":"https:\/\/syri.tv\/index.php?rest_route=%2Fwp%2Fv2%2Ftags&post=8038"}],"curies":[{"name":"wp","href":"https:\/\/api.w.org\/{rel}","templated":true}]}}