{"id":7955,"date":"2025-09-22T09:09:15","date_gmt":"2025-09-22T09:09:15","guid":{"rendered":"https:\/\/syri.tv\/?p=7955"},"modified":"2025-09-22T10:38:11","modified_gmt":"2025-09-22T10:38:11","slug":"fc-prishtina-bern-ne-ndeshjen-historike-ndaj-fc-sionit-per-kupen-e-zvicres-humb-0-2","status":"publish","type":"post","link":"https:\/\/syri.tv\/?p=7955","title":{"rendered":"FC Prishtina Bern n\u00eb ndeshjen historike ndaj FC Sionit p\u00ebr Kup\u00ebn e Zvicr\u00ebs humb  0 = 2"},"content":{"rendered":"<p>Ishte m\u00eb shum\u00eb fest\u00eb e t\u00eb gjith\u00eb shqiptar\u00ebve se sa ndeshje futbolli q\u00eb ishte aq mir\u00eb e organizuar nga i gjith\u00eb stafi i FC Prishtina n\u00eb kryeqytetin Helvetik Bern.<\/p>\n<p>Para fillimit t\u00eb ndeshjes q\u00eb n\u00eb hyrje shihej nj\u00eb organizim tejet i kompletuar dhe nj\u00eb ndryshim i infrastruktur\u00ebs tejet profesional nga udh\u00ebheq\u00ebsia e klubit.<\/p>\n<p>N\u00eb hyrje u mir\u00ebprit\u00ebm\u00a0nga Enver Qorraj i cili me buz\u00ebqeshje tha se mezi presim q\u00eb t\u00eb figuroj\u00eb ora 19 p\u00ebr fillimin e ndeshjes pasi q\u00eb p\u00ebrgatitja \u00ebsht\u00eb e mir\u00eb nga i gjith\u00eb stafi i klubit duke p\u00ebrfshir\u00eb edhe themeluesit e par\u00eb e gjer te udh\u00ebheq\u00ebsia e re q\u00eb me shume sukses menaxhon klubin.<\/p>\n<p>Brenda stadiumit ishin t\u00eb ndare hyrjet dhe vendet e tifoz\u00ebve t\u00eb FC Sionit cil\u00ebt nj\u00eb num\u00ebr i madh prej tyre u befasuan me mikpritjen e FC Prishtina q\u00eb nuk e kishin llogaritur ata se \u00e7do nj\u00ebri nga tifoz\u00ebt do t\u00eb shp\u00ebrblehen me nga nj\u00eb pije falas. N\u00eb mesin e tifoz\u00ebve t\u00eb FC Sionit shihej edhe presidenti i klubit t\u00eb tyre Christian Constantin q\u00eb kishte ardhur ta p\u00ebrcjell\u00eb ndeshjen .<\/p>\n<p><img loading=\"lazy\" loading=\"lazy\" decoding=\"async\" class=\"alignnone size-large wp-image-7964\" src=\"https:\/\/syri.tv\/wp-content\/uploads\/2025\/09\/WhatsApp-Image-2025-09-22-at-10.46.35-1024x576.jpeg\" alt=\"\" width=\"1024\" height=\"576\" srcset=\"https:\/\/syri.tv\/wp-content\/uploads\/2025\/09\/WhatsApp-Image-2025-09-22-at-10.46.35-1024x576.jpeg 1024w, https:\/\/syri.tv\/wp-content\/uploads\/2025\/09\/WhatsApp-Image-2025-09-22-at-10.46.35-300x169.jpeg 300w, https:\/\/syri.tv\/wp-content\/uploads\/2025\/09\/WhatsApp-Image-2025-09-22-at-10.46.35-768x432.jpeg 768w, https:\/\/syri.tv\/wp-content\/uploads\/2025\/09\/WhatsApp-Image-2025-09-22-at-10.46.35-1536x864.jpeg 1536w, https:\/\/syri.tv\/wp-content\/uploads\/2025\/09\/WhatsApp-Image-2025-09-22-at-10.46.35-860x484.jpeg 860w, https:\/\/syri.tv\/wp-content\/uploads\/2025\/09\/WhatsApp-Image-2025-09-22-at-10.46.35.jpeg 2016w\" sizes=\"auto, (max-width: 1024px) 100vw, 1024px\" \/><\/p>\n<p>Tek pjesa e ndar\u00eb t\u00eb FC Prishtina p\u00ebr t\u00eb ftuarit, prezent ishin Ambasadori i Kosov\u00ebs n\u00eb Zvic\u00ebr z. Mentor Latifi, kryesia e Unionit t\u00eb Klubeve Shqiptare t\u00eb Futbollit n\u00eb Zvic\u00ebr me Kryetarin z. Feti Demoli, n\u00ebnkryetari Reshit Morina dhe drejtori TV Syri dhe sekretar i UKSHFZ z. Musli Saiti, Referi i mir\u00ebnjohur shqiptar z. Bekim Zogaj dhe shume t\u00eb tjer\u00eb. Kryesia e FC Prshtina i shoq\u00ebronin mysafir\u00ebt si Gazmend Tetaj drejtor sportiv i Prishtina Bern, kryetari i Klubit Bujar Mehmeti, antari kryesis\u00eb Enver Qorraj dhe veterani Rexhep Mustafa e t\u00eb tjer\u00eb.<\/p>\n<p>Sipas bisedave me kryesin\u00eb e FC Prishtina para ndeshjes, kryetari Bujar Mehmeti tha se \u00ebsht\u00eb\u00a0 sukses i klubit qe kemi arritur t\u00eb garojm\u00eb n\u00eb lig\u00ebn e par\u00eb. Ne presim edhe m\u00eb shum\u00eb n\u00eb t\u00eb ardhmen pasi qe kemi nj\u00eb ekip t\u00eb mire dhe jemi mire te organizuar dhe te mb\u00ebshtetur nga bashkatdhetar\u00ebt dhe bizneset.<\/p>\n<p>Po ashtu edhe kryetari i dyt\u00eb i FC Prishtina Jeton Tolaj tha se jemi n\u00eb nj\u00eb faz\u00eb tejet kulminante me klubin dhe shpresojm\u00eb q\u00eb t\u00eb arrijm\u00eb edhe m\u00eb lart\u00eb n\u00ebse ecim me hapa t\u00eb sigurt\u00eb me k\u00ebt\u00eb ekip q\u00eb kemi.<\/p>\n<p>Nenkryetari Orhan Demiri ishte tejet i lumtur dhe na falenderoj p\u00ebr prezenc\u00ebn ton\u00eb dhe t\u00eb gjith\u00a8t\u00eb pranishmit sot por, duhet falenderuar edhe te gjithe tifoz\u00ebt q\u00eb na mb\u00ebshtesin n\u00eb \u00e7do ndeshje. Faleminderit t\u00eb gjith\u00ebve&#8230;!<\/p>\n<p>Gazmend Tetaj drejtor sportiv i FC Prishtina tha se \u00ebsht\u00eb moment i r\u00ebnd\u00ebsish\u00ebm historik dhe \u00e7do gj\u00eb \u00ebsht\u00eb e mundur n\u00eb Bodenweid. Kemi nj\u00eb ekip t\u00eb mir\u00eb dhe t\u00eb p\u00ebrgatitur fizikisht dhe teknikisht e ky \u00ebsht\u00eb nj\u00eb shanse shpresoj do t\u00eb kemi edhe fat. P\u00ebrve\u00e7 shqiptar\u00ebve, ne kemi edhe zviceran\u00eb dhe lojtar\u00eb t\u00eb nacionaliteteve tjera dhe harmoni n\u00eb ekip.<\/p>\n<p><img loading=\"lazy\" loading=\"lazy\" decoding=\"async\" class=\"alignnone size-large wp-image-7966\" src=\"https:\/\/syri.tv\/wp-content\/uploads\/2025\/09\/WhatsApp-Image-2025-09-21-at-23.04.31-2-1-768x1024.jpeg\" alt=\"\" width=\"768\" height=\"1024\" srcset=\"https:\/\/syri.tv\/wp-content\/uploads\/2025\/09\/WhatsApp-Image-2025-09-21-at-23.04.31-2-1-768x1024.jpeg 768w, https:\/\/syri.tv\/wp-content\/uploads\/2025\/09\/WhatsApp-Image-2025-09-21-at-23.04.31-2-1-225x300.jpeg 225w, https:\/\/syri.tv\/wp-content\/uploads\/2025\/09\/WhatsApp-Image-2025-09-21-at-23.04.31-2-1-1152x1536.jpeg 1152w, https:\/\/syri.tv\/wp-content\/uploads\/2025\/09\/WhatsApp-Image-2025-09-21-at-23.04.31-2-1-860x1147.jpeg 860w, https:\/\/syri.tv\/wp-content\/uploads\/2025\/09\/WhatsApp-Image-2025-09-21-at-23.04.31-2-1.jpeg 1536w\" sizes=\"auto, (max-width: 768px) 100vw, 768px\" \/><\/p>\n<p>Rexhep Mustafa nj\u00eb veteran dhe nd\u00ebr themeluesit e FC Prishtina tha se nuk ka menduar at\u00ebher\u00eb n\u00eb vitet e 90-ta q\u00eb sot t\u00eb jet\u00eb kjo dit\u00eb e q\u00eb po ky klub sot t\u00eb garoje me nj\u00eb klub t\u00eb super lig\u00ebs si q\u00eb \u00ebsht\u00eb FC Sioni. Ky shans u arrit duke fal\u00ebnderuar t\u00eb gjith\u00ebve e n\u00eb ve\u00e7anti kryesin\u00eb dhe rinise ton\u00eb shqiptare t\u00eb cil\u00ebt me sukses t\u00eb madh tregojn\u00eb kultur\u00ebn dhe jet\u00ebn ton\u00eb shqiptare n\u00eb Zvic\u00ebr.<\/p>\n<p><img loading=\"lazy\" loading=\"lazy\" decoding=\"async\" class=\"alignnone size-large wp-image-7968\" src=\"https:\/\/syri.tv\/wp-content\/uploads\/2025\/09\/WhatsApp-Image-2025-09-21-at-23.04.31-4-1024x768.jpeg\" alt=\"\" width=\"1024\" height=\"768\" srcset=\"https:\/\/syri.tv\/wp-content\/uploads\/2025\/09\/WhatsApp-Image-2025-09-21-at-23.04.31-4-1024x768.jpeg 1024w, https:\/\/syri.tv\/wp-content\/uploads\/2025\/09\/WhatsApp-Image-2025-09-21-at-23.04.31-4-300x225.jpeg 300w, https:\/\/syri.tv\/wp-content\/uploads\/2025\/09\/WhatsApp-Image-2025-09-21-at-23.04.31-4-768x576.jpeg 768w, https:\/\/syri.tv\/wp-content\/uploads\/2025\/09\/WhatsApp-Image-2025-09-21-at-23.04.31-4-1536x1152.jpeg 1536w, https:\/\/syri.tv\/wp-content\/uploads\/2025\/09\/WhatsApp-Image-2025-09-21-at-23.04.31-4-860x645.jpeg 860w, https:\/\/syri.tv\/wp-content\/uploads\/2025\/09\/WhatsApp-Image-2025-09-21-at-23.04.31-4.jpeg 2048w\" sizes=\"auto, (max-width: 1024px) 100vw, 1024px\" \/><\/p>\n<p>P\u00ebr mysafiret e ftuar kujdesej edhe Enver Qorraj i cili me shume emocione dhe g\u00ebzim t\u00eb pa p\u00ebrshkruar p\u00ebrsh\u00ebndetej me mysafiret duke fal\u00ebnderuar p\u00ebr nderin respektin dhe mir\u00ebseardhjen sot tek FC Prishtina.<\/p>\n<p><img loading=\"lazy\" loading=\"lazy\" decoding=\"async\" class=\"alignnone size-large wp-image-7967\" src=\"https:\/\/syri.tv\/wp-content\/uploads\/2025\/09\/WhatsApp-Image-2025-09-21-at-23.04.31-3-1024x768.jpeg\" alt=\"\" width=\"1024\" height=\"768\" srcset=\"https:\/\/syri.tv\/wp-content\/uploads\/2025\/09\/WhatsApp-Image-2025-09-21-at-23.04.31-3-1024x768.jpeg 1024w, https:\/\/syri.tv\/wp-content\/uploads\/2025\/09\/WhatsApp-Image-2025-09-21-at-23.04.31-3-300x225.jpeg 300w, https:\/\/syri.tv\/wp-content\/uploads\/2025\/09\/WhatsApp-Image-2025-09-21-at-23.04.31-3-768x576.jpeg 768w, https:\/\/syri.tv\/wp-content\/uploads\/2025\/09\/WhatsApp-Image-2025-09-21-at-23.04.31-3-1536x1152.jpeg 1536w, https:\/\/syri.tv\/wp-content\/uploads\/2025\/09\/WhatsApp-Image-2025-09-21-at-23.04.31-3-860x645.jpeg 860w, https:\/\/syri.tv\/wp-content\/uploads\/2025\/09\/WhatsApp-Image-2025-09-21-at-23.04.31-3.jpeg 2048w\" sizes=\"auto, (max-width: 1024px) 100vw, 1024px\" \/><\/p>\n<p>Ambasadori i Kosov\u00ebs n\u00eb Zvic\u00ebr z. Mentor Latifi tha se sporti \u00ebsht\u00eb shum\u00eb i r\u00ebnd\u00ebsish\u00ebm sepse krijon ura t\u00eb reja gjithandej dhe kjo rini e jon\u00eb jan\u00eb bashk\u00eb rr\u00ebfyesit dhe pasqyra e kombit ton\u00eb prandaj duhet mb\u00ebshtetur. E p\u00ebrg\u00ebzoj klubin e Futbollit FC Prishtina p\u00ebr ket\u00eb arritje dhe i urojm\u00eb shum\u00eb suksese n\u00eb t\u00eb ardhmen.<\/p>\n<p>Kryetari i UKSHFZ z. Feti Demoli n\u00eb prononcimin e tij tha se fal\u00ebnderon Federat\u00ebn e Futbollit Zviceran q\u00eb pa dallim japin mund\u00ebsin\u00eb t\u00eb gjith\u00eb klubeve t\u00eb garojn\u00eb dhe t\u00eb arrijn\u00eb q\u00ebllimet e tyre e kjo tregon qart\u00eb edhe reprezentacioni i Zvicr\u00ebs ku lul\u00ebzojn\u00eb shqiptar\u00ebt.<\/p>\n<p>T\u00eb luash n\u00eb lig\u00ebn e par\u00eb t\u00eb Zvicr\u00ebs \u00ebsht\u00eb sukses tejet i madh sepse \u00ebsht\u00eb rang i 4 i m\u00eb t\u00eb mir\u00ebve dhe shpresojm\u00eb q\u00eb FC Prishtina te luaj sot mir\u00eb dhe le t\u00eb fitoj\u00eb m\u00eb i miri.<\/p>\n<p>Nd\u00ebr t\u00eb tjerat tha se me v\u00ebmendje jemi duke i p\u00ebrcjell\u00eb t\u00eb gjitha Klubet e Futbollit Shqiptar n\u00eb Zvic\u00ebr t\u00eb cil\u00ebt \u00e7do vit kan\u00eb ndryshime pozitive n\u00eb rangun e ligave t\u00eb ndryshme n\u00eb Zvic\u00ebr. Ne si Union po ashtu jemi edhe n\u00eb v\u00ebzhgim t\u00eb talenteve te ri p\u00ebr ti ndihmuar p\u00ebr nj\u00eb t\u00eb ardhme m\u00eb t\u00eb mir\u00eb.<\/p>\n<p><img loading=\"lazy\" loading=\"lazy\" decoding=\"async\" class=\"alignnone size-large wp-image-7969\" src=\"https:\/\/syri.tv\/wp-content\/uploads\/2025\/09\/WhatsApp-Image-2025-09-21-at-23.04.30-2-1024x768.jpeg\" alt=\"\" width=\"1024\" height=\"768\" srcset=\"https:\/\/syri.tv\/wp-content\/uploads\/2025\/09\/WhatsApp-Image-2025-09-21-at-23.04.30-2-1024x768.jpeg 1024w, https:\/\/syri.tv\/wp-content\/uploads\/2025\/09\/WhatsApp-Image-2025-09-21-at-23.04.30-2-300x225.jpeg 300w, https:\/\/syri.tv\/wp-content\/uploads\/2025\/09\/WhatsApp-Image-2025-09-21-at-23.04.30-2-768x576.jpeg 768w, https:\/\/syri.tv\/wp-content\/uploads\/2025\/09\/WhatsApp-Image-2025-09-21-at-23.04.30-2-1536x1152.jpeg 1536w, https:\/\/syri.tv\/wp-content\/uploads\/2025\/09\/WhatsApp-Image-2025-09-21-at-23.04.30-2-860x645.jpeg 860w, https:\/\/syri.tv\/wp-content\/uploads\/2025\/09\/WhatsApp-Image-2025-09-21-at-23.04.30-2.jpeg 2048w\" sizes=\"auto, (max-width: 1024px) 100vw, 1024px\" \/><\/p>\n<p>Edhe elitari i refer\u00ebve t\u00eb futbollit n\u00eb Zvicer Bekim Zogaj tha se disiplina t\u00eb klubet e futbollit shqiptar n\u00eb Zvic\u00ebr nuk dallon nga klubet tjera t\u00eb Zvicr\u00ebs. Prandaj edhe shqiptaret din\u00eb t\u00eb respektojn\u00eb dhe organizohen si t\u00eb gjith\u00eb popujt e tjer\u00eb n\u00eb Evrope. Prandaj sukseset \u00e7do vit jan\u00eb m\u00eb t\u00eb mira dhe kjo tregon se ne dim\u00eb t\u00eb luajm\u00eb futboll edhe Zvicra na \u00ebsht\u00eb fal\u00ebnderuese p\u00ebr kontributin tone sidomos n\u00eb reprezentacionin e Zvicr\u00ebs.<\/p>\n<div style=\"width: 848px;\" class=\"wp-video\"><video class=\"wp-video-shortcode\" id=\"video-7955-1\" width=\"848\" height=\"478\" preload=\"metadata\" controls=\"controls\"><source type=\"video\/mp4\" src=\"https:\/\/syri.tv\/wp-content\/uploads\/2025\/09\/WhatsApp-Video-2025-09-22-at-10.48.04.mp4?_=1\" \/><a href=\"https:\/\/syri.tv\/wp-content\/uploads\/2025\/09\/WhatsApp-Video-2025-09-22-at-10.48.04.mp4\">https:\/\/syri.tv\/wp-content\/uploads\/2025\/09\/WhatsApp-Video-2025-09-22-at-10.48.04.mp4<\/a><\/video><\/div>\n<p>N\u00eb or\u00ebn 19 filloi ndeshja dhe shikuesit brohoritnin n\u00eb mb\u00ebshtetje Prishtina Prishtina p\u00ebr ta p\u00ebrkrahur dhe motivuar edhe m\u00eb shum\u00eb ekipin e tyre kur dihej se v\u00ebrtet\u00eb ju nevojitet edhe fuqia e lojtarit t\u00eb dymb\u00ebdhjet\u00eb.<\/p>\n<p>Pjesa e par\u00eb n\u00eb minut\u00ebn e 6 FC Prishtina ishte shum\u00eb af\u00ebr avancimit kur pas nj\u00eb gjuajtje nga 16 met\u00ebr sa q\u00eb nuk q\u00eblloi port\u00ebn. Ekipi i FC Sion v\u00ebrejt\u00ebn se kan\u00eb t\u00eb luajn\u00eb me nj\u00eb ekipe mir\u00eb t\u00eb p\u00ebrgatitur dhe ndryshuan pak stilin e loj\u00ebs q\u00eb ju solli edhe golin n\u00eb minut\u00ebn e 8-t\u00eb \u00a0ndeshjes p\u00ebrmes Josias Lukembila.<\/p>\n<p><img loading=\"lazy\" loading=\"lazy\" decoding=\"async\" class=\"alignnone size-large wp-image-7965\" src=\"https:\/\/syri.tv\/wp-content\/uploads\/2025\/09\/WhatsApp-Image-2025-09-21-at-23.04.22-768x1024.jpeg\" alt=\"\" width=\"768\" height=\"1024\" srcset=\"https:\/\/syri.tv\/wp-content\/uploads\/2025\/09\/WhatsApp-Image-2025-09-21-at-23.04.22-768x1024.jpeg 768w, https:\/\/syri.tv\/wp-content\/uploads\/2025\/09\/WhatsApp-Image-2025-09-21-at-23.04.22-225x300.jpeg 225w, https:\/\/syri.tv\/wp-content\/uploads\/2025\/09\/WhatsApp-Image-2025-09-21-at-23.04.22-1152x1536.jpeg 1152w, https:\/\/syri.tv\/wp-content\/uploads\/2025\/09\/WhatsApp-Image-2025-09-21-at-23.04.22-860x1147.jpeg 860w, https:\/\/syri.tv\/wp-content\/uploads\/2025\/09\/WhatsApp-Image-2025-09-21-at-23.04.22.jpeg 1536w\" sizes=\"auto, (max-width: 768px) 100vw, 768px\" \/><\/p>\n<p>N\u00eb pjes\u00ebn e dyt\u00eb FC Prishtina filloi furish\u00ebm t\u00eb sulmoj\u00eb por fati si duket ishte n\u00eb an\u00ebn e Sionit dhe nuk u realizuan shanset p\u00ebr ta barazuar rezultatin. N\u00eb minut\u00ebn e 88 nga nj\u00eb sulm ku nuk pritej shum\u00eb nga Sioni, mysafir\u00ebt sh\u00ebnuan edhe golin e dyt\u00eb p\u00ebrmes Liam Schipperfield q\u00eb ishte edhe definitive fundi i ndeshjes si p\u00ebr lojtar\u00ebt dhe p\u00ebr tifoz\u00ebt e Prishtin\u00ebs se ky \u00ebsht\u00eb sport dhe loja \u00ebsht\u00eb e humbur.<\/p>\n<p><img loading=\"lazy\" loading=\"lazy\" decoding=\"async\" class=\"alignnone size-large wp-image-7959\" src=\"https:\/\/syri.tv\/wp-content\/uploads\/2025\/09\/WhatsApp-Image-2025-09-21-at-23.04.31-2-1024x768.jpeg\" alt=\"\" width=\"1024\" height=\"768\" srcset=\"https:\/\/syri.tv\/wp-content\/uploads\/2025\/09\/WhatsApp-Image-2025-09-21-at-23.04.31-2-1024x768.jpeg 1024w, https:\/\/syri.tv\/wp-content\/uploads\/2025\/09\/WhatsApp-Image-2025-09-21-at-23.04.31-2-300x225.jpeg 300w, https:\/\/syri.tv\/wp-content\/uploads\/2025\/09\/WhatsApp-Image-2025-09-21-at-23.04.31-2-768x576.jpeg 768w, https:\/\/syri.tv\/wp-content\/uploads\/2025\/09\/WhatsApp-Image-2025-09-21-at-23.04.31-2-1536x1152.jpeg 1536w, https:\/\/syri.tv\/wp-content\/uploads\/2025\/09\/WhatsApp-Image-2025-09-21-at-23.04.31-2-860x645.jpeg 860w, https:\/\/syri.tv\/wp-content\/uploads\/2025\/09\/WhatsApp-Image-2025-09-21-at-23.04.31-2.jpeg 2048w\" sizes=\"auto, (max-width: 1024px) 100vw, 1024px\" \/><\/p>\n<p>Duhet cekur se gjat\u00eb gjith\u00eb ndeshjes ishte shum\u00eb loj\u00eb e balancuar mes ekipeve dhe kompliment shkon p\u00ebr FC Prishtina t\u00eb cil\u00ebt n\u00eb asnj\u00eb \u00e7ast nuk tregonin lodhje dhe fakti q\u00eb ishin mir\u00eb t\u00eb p\u00ebrgatitur sulmonin pa nd\u00ebrpre por fati ishte n\u00eb an\u00ebn e Sionit dhe ndeshja p\u00ebrfundoi me rezultat 2 me zero n\u00eb t\u00eb mir\u00ebn e Sionit.<\/p>\n<p>&nbsp;<\/p>\n<p>&nbsp;<\/p>\n","protected":false},"excerpt":{"rendered":"<p>Ishte m\u00eb shum\u00eb fest\u00eb e t\u00eb gjith\u00eb shqiptar\u00ebve se sa ndeshje futbolli q\u00eb ishte aq mir\u00eb e organizuar nga i gjith\u00eb stafi i FC Prishtina n\u00eb kryeqytetin Helvetik Bern. Para fillimit t\u00eb ndeshjes q\u00eb n\u00eb hyrje shihej nj\u00eb organizim tejet i kompletuar dhe nj\u00eb ndryshim i infrastruktur\u00ebs tejet profesional nga udh\u00ebheq\u00ebsia e klubit. N\u00eb hyrje [&hellip;]<\/p>\n","protected":false},"author":1,"featured_media":7956,"comment_status":"closed","ping_status":"closed","sticky":false,"template":"","format":"standard","meta":{"footnotes":""},"categories":[106],"tags":[],"class_list":{"0":"post-7955","1":"post","2":"type-post","3":"status-publish","4":"format-standard","5":"has-post-thumbnail","7":"category-sport"},"_links":{"self":[{"href":"https:\/\/syri.tv\/index.php?rest_route=\/wp\/v2\/posts\/7955","targetHints":{"allow":["GET"]}}],"collection":[{"href":"https:\/\/syri.tv\/index.php?rest_route=\/wp\/v2\/posts"}],"about":[{"href":"https:\/\/syri.tv\/index.php?rest_route=\/wp\/v2\/types\/post"}],"author":[{"embeddable":true,"href":"https:\/\/syri.tv\/index.php?rest_route=\/wp\/v2\/users\/1"}],"replies":[{"embeddable":true,"href":"https:\/\/syri.tv\/index.php?rest_route=%2Fwp%2Fv2%2Fcomments&post=7955"}],"version-history":[{"count":3,"href":"https:\/\/syri.tv\/index.php?rest_route=\/wp\/v2\/posts\/7955\/revisions"}],"predecessor-version":[{"id":7975,"href":"https:\/\/syri.tv\/index.php?rest_route=\/wp\/v2\/posts\/7955\/revisions\/7975"}],"wp:featuredmedia":[{"embeddable":true,"href":"https:\/\/syri.tv\/index.php?rest_route=\/wp\/v2\/media\/7956"}],"wp:attachment":[{"href":"https:\/\/syri.tv\/index.php?rest_route=%2Fwp%2Fv2%2Fmedia&parent=7955"}],"wp:term":[{"taxonomy":"category","embeddable":true,"href":"https:\/\/syri.tv\/index.php?rest_route=%2Fwp%2Fv2%2Fcategories&post=7955"},{"taxonomy":"post_tag","embeddable":true,"href":"https:\/\/syri.tv\/index.php?rest_route=%2Fwp%2Fv2%2Ftags&post=7955"}],"curies":[{"name":"wp","href":"https:\/\/api.w.org\/{rel}","templated":true}]}}