{"id":7932,"date":"2025-09-21T08:57:16","date_gmt":"2025-09-21T08:57:16","guid":{"rendered":"https:\/\/syri.tv\/?p=7932"},"modified":"2025-09-21T08:57:16","modified_gmt":"2025-09-21T08:57:16","slug":"%f0%9f%87%bd%f0%9f%87%b0-dy-kohe-nje-beteje-hasan-prishtina-dhe-albin-kurti-ne-rrugen-e-sovranitetit","status":"publish","type":"post","link":"https:\/\/syri.tv\/?p=7932","title":{"rendered":"\ud83c\uddfd\ud83c\uddf0 Dy koh\u00eb nj\u00eb betej\u00eb Hasan Prishtina dhe Albin Kurti n\u00eb rrug\u00ebn e sovranitetit"},"content":{"rendered":"<p>Nj\u00eb reflektim mbi tradhtin\u00eb e brendshme, p\u00ebrpjekjen p\u00ebr shtetnd\u00ebrtim dhe nevoj\u00ebn p\u00ebr qytetar\u00eb t\u00eb vet\u00ebdijsh\u00ebm<\/p>\n<p>Q\u00eb kur filluan kujtimet e para, kemi p\u00ebrjetuar \u00e7do etap\u00eb t\u00eb Kosov\u00ebs: paraluft\u00ebs, luft\u00ebn, pasluft\u00ebn, shpalljen e pavar\u00ebsis\u00eb, dhe gjith\u00eb periudh\u00ebn e nd\u00ebrtimit t\u00eb shtetit e deri m\u00eb sot. N\u00ebp\u00ebrmjet rr\u00ebfimeve t\u00eb prind\u00ebrve, gjysh\u00ebrve e st\u00ebrgjysh\u00ebrve, leximeve historike dhe ndjekjes s\u00eb medias, \u00ebsht\u00eb b\u00ebr\u00eb e qart\u00eb se shpresa shpesh \u00ebsht\u00eb p\u00ebrplasur me realitetin.<\/p>\n<p>Sot, nj\u00eb pjes\u00eb e fajit p\u00ebr gjendjen ku ndodhemi e mbajm\u00eb vet\u00eb ne shqiptar\u00ebt. Sepse edhe sot, ka njer\u00ebz q\u00eb shiten p\u00ebr interesa personale, q\u00eb nuk e ndjejn\u00eb \u00e7\u00ebshtjen komb\u00ebtare si p\u00ebrgjegj\u00ebsi, por si mund\u00ebsi p\u00ebr p\u00ebrfitim material. Ka individ\u00eb q\u00eb b\u00ebhen penges\u00eb p\u00ebr t\u00eb mirat e Kosov\u00ebs, q\u00eb luftojn\u00eb jo p\u00ebr t\u00eb nd\u00ebrtuar, por p\u00ebr t\u00eb p\u00ebr\u00e7ar\u00eb.<\/p>\n<p>Megjithat\u00eb, ka edhe figura q\u00eb kan\u00eb sfiduar k\u00ebt\u00eb realitet. Rasti i Albin Kurtit, pavar\u00ebsisht bindjeve politike, \u00ebsht\u00eb shembull i nj\u00eb p\u00ebrpjekjeje p\u00ebr t\u00eb shtrir\u00eb sovranitetin e shtetit n\u00eb \u00e7do cep t\u00eb territorit, ve\u00e7an\u00ebrisht n\u00eb Mitrovic\u00ebn e Veriut \u2013 nj\u00eb zon\u00eb q\u00eb dikur ishte jasht\u00eb kontrollit t\u00eb institucioneve t\u00eb Kosov\u00ebs, e mbushur me struktura paralele dhe grupe kriminale. Ai ka sfiduar jo vet\u00ebm strukturat serbe, por edhe apatin\u00eb dhe sabotimin e brendsh\u00ebm.<\/p>\n<p>\ud83d\udd4a\ufe0f Hasan Prishtina dhe Albin Kurti: Dy koh\u00eb, nj\u00eb ideal<\/p>\n<p>N\u00ebse historia ka nj\u00eb rit\u00ebm q\u00eb p\u00ebrs\u00ebritet, at\u00ebher\u00eb figura e Hasan Prishtin\u00ebs dhe Albin Kurtit jan\u00eb dy nota t\u00eb ngjashme n\u00eb koh\u00eb t\u00eb ndryshme. T\u00eb dy u p\u00ebrball\u00ebn me sisteme t\u00eb padrejta, me sabotime t\u00eb brendshme, dhe me nj\u00eb popull q\u00eb shpesh u la vet\u00ebm n\u00eb momentet m\u00eb t\u00eb v\u00ebshtira.<\/p>\n<p>Hasan Prishtina, ideologu i kryengritjes s\u00eb vitit 1912, ishte njeri q\u00eb luftoi p\u00ebr nj\u00eb Shqip\u00ebri t\u00eb lir\u00eb, t\u00eb bashkuar dhe t\u00eb drejt\u00eb. Ai nuk u p\u00ebrkul para pushtuesve, por u tradhtua nga strukturat e koh\u00ebs, u p\u00ebrjashtua nga pushteti, dhe u vra n\u00eb Selanik nga dora shqiptare \u2014 sepse kishte guximin t\u00eb k\u00ebrkonte m\u00eb shum\u00eb se sa lejohej.<\/p>\n<p>Albin Kurti, n\u00eb nj\u00eb kontekst krejt tjet\u00ebr, por me sfida t\u00eb ngjashme, po p\u00ebrpiqet t\u00eb rikthej\u00eb besimin n\u00eb shtet, t\u00eb luftoj\u00eb korrupsionin, dhe t\u00eb mbroj\u00eb sovranitetin e Kosov\u00ebs. Edhe ai p\u00ebrballet me sabotime t\u00eb brendshme, me njer\u00ebz q\u00eb e luftojn\u00eb jo p\u00ebr idet\u00eb, por p\u00ebr interesat. Edhe ai, si Hasan Prishtina, \u00ebsht\u00eb sulmuar jo vet\u00ebm nga kund\u00ebrshtar\u00ebt politik\u00eb, por edhe nga ata q\u00eb duhej ta mb\u00ebshtesnin p\u00ebr t\u00eb mir\u00ebn e p\u00ebrbashk\u00ebt.<\/p>\n<p>Ky paraleliz\u00ebm nuk \u00ebsht\u00eb p\u00ebr t\u00eb idealizuar, por p\u00ebr t\u00eb kuptuar:<\/p>\n<p>\ud83c\uddfd\ud83c\uddf0 Se Kosova ka nevoj\u00eb p\u00ebr njer\u00ebz q\u00eb nuk i n\u00ebnshtrohen kompromisit t\u00eb ul\u00ebt.<\/p>\n<p>\ud83d\udd4a\ufe0f Se historia nuk ec\u00ebn p\u00ebrpara pa sakrifica.<\/p>\n<p>\u2696\ufe0f Se tradhtia e brendshme \u00ebsht\u00eb po aq e rrezikshme sa pushtimi i jasht\u00ebm.<\/p>\n<p>Kosova nuk ka nevoj\u00eb p\u00ebr spektator\u00eb, por p\u00ebr qytetar\u00eb t\u00eb vet\u00ebdijsh\u00ebm. Nuk ka nevoj\u00eb p\u00ebr zhurm\u00eb, por p\u00ebr veprim. Dhe mbi t\u00eb gjitha, nuk ka nevoj\u00eb p\u00ebr heronj t\u00eb p\u00ebrkohsh\u00ebm, por p\u00ebr njer\u00ebz t\u00eb ndersh\u00ebm q\u00eb nuk e tradhtojn\u00eb as t\u00eb kaluar\u00ebn, as t\u00eb ardhmen.<\/p>\n<p>&nbsp;<\/p>\n<p>&nbsp;<\/p>\n<p>&nbsp;<\/p>\n<p>&nbsp;<\/p>\n<p>&nbsp;<\/p>\n<p>&nbsp;<\/p>\n<p>&nbsp;<\/p>\n<p>&nbsp;<\/p>\n<p>&nbsp;<\/p>\n","protected":false},"excerpt":{"rendered":"<p>Nj\u00eb reflektim mbi tradhtin\u00eb e brendshme, p\u00ebrpjekjen p\u00ebr shtetnd\u00ebrtim dhe nevoj\u00ebn p\u00ebr qytetar\u00eb t\u00eb vet\u00ebdijsh\u00ebm Q\u00eb kur filluan kujtimet e para, kemi p\u00ebrjetuar \u00e7do etap\u00eb t\u00eb Kosov\u00ebs: paraluft\u00ebs, luft\u00ebn, pasluft\u00ebn, shpalljen e pavar\u00ebsis\u00eb, dhe gjith\u00eb periudh\u00ebn e nd\u00ebrtimit t\u00eb shtetit e deri m\u00eb sot. N\u00ebp\u00ebrmjet rr\u00ebfimeve t\u00eb prind\u00ebrve, gjysh\u00ebrve e st\u00ebrgjysh\u00ebrve, leximeve historike dhe ndjekjes [&hellip;]<\/p>\n","protected":false},"author":7,"featured_media":7933,"comment_status":"closed","ping_status":"closed","sticky":false,"template":"","format":"standard","meta":{"footnotes":""},"categories":[9],"tags":[],"class_list":{"0":"post-7932","1":"post","2":"type-post","3":"status-publish","4":"format-standard","5":"has-post-thumbnail","7":"category-vendi"},"_links":{"self":[{"href":"https:\/\/syri.tv\/index.php?rest_route=\/wp\/v2\/posts\/7932","targetHints":{"allow":["GET"]}}],"collection":[{"href":"https:\/\/syri.tv\/index.php?rest_route=\/wp\/v2\/posts"}],"about":[{"href":"https:\/\/syri.tv\/index.php?rest_route=\/wp\/v2\/types\/post"}],"author":[{"embeddable":true,"href":"https:\/\/syri.tv\/index.php?rest_route=\/wp\/v2\/users\/7"}],"replies":[{"embeddable":true,"href":"https:\/\/syri.tv\/index.php?rest_route=%2Fwp%2Fv2%2Fcomments&post=7932"}],"version-history":[{"count":1,"href":"https:\/\/syri.tv\/index.php?rest_route=\/wp\/v2\/posts\/7932\/revisions"}],"predecessor-version":[{"id":7934,"href":"https:\/\/syri.tv\/index.php?rest_route=\/wp\/v2\/posts\/7932\/revisions\/7934"}],"wp:featuredmedia":[{"embeddable":true,"href":"https:\/\/syri.tv\/index.php?rest_route=\/wp\/v2\/media\/7933"}],"wp:attachment":[{"href":"https:\/\/syri.tv\/index.php?rest_route=%2Fwp%2Fv2%2Fmedia&parent=7932"}],"wp:term":[{"taxonomy":"category","embeddable":true,"href":"https:\/\/syri.tv\/index.php?rest_route=%2Fwp%2Fv2%2Fcategories&post=7932"},{"taxonomy":"post_tag","embeddable":true,"href":"https:\/\/syri.tv\/index.php?rest_route=%2Fwp%2Fv2%2Ftags&post=7932"}],"curies":[{"name":"wp","href":"https:\/\/api.w.org\/{rel}","templated":true}]}}