{"id":7927,"date":"2025-09-18T12:48:24","date_gmt":"2025-09-18T12:48:24","guid":{"rendered":"https:\/\/syri.tv\/?p=7927"},"modified":"2025-09-18T15:05:54","modified_gmt":"2025-09-18T15:05:54","slug":"skandali-i-higjienes-ne-fabrikat-ushqimore-te-kosoves-a-do-te-vazhdoje-shteti-ti-injoroje-rreziqet-per-shendetin-tone","status":"publish","type":"post","link":"https:\/\/syri.tv\/?p=7927","title":{"rendered":"Skandali i higjien\u00ebs n\u00eb fabrikat ushqimore t\u00eb Kosov\u00ebs"},"content":{"rendered":"<p>Kryetari i Komun\u00ebs s\u00eb Vushtrris\u00eb, z. Ferit Idrizi, me gjith\u00eb respektin p\u00ebr figur\u00ebn e tij, ka vizituar s\u00eb fundmi nj\u00eb fabrik\u00eb biskotash n\u00eb qytet. Por ajo q\u00eb u pa n\u00eb videon e publikuar \u00ebsht\u00eb shqet\u00ebsuese dhe skandaloze. M\u00eb e keqja? Kjo video \u00ebsht\u00eb shp\u00ebrndar\u00eb vet\u00eb nga kryetari, si pjes\u00eb e komunikimit publik \u2014 duke normalizuar nj\u00eb situat\u00eb q\u00eb n\u00eb \u00e7do vend me standarde minimale do t\u00eb konsiderohej alarmante.<\/p>\n<p>N\u00eb nj\u00eb ambient ku prodhohen produkte ushqimore q\u00eb konsumohen nga qytetar\u00ebt, f\u00ebmij\u00ebt tan\u00eb, familjet tona \u2013 mungesa e higjien\u00ebs ishte flagrante. N\u00eb pamjet e publikuara, shihet qart\u00eb se pun\u00ebtor\u00ebt, pronar\u00ebt, kryetari me ekipin e tij, kameraman\u00ebt dhe t\u00eb tjer\u00eb futen n\u00eb fabrik\u00eb me veshje t\u00eb zakonshme, pa asnj\u00eb mbrojtje higjienike: pa mbulesa p\u00ebr flok\u00ebt, pa mbulesa p\u00ebr rrobat, pa mbulesa p\u00ebr k\u00ebpuc\u00ebt. Sikur t\u00eb ishin n\u00eb nj\u00eb ambient t\u00eb zakonsh\u00ebm, jo n\u00eb nj\u00eb fabrik\u00eb ushqimore. M\u00eb e r\u00ebnd\u00eb akoma, n\u00eb video shihet nj\u00eb person q\u00eb fut duart n\u00eb produktin gjat\u00eb prodhimit dhe konsumon biskota n\u00eb vend \u2013 nj\u00eb veprim i papranuesh\u00ebm n\u00eb \u00e7do standard t\u00eb siguris\u00eb ushqimore.<\/p>\n<p>N\u00ebse kjo ndodh para kamerave, paramendojeni \u00e7far\u00eb mund t\u00eb ndodh\u00eb pas tyre. Kjo situat\u00eb ngre pik\u00ebpyetje serioze p\u00ebr nivelin e kontrollit dhe p\u00ebrgjegj\u00ebsis\u00eb institucionale. Deri m\u00eb tani, nuk \u00ebsht\u00eb par\u00eb asnj\u00eb reagim nga autoritetet kompetente, as nga Agjencia e Ushqimit, as nga ndonj\u00eb institucion tjet\u00ebr q\u00eb duhet t\u00eb garantoj\u00eb sigurin\u00eb e produkteve q\u00eb konsumojm\u00eb.<\/p>\n<p>Ky rast \u00ebsht\u00eb nj\u00eb pasqyr\u00eb e qart\u00eb e neglizhenc\u00ebs institucionale dhe munges\u00ebs s\u00eb seriozitetit n\u00eb mbik\u00ebqyrjen e fabrikave ushqimore. Shteti i Kosov\u00ebs duhet t\u00eb reagoj\u00eb, t\u00eb kontrolloj\u00eb, dhe t\u00eb vendos\u00eb standarde t\u00eb qarta p\u00ebr t\u00eb mbrojtur sh\u00ebndetin publik. Nuk mjafton t\u00eb b\u00ebhen vizita p\u00ebr fushat\u00eb \u2013 duhet t\u00eb ket\u00eb p\u00ebrgjegj\u00ebsi reale.<\/p>\n<p>\ud83d\udcfd\ufe0f Videoja e shp\u00ebrndar\u00eb nga vet\u00eb kryetari aktual Ferit Idrizi, ku shihet mungesa flagrante e higjien\u00ebs n\u00eb fabrik\u00ebn e biskotave, mund t\u00eb shihet k\u00ebtu: https:\/\/www.facebook.com\/share\/r\/1CeUxE5QFQ\/<\/p>\n<p>&nbsp;<\/p>\n","protected":false},"excerpt":{"rendered":"<p>Kryetari i Komun\u00ebs s\u00eb Vushtrris\u00eb, z. Ferit Idrizi, me gjith\u00eb respektin p\u00ebr figur\u00ebn e tij, ka vizituar s\u00eb fundmi nj\u00eb fabrik\u00eb biskotash n\u00eb qytet. Por ajo q\u00eb u pa n\u00eb videon e publikuar \u00ebsht\u00eb shqet\u00ebsuese dhe skandaloze. M\u00eb e keqja? Kjo video \u00ebsht\u00eb shp\u00ebrndar\u00eb vet\u00eb nga kryetari, si pjes\u00eb e komunikimit publik \u2014 duke normalizuar [&hellip;]<\/p>\n","protected":false},"author":1,"featured_media":7928,"comment_status":"closed","ping_status":"closed","sticky":false,"template":"","format":"standard","meta":{"footnotes":""},"categories":[9],"tags":[],"class_list":{"0":"post-7927","1":"post","2":"type-post","3":"status-publish","4":"format-standard","5":"has-post-thumbnail","7":"category-vendi"},"_links":{"self":[{"href":"https:\/\/syri.tv\/index.php?rest_route=\/wp\/v2\/posts\/7927","targetHints":{"allow":["GET"]}}],"collection":[{"href":"https:\/\/syri.tv\/index.php?rest_route=\/wp\/v2\/posts"}],"about":[{"href":"https:\/\/syri.tv\/index.php?rest_route=\/wp\/v2\/types\/post"}],"author":[{"embeddable":true,"href":"https:\/\/syri.tv\/index.php?rest_route=\/wp\/v2\/users\/1"}],"replies":[{"embeddable":true,"href":"https:\/\/syri.tv\/index.php?rest_route=%2Fwp%2Fv2%2Fcomments&post=7927"}],"version-history":[{"count":3,"href":"https:\/\/syri.tv\/index.php?rest_route=\/wp\/v2\/posts\/7927\/revisions"}],"predecessor-version":[{"id":7931,"href":"https:\/\/syri.tv\/index.php?rest_route=\/wp\/v2\/posts\/7927\/revisions\/7931"}],"wp:featuredmedia":[{"embeddable":true,"href":"https:\/\/syri.tv\/index.php?rest_route=\/wp\/v2\/media\/7928"}],"wp:attachment":[{"href":"https:\/\/syri.tv\/index.php?rest_route=%2Fwp%2Fv2%2Fmedia&parent=7927"}],"wp:term":[{"taxonomy":"category","embeddable":true,"href":"https:\/\/syri.tv\/index.php?rest_route=%2Fwp%2Fv2%2Fcategories&post=7927"},{"taxonomy":"post_tag","embeddable":true,"href":"https:\/\/syri.tv\/index.php?rest_route=%2Fwp%2Fv2%2Ftags&post=7927"}],"curies":[{"name":"wp","href":"https:\/\/api.w.org\/{rel}","templated":true}]}}