{"id":7900,"date":"2025-09-04T10:54:16","date_gmt":"2025-09-04T10:54:16","guid":{"rendered":"https:\/\/syri.tv\/?p=7900"},"modified":"2025-09-04T10:54:16","modified_gmt":"2025-09-04T10:54:16","slug":"nje-dite-historike-per-komunitetin-tone-shqiptar-ne-lozane","status":"publish","type":"post","link":"https:\/\/syri.tv\/?p=7900","title":{"rendered":"Nj\u00eb dit\u00eb historike p\u00ebr komunitetin ton\u00eb shqiptar n\u00eb Lozan\u00eb!"},"content":{"rendered":"<div class=\"x14z9mp xat24cr x1lziwak x1vvkbs xtlvy1s x126k92a\">\n<div dir=\"auto\">Me dat\u00eb 26 gusht 2025, me ftes\u00eb t\u00eb kryetarit t\u00eb Kuvendit Komunal t\u00eb Lozan\u00ebs, z. Musa Kamenica, pata nderin t\u00eb marr pjes\u00eb n\u00eb inaugurimin e tij si kryetari i par\u00eb shqiptar n\u00eb krye t\u00eb k\u00ebtij institucioni t\u00eb r\u00ebnd\u00ebsish\u00ebm.<\/div>\n<\/div>\n<div class=\"x14z9mp xat24cr x1lziwak x1vvkbs xtlvy1s x126k92a\">\n<div dir=\"auto\">Kjo ngjarje sh\u00ebnon nj\u00eb moment historik p\u00ebr t\u00eb gjith\u00eb komunitetin ton\u00eb, duke treguar se n\u00eb nj\u00eb vend demokratik si Zvicra, puna, p\u00ebrkushtimi dhe vlerat e secilit shp\u00ebrblehen me respekt dhe mir\u00ebnjohje.<\/div>\n<div dir=\"auto\"><img loading=\"lazy\" loading=\"lazy\" decoding=\"async\" class=\"alignnone size-large wp-image-7902\" src=\"https:\/\/syri.tv\/wp-content\/uploads\/2025\/09\/a2-1024x683.jpg\" alt=\"\" width=\"1024\" height=\"683\" srcset=\"https:\/\/syri.tv\/wp-content\/uploads\/2025\/09\/a2-1024x683.jpg 1024w, https:\/\/syri.tv\/wp-content\/uploads\/2025\/09\/a2-300x200.jpg 300w, https:\/\/syri.tv\/wp-content\/uploads\/2025\/09\/a2-768x512.jpg 768w, https:\/\/syri.tv\/wp-content\/uploads\/2025\/09\/a2-1536x1025.jpg 1536w, https:\/\/syri.tv\/wp-content\/uploads\/2025\/09\/a2-330x220.jpg 330w, https:\/\/syri.tv\/wp-content\/uploads\/2025\/09\/a2-420x280.jpg 420w, https:\/\/syri.tv\/wp-content\/uploads\/2025\/09\/a2-615x410.jpg 615w, https:\/\/syri.tv\/wp-content\/uploads\/2025\/09\/a2-860x574.jpg 860w, https:\/\/syri.tv\/wp-content\/uploads\/2025\/09\/a2.jpg 2048w\" sizes=\"auto, (max-width: 1024px) 100vw, 1024px\" \/><\/div>\n<\/div>\n<div class=\"x14z9mp xat24cr x1lziwak x1vvkbs xtlvy1s x126k92a\">\n<div dir=\"auto\">N\u00eb k\u00ebt\u00eb ceremoni madh\u00ebshtore, me mbi 300 t\u00eb pranish\u00ebm nga politika, arti, kultura, biznesi dhe jeta shoq\u00ebrore, pat\u00ebm k\u00ebnaq\u00ebsin\u00eb t\u00eb takohemi me shum\u00eb personalitete t\u00eb njohura, nd\u00ebr ta:<\/div>\n<div dir=\"auto\">\u2022 Kryetarin e qytetit t\u00eb Lozan\u00ebs, z. Gr\u00e9goire Junod<\/div>\n<div dir=\"auto\">\u2022 Ambasadorin e Republik\u00ebs s\u00eb Kosov\u00ebs n\u00eb Bern, z. Mentor Latifi<\/div>\n<div dir=\"auto\">\u2022 Drejtorin e Zyr\u00ebs p\u00ebr integrim t\u00eb qytetit t\u00eb Lozan\u00ebs, Dr.Bashkim Iseni<\/div>\n<div dir=\"auto\">si dhe p\u00ebrfaq\u00ebsues e miq t\u00eb shumt\u00eb nga Lozana dhe kantoni Vaud.<\/div>\n<div dir=\"auto\"><img loading=\"lazy\" loading=\"lazy\" decoding=\"async\" class=\"alignnone size-large wp-image-7903\" src=\"https:\/\/syri.tv\/wp-content\/uploads\/2025\/09\/a3-1024x768.jpg\" alt=\"\" width=\"1024\" height=\"768\" srcset=\"https:\/\/syri.tv\/wp-content\/uploads\/2025\/09\/a3-1024x768.jpg 1024w, https:\/\/syri.tv\/wp-content\/uploads\/2025\/09\/a3-300x225.jpg 300w, https:\/\/syri.tv\/wp-content\/uploads\/2025\/09\/a3-768x576.jpg 768w, https:\/\/syri.tv\/wp-content\/uploads\/2025\/09\/a3-1536x1152.jpg 1536w, https:\/\/syri.tv\/wp-content\/uploads\/2025\/09\/a3-860x645.jpg 860w, https:\/\/syri.tv\/wp-content\/uploads\/2025\/09\/a3.jpg 1600w\" sizes=\"auto, (max-width: 1024px) 100vw, 1024px\" \/><\/div>\n<\/div>\n<div class=\"x14z9mp xat24cr x1lziwak x1vvkbs xtlvy1s x126k92a\">\n<div dir=\"auto\">Ishte nj\u00eb nat\u00eb e paharruar, q\u00eb na mbush me krenari dhe shpres\u00eb p\u00ebr t\u00eb ardhmen e p\u00ebrfaq\u00ebsimit dhe integrimit t\u00eb shqiptar\u00ebve n\u00eb Zvic\u00ebr.<\/div>\n<\/div>\n<div class=\"x14z9mp xat24cr x1lziwak x1vvkbs xtlvy1s x126k92a\">\n<div dir=\"auto\">Lutemi q\u00eb z. Musa Kamenica t\u00eb ket\u00eb sh\u00ebndet dhe suksese n\u00eb k\u00ebt\u00eb detyr\u00eb fisnike, duke e kryer me p\u00ebrgjegj\u00ebsi dhe dinjitet n\u00eb sh\u00ebrbim t\u00eb qytetar\u00ebve.<\/div>\n<\/div>\n<div class=\"x14z9mp xat24cr x1lziwak x1vvkbs xtlvy1s x126k92a\">\n<div dir=\"auto\">Nj\u00eb fal\u00ebnderim i ve\u00e7ant\u00eb shkon p\u00ebr z. Kastriot Fazliu p\u00ebr fotot nga kjo ngjarje e ve\u00e7ant\u00eb.<\/div>\n<\/div>\n","protected":false},"excerpt":{"rendered":"<p>Me dat\u00eb 26 gusht 2025, me ftes\u00eb t\u00eb kryetarit t\u00eb Kuvendit Komunal t\u00eb Lozan\u00ebs, z. Musa Kamenica, pata nderin t\u00eb marr pjes\u00eb n\u00eb inaugurimin e tij si kryetari i par\u00eb shqiptar n\u00eb krye t\u00eb k\u00ebtij institucioni t\u00eb r\u00ebnd\u00ebsish\u00ebm. Kjo ngjarje sh\u00ebnon nj\u00eb moment historik p\u00ebr t\u00eb gjith\u00eb komunitetin ton\u00eb, duke treguar se n\u00eb nj\u00eb vend [&hellip;]<\/p>\n","protected":false},"author":1,"featured_media":7901,"comment_status":"closed","ping_status":"closed","sticky":false,"template":"","format":"standard","meta":{"footnotes":""},"categories":[2],"tags":[],"class_list":{"0":"post-7900","1":"post","2":"type-post","3":"status-publish","4":"format-standard","5":"has-post-thumbnail","7":"category-zvicer"},"_links":{"self":[{"href":"https:\/\/syri.tv\/index.php?rest_route=\/wp\/v2\/posts\/7900","targetHints":{"allow":["GET"]}}],"collection":[{"href":"https:\/\/syri.tv\/index.php?rest_route=\/wp\/v2\/posts"}],"about":[{"href":"https:\/\/syri.tv\/index.php?rest_route=\/wp\/v2\/types\/post"}],"author":[{"embeddable":true,"href":"https:\/\/syri.tv\/index.php?rest_route=\/wp\/v2\/users\/1"}],"replies":[{"embeddable":true,"href":"https:\/\/syri.tv\/index.php?rest_route=%2Fwp%2Fv2%2Fcomments&post=7900"}],"version-history":[{"count":1,"href":"https:\/\/syri.tv\/index.php?rest_route=\/wp\/v2\/posts\/7900\/revisions"}],"predecessor-version":[{"id":7904,"href":"https:\/\/syri.tv\/index.php?rest_route=\/wp\/v2\/posts\/7900\/revisions\/7904"}],"wp:featuredmedia":[{"embeddable":true,"href":"https:\/\/syri.tv\/index.php?rest_route=\/wp\/v2\/media\/7901"}],"wp:attachment":[{"href":"https:\/\/syri.tv\/index.php?rest_route=%2Fwp%2Fv2%2Fmedia&parent=7900"}],"wp:term":[{"taxonomy":"category","embeddable":true,"href":"https:\/\/syri.tv\/index.php?rest_route=%2Fwp%2Fv2%2Fcategories&post=7900"},{"taxonomy":"post_tag","embeddable":true,"href":"https:\/\/syri.tv\/index.php?rest_route=%2Fwp%2Fv2%2Ftags&post=7900"}],"curies":[{"name":"wp","href":"https:\/\/api.w.org\/{rel}","templated":true}]}}