{"id":7877,"date":"2025-09-02T10:18:51","date_gmt":"2025-09-02T10:18:51","guid":{"rendered":"https:\/\/syri.tv\/?p=7877"},"modified":"2025-09-02T10:18:51","modified_gmt":"2025-09-02T10:18:51","slug":"mergimtaret-bashke-me-personalitetet-zvicerane-ne-proteste-para-okb-se-ne-gjeneve-solidarizohen-me-familjaret-e-te-zhdukurve-ne-kosove","status":"publish","type":"post","link":"https:\/\/syri.tv\/?p=7877","title":{"rendered":"M\u00ebrgimtaret bashke me personalitetet zvicerane n\u00eb protest\u00eb para OKB-s\u00eb ne Gjenev\u00eb, solidarizohen me familjaret e te zhdukurve n\u00eb Kosov\u00eb"},"content":{"rendered":"<p>Gjenev\u00eb \/UN \u2013<strong>Gjeneva si nje qender nderkomb\u00ebtare ka me rastin e Dites Boterore te te Zhdukruve ka shenuar me nje ser aktivitetesh dhe ptotesta.\u00a0 Sipas ICRC vendet qe me se shumti jane goditur nga personat\u00a0e zhdukur jan\u00eb Sudani, Ukraina, Siria, Palestina dhe vende te tjera ku eshte permendur edhe Kosova<\/strong><\/p>\n<p>Mu ne Dit\u00ebn Nd\u00ebrkomb\u00ebtare t\u00eb Personave t\u00eb Zhdukur me dhun\u00eb gjat\u00eb luft\u00ebs n\u00eb Kosov\u00eb para Pallatit t\u00eb OKB-s\u00eb ne Gjenev\u00eb eshte mbajtur nje proteste e mergimtareve n\u00eb shenj\u00eb t\u00eb solidaritetit me familjaret e te zhdukerve n\u00eb Kosov\u00eb.<\/p>\n<p><img loading=\"lazy\" loading=\"lazy\" decoding=\"async\" class=\"wp-image-45810 alignright entered litespeed-loaded td-animation-stack-type0-2\" src=\"https:\/\/lecanton27.ch\/wp-content\/uploads\/2025\/09\/neficrccc-300x298.png\" sizes=\"auto, (max-width: 241px) 100vw, 241px\" srcset=\"https:\/\/lecanton27.ch\/wp-content\/uploads\/2025\/09\/neficrccc-300x298.png 300w, https:\/\/lecanton27.ch\/wp-content\/uploads\/2025\/09\/neficrccc-150x149.png 150w, https:\/\/lecanton27.ch\/wp-content\/uploads\/2025\/09\/neficrccc-696x690.png 696w, https:\/\/lecanton27.ch\/wp-content\/uploads\/2025\/09\/neficrccc.png 749w\" alt=\"\" width=\"241\" height=\"239\" data-lazyloaded=\"1\" data-src=\"https:\/\/lecanton27.ch\/wp-content\/uploads\/2025\/09\/neficrccc-300x298.png\" data-srcset=\"https:\/\/lecanton27.ch\/wp-content\/uploads\/2025\/09\/neficrccc-300x298.png 300w, https:\/\/lecanton27.ch\/wp-content\/uploads\/2025\/09\/neficrccc-150x149.png 150w, https:\/\/lecanton27.ch\/wp-content\/uploads\/2025\/09\/neficrccc-696x690.png 696w, https:\/\/lecanton27.ch\/wp-content\/uploads\/2025\/09\/neficrccc.png 749w\" data-sizes=\"(max-width: 241px) 100vw, 241px\" data-ll-status=\"loaded\" \/>Redaktori i gazetes zvicerane ne shqip LeCanton27.ch me qellim te sensibilizimit te ceshtjes s\u00eb zhdukurve ne Kosov\u00eb, diteve te ardhshme nje delegacion nga mergimtaret dhe p\u00ebrfaqesues se Qeverise se Kosov\u00ebs do te priten nga kreret e ICRC-s\u00eb ne Gjenev\u00eb.<\/p>\n<p>Gjate kesaj proteste, fillimisht t\u00eb pranishm\u00ebve ju drejtua edhe i biri i Ukshin Hotit, Andin Hoti, nj\u00ebher\u00ebsh kryetar i Komisionit t\u00eb Qeverise e Kosov\u00ebs p\u00ebr \u00e7\u00ebshtjet e t\u00eb Zhdukurve. Si dhe Atdhe Hetemi Drejtor Ekzekutiv i Institutit t\u00eb Krimeve t\u00eb kryera.<\/p>\n<p><strong>Kryetarja e Parlamentit Kantonal n\u00eb Gjenev\u00eb shkruan p\u00ebr t\u00eb zhdukurit n\u00eb Kosov\u00eb: Regjimi i Vu\u00e7iqit fle mbi varreza masive.<\/strong><\/p>\n<p><img loading=\"lazy\" loading=\"lazy\" decoding=\"async\" class=\"wp-image-45807 alignleft entered litespeed-loaded td-animation-stack-type0-2\" src=\"https:\/\/lecanton27.ch\/wp-content\/uploads\/2025\/09\/mergimttkjj-300x225.jpg\" sizes=\"auto, (max-width: 497px) 100vw, 497px\" srcset=\"https:\/\/lecanton27.ch\/wp-content\/uploads\/2025\/09\/mergimttkjj-300x225.jpg 300w, https:\/\/lecanton27.ch\/wp-content\/uploads\/2025\/09\/mergimttkjj-1024x768.jpg 1024w, https:\/\/lecanton27.ch\/wp-content\/uploads\/2025\/09\/mergimttkjj-768x576.jpg 768w, https:\/\/lecanton27.ch\/wp-content\/uploads\/2025\/09\/mergimttkjj-1536x1152.jpg 1536w, https:\/\/lecanton27.ch\/wp-content\/uploads\/2025\/09\/mergimttkjj-150x113.jpg 150w, https:\/\/lecanton27.ch\/wp-content\/uploads\/2025\/09\/mergimttkjj-696x522.jpg 696w, https:\/\/lecanton27.ch\/wp-content\/uploads\/2025\/09\/mergimttkjj-1068x801.jpg 1068w, https:\/\/lecanton27.ch\/wp-content\/uploads\/2025\/09\/mergimttkjj.jpg 1600w\" alt=\"\" width=\"497\" height=\"372\" data-lazyloaded=\"1\" data-src=\"https:\/\/lecanton27.ch\/wp-content\/uploads\/2025\/09\/mergimttkjj-300x225.jpg\" data-srcset=\"https:\/\/lecanton27.ch\/wp-content\/uploads\/2025\/09\/mergimttkjj-300x225.jpg 300w, https:\/\/lecanton27.ch\/wp-content\/uploads\/2025\/09\/mergimttkjj-1024x768.jpg 1024w, https:\/\/lecanton27.ch\/wp-content\/uploads\/2025\/09\/mergimttkjj-768x576.jpg 768w, https:\/\/lecanton27.ch\/wp-content\/uploads\/2025\/09\/mergimttkjj-1536x1152.jpg 1536w, https:\/\/lecanton27.ch\/wp-content\/uploads\/2025\/09\/mergimttkjj-150x113.jpg 150w, https:\/\/lecanton27.ch\/wp-content\/uploads\/2025\/09\/mergimttkjj-696x522.jpg 696w, https:\/\/lecanton27.ch\/wp-content\/uploads\/2025\/09\/mergimttkjj-1068x801.jpg 1068w, https:\/\/lecanton27.ch\/wp-content\/uploads\/2025\/09\/mergimttkjj.jpg 1600w\" data-sizes=\"(max-width: 497px) 100vw, 497px\" data-ll-status=\"loaded\" \/>Pos mergimtareve dhe aktivisteve shqiptare n\u00eb Zvicer, per t\u2019u solidarizuar me Kosov\u00ebn mor\u00ebn pjese edhe Ana Roch Presidente e K\u00ebshillit t\u00eb Lart\u00eb \u2013 Parlamenti Kantonal, deputeti Arber Jahija, Alfonso Gomez, kryetar i Gjenev\u00ebs, Bardhyl Mahmuti, veprimtar, Mirishahe Limani Hiler, aktiviste, Tahir Shabani nga asociacioni franko-shqiptar, si dhe deputet\u00eb dhe personalitet tjera nga diaspora dhe autoritetet gjenevase dhe helvetike p\u00ebr t\u00eb drejtat e Njeriut n\u00eb Gjenev\u00eb.<\/p>\n<p><strong>Kryetarja e Parlamentit Kantonal n\u00eb Gjenev\u00eb ka th\u00ebne p\u00ebr t\u00eb zhdukurit n\u00eb Kosov\u00eb se \u00a0\u00ab\u00a0Regjimi i Vu\u00e7iqit fle mbi varreza masive.\u00a0\u00bb<\/strong><\/p>\n<p>N\u00eb k\u00ebt\u00eb dit\u00eb nd\u00ebrkomb\u00ebtare t\u00eb viktimave t\u00eb zhdukurve me forc\u00eb, shprehim respekt p\u00ebr familjet e pik\u00eblluara shqiptare n\u00eb Kosov\u00eb q\u00eb presin lajmin p\u00ebr m\u00eb t\u00eb dashurit e tyre dhe do vazhdojm\u00eb q\u00eb drejt\u00ebsia t\u00eb zbardhet. Solidarizohemi me mir\u00ebnjohje dhe respekt p\u00ebr Z. Andin Hotin, Kryetar Komisionit Qeveritar p\u00ebr Personat e Zhdukur dhe Delegacionin nga Republika e Kosov\u00ebs<\/p>\n<p><strong>KU JAN\u00cb?\u00a0 \u2013 Nje aktivitet pak me ndryshe nga aktori yne i njohur Rame Dardania, rreth solidarizimit me familjaret e te zhdukurve ne Kosov\u00eb\u00a0<\/strong><\/p>\n<p><em><strong><img loading=\"lazy\" loading=\"lazy\" decoding=\"async\" class=\"wp-image-45809 alignright entered litespeed-loaded td-animation-stack-type0-2\" src=\"https:\/\/lecanton27.ch\/wp-content\/uploads\/2025\/09\/ramedrardd-248x300.png\" sizes=\"auto, (max-width: 303px) 100vw, 303px\" srcset=\"https:\/\/lecanton27.ch\/wp-content\/uploads\/2025\/09\/ramedrardd-248x300.png 248w, https:\/\/lecanton27.ch\/wp-content\/uploads\/2025\/09\/ramedrardd-848x1024.png 848w, https:\/\/lecanton27.ch\/wp-content\/uploads\/2025\/09\/ramedrardd-768x927.png 768w, https:\/\/lecanton27.ch\/wp-content\/uploads\/2025\/09\/ramedrardd-150x181.png 150w, https:\/\/lecanton27.ch\/wp-content\/uploads\/2025\/09\/ramedrardd-300x362.png 300w, https:\/\/lecanton27.ch\/wp-content\/uploads\/2025\/09\/ramedrardd-696x840.png 696w, https:\/\/lecanton27.ch\/wp-content\/uploads\/2025\/09\/ramedrardd.png 896w\" alt=\"\" width=\"303\" height=\"367\" data-lazyloaded=\"1\" data-src=\"https:\/\/lecanton27.ch\/wp-content\/uploads\/2025\/09\/ramedrardd-248x300.png\" data-srcset=\"https:\/\/lecanton27.ch\/wp-content\/uploads\/2025\/09\/ramedrardd-248x300.png 248w, https:\/\/lecanton27.ch\/wp-content\/uploads\/2025\/09\/ramedrardd-848x1024.png 848w, https:\/\/lecanton27.ch\/wp-content\/uploads\/2025\/09\/ramedrardd-768x927.png 768w, https:\/\/lecanton27.ch\/wp-content\/uploads\/2025\/09\/ramedrardd-150x181.png 150w, https:\/\/lecanton27.ch\/wp-content\/uploads\/2025\/09\/ramedrardd-300x362.png 300w, https:\/\/lecanton27.ch\/wp-content\/uploads\/2025\/09\/ramedrardd-696x840.png 696w, https:\/\/lecanton27.ch\/wp-content\/uploads\/2025\/09\/ramedrardd.png 896w\" data-sizes=\"(max-width: 303px) 100vw, 303px\" data-ll-status=\"loaded\" \/>\u201cKu jan\u00eb?<\/strong><\/em>\u201d \u2013 nj\u00eb britm\u00eb artistike kund\u00ebr harres\u00ebs n\u00eb sh\u00ebnimin e Dit\u00ebs s\u00eb t\u00eb Zhdukurve me Dhun\u00eb, m\u00eb 30 dhe 31 gusht para OKB-s\u00eb n\u00eb Gjenev\u00eb, u hap ekspozita me piktura, fotografi, grafika dhe instalacione kushtuar k\u00ebsaj plage ende t\u00eb hapur. Nj\u00eb vend t\u00eb ve\u00e7ant\u00eb zuri performanca dhe instalacioni i artistit Ram\u00eb Dardania, i cili pas ekspozit\u00ebs s\u00eb par\u00eb para tre vitesh n\u00eb t\u00eb nj\u00ebjt\u00ebn hap\u00ebsir\u00eb, u rikthye s\u00ebrish me nj\u00eb pyetje q\u00eb shpon heshtjen: \u201cKu jan\u00eb?\u201d, njofton gazeta zvicerane en shqip LeCanton27.ch<\/p>\n<p>Nj\u00eb karrige bosh me rroba, k\u00ebpuc\u00eb f\u00ebmije p\u00ebrpara dhe qirinj t\u00eb ndezur rreth saj u b\u00ebn\u00eb metafor\u00eb e fuqishme e dhimbjes dhe kujtes\u00ebs. P\u00ebrmes artit, Dardania i kthen t\u00eb zhdukurit n\u00eb nj\u00eb prani q\u00eb nuk lejohet t\u00eb heshtet. P\u00ebrkrah tij, me vepra t\u00eb ndryshme u prezantuan edhe Gani Jakupi, Hazir Reka, Rusllan Pikhota, Vanesa Lika dhe Nysret Shabani, duke sjell\u00eb secili p\u00ebrmes mediumit t\u00eb vet nj\u00eb thirrje t\u00eb p\u00ebrbashk\u00ebt: kujtesa \u00ebsht\u00eb rezistenc\u00eb ndaj harres\u00ebs. N\u00eb fjalimet e rastit u theksua se 1,584 qytetar\u00eb t\u00eb Kosov\u00ebs vazhdojn\u00eb t\u00eb jen\u00eb t\u00eb zhdukur, dhe pa zbardhjen e fatit t\u00eb tyre, paqja mbetet e paplot\u00eb.<\/p>\n<div class=\"youtube-embed\" data-video_id=\"\"><iframe loading=\"lazy\" class=\"entered litespeed-loading\" title=\"\u201cKu jan\u00eb?\u201d \u2013 Britm\u00eb kjo nga Dardania kund\u00ebr harres\u00ebs se te zhdukrve ne Kosov\u00eb para OKB-s\u00eb n\u00eb Gjenev\u00eb\" src=\"https:\/\/www.youtube.com\/embed\/3N33yzcVkVs?feature=oembed&amp;enablejsapi=1\" width=\"100%\" height=\"1000\" frameborder=\"0\" allowfullscreen=\"allowfullscreen\" data-lazyloaded=\"1\" data-litespeed-src=\"https:\/\/www.youtube.com\/embed\/3N33yzcVkVs?feature=oembed&amp;enablejsapi=1\" data-ll-status=\"loading\" data-mce-fragment=\"1\"><\/iframe><\/div>\n<p>Do perkujtuar se vitin e kaluar Kosova dhe Serbia ran\u00eb dakord p\u00ebr k\u00ebrkimin e t\u00eb zhdukurve. Kete lajm t\u00eb mire kane mir\u00ebpitur e kane konfirmuar p\u00eb rgazetne zvcerane ne shqip LeCanton27.ch edhe zyrtaret e ICRC-se ne Gjeneve.<\/p>\n<p>Negociator\u00ebt nga Kosova deh Serbia arrit\u00ebn nj\u00eb marr\u00ebveshje n\u00eb Bruksel q\u00eb synojne p\u00ebrshpejtimin e k\u00ebrkimit p\u00ebr m\u00eb shum\u00eb se 1600 personave t\u00eb zhdukur q\u00eb nga lufta e viteve 1998-1999.<\/p>\n<p>T\u00eb dy vendet, marr\u00ebdh\u00ebniet e t\u00eb cilave jan\u00eb ende t\u00eb tensionuara, kan\u00eb r\u00ebn\u00eb dakord t\u00eb k\u00ebrkojn\u00eb njer\u00ebz ende t\u00eb zhdukur q\u00eb nga lufta.<\/p>\n<p>Nga 6,065 rastet e personave t\u00eb raportuar t\u00eb zhdukur nga 1 janari 1998 deri m\u00eb 31 dhjetor 2000, 1,607 mbeten t\u00eb pazgjidhura, sipas sh\u00ebrbimit diplomatik t\u00eb Bashkimit Evropian.<\/p>\n<p>Marr\u00ebveshja e arritur t\u00eb mart\u00ebn paraqet progres, n\u00eb fund t\u00eb nj\u00eb viti t\u00eb sh\u00ebnuar me p\u00ebrleshje t\u00eb armatosura dhe incidente t\u00eb tjera q\u00eb penguan normalizimin mes Serbis\u00eb dhe Kosov\u00ebs.\/ Photo:Rexhep Rifati<img loading=\"lazy\" loading=\"lazy\" decoding=\"async\" class=\"wp-image-45808 alignleft entered td-animation-stack-type0-2 litespeed-loaded\" src=\"https:\/\/lecanton27.ch\/wp-content\/uploads\/2025\/09\/mergimttasass-300x200.jpg\" sizes=\"auto, (max-width: 1299px) 100vw, 1299px\" srcset=\"https:\/\/lecanton27.ch\/wp-content\/uploads\/2025\/09\/mergimttasass-300x200.jpg 300w, https:\/\/lecanton27.ch\/wp-content\/uploads\/2025\/09\/mergimttasass-1024x683.jpg 1024w, https:\/\/lecanton27.ch\/wp-content\/uploads\/2025\/09\/mergimttasass-768x512.jpg 768w, https:\/\/lecanton27.ch\/wp-content\/uploads\/2025\/09\/mergimttasass-1536x1024.jpg 1536w, https:\/\/lecanton27.ch\/wp-content\/uploads\/2025\/09\/mergimttasass-150x100.jpg 150w, https:\/\/lecanton27.ch\/wp-content\/uploads\/2025\/09\/mergimttasass-696x464.jpg 696w, https:\/\/lecanton27.ch\/wp-content\/uploads\/2025\/09\/mergimttasass-1068x712.jpg 1068w, https:\/\/lecanton27.ch\/wp-content\/uploads\/2025\/09\/mergimttasass-1920x1280.jpg 1920w, https:\/\/lecanton27.ch\/wp-content\/uploads\/2025\/09\/mergimttasass.jpg 2048w\" alt=\"\" width=\"1299\" height=\"866\" data-lazyloaded=\"1\" data-src=\"https:\/\/lecanton27.ch\/wp-content\/uploads\/2025\/09\/mergimttasass-300x200.jpg\" data-srcset=\"https:\/\/lecanton27.ch\/wp-content\/uploads\/2025\/09\/mergimttasass-300x200.jpg 300w, https:\/\/lecanton27.ch\/wp-content\/uploads\/2025\/09\/mergimttasass-1024x683.jpg 1024w, https:\/\/lecanton27.ch\/wp-content\/uploads\/2025\/09\/mergimttasass-768x512.jpg 768w, https:\/\/lecanton27.ch\/wp-content\/uploads\/2025\/09\/mergimttasass-1536x1024.jpg 1536w, https:\/\/lecanton27.ch\/wp-content\/uploads\/2025\/09\/mergimttasass-150x100.jpg 150w, https:\/\/lecanton27.ch\/wp-content\/uploads\/2025\/09\/mergimttasass-696x464.jpg 696w, https:\/\/lecanton27.ch\/wp-content\/uploads\/2025\/09\/mergimttasass-1068x712.jpg 1068w, https:\/\/lecanton27.ch\/wp-content\/uploads\/2025\/09\/mergimttasass-1920x1280.jpg 1920w, https:\/\/lecanton27.ch\/wp-content\/uploads\/2025\/09\/mergimttasass.jpg 2048w\" data-sizes=\"auto, (max-width: 1299px) 100vw, 1299px\" data-ll-status=\"loaded\" \/><\/p>\n<p><img loading=\"lazy\" loading=\"lazy\" decoding=\"async\" class=\"alignnone wp-image-45816 entered td-animation-stack-type0-2 litespeed-loaded\" src=\"https:\/\/lecanton27.ch\/wp-content\/uploads\/2025\/09\/mergimmnnb-300x225.jpg\" sizes=\"auto, (max-width: 1189px) 100vw, 1189px\" srcset=\"https:\/\/lecanton27.ch\/wp-content\/uploads\/2025\/09\/mergimmnnb-300x225.jpg 300w, https:\/\/lecanton27.ch\/wp-content\/uploads\/2025\/09\/mergimmnnb-1024x768.jpg 1024w, https:\/\/lecanton27.ch\/wp-content\/uploads\/2025\/09\/mergimmnnb-768x576.jpg 768w, https:\/\/lecanton27.ch\/wp-content\/uploads\/2025\/09\/mergimmnnb-1536x1152.jpg 1536w, https:\/\/lecanton27.ch\/wp-content\/uploads\/2025\/09\/mergimmnnb-150x113.jpg 150w, https:\/\/lecanton27.ch\/wp-content\/uploads\/2025\/09\/mergimmnnb-696x522.jpg 696w, https:\/\/lecanton27.ch\/wp-content\/uploads\/2025\/09\/mergimmnnb-1068x801.jpg 1068w, https:\/\/lecanton27.ch\/wp-content\/uploads\/2025\/09\/mergimmnnb.jpg 1600w\" alt=\"\" width=\"1189\" height=\"892\" data-lazyloaded=\"1\" data-src=\"https:\/\/lecanton27.ch\/wp-content\/uploads\/2025\/09\/mergimmnnb-300x225.jpg\" data-srcset=\"https:\/\/lecanton27.ch\/wp-content\/uploads\/2025\/09\/mergimmnnb-300x225.jpg 300w, https:\/\/lecanton27.ch\/wp-content\/uploads\/2025\/09\/mergimmnnb-1024x768.jpg 1024w, https:\/\/lecanton27.ch\/wp-content\/uploads\/2025\/09\/mergimmnnb-768x576.jpg 768w, https:\/\/lecanton27.ch\/wp-content\/uploads\/2025\/09\/mergimmnnb-1536x1152.jpg 1536w, https:\/\/lecanton27.ch\/wp-content\/uploads\/2025\/09\/mergimmnnb-150x113.jpg 150w, https:\/\/lecanton27.ch\/wp-content\/uploads\/2025\/09\/mergimmnnb-696x522.jpg 696w, https:\/\/lecanton27.ch\/wp-content\/uploads\/2025\/09\/mergimmnnb-1068x801.jpg 1068w, https:\/\/lecanton27.ch\/wp-content\/uploads\/2025\/09\/mergimmnnb.jpg 1600w\" data-sizes=\"auto, (max-width: 1189px) 100vw, 1189px\" data-ll-status=\"loaded\" \/><img loading=\"lazy\" loading=\"lazy\" decoding=\"async\" class=\"wp-image-45806 alignleft entered td-animation-stack-type0-2 litespeed-loaded\" src=\"https:\/\/lecanton27.ch\/wp-content\/uploads\/2025\/09\/missing-300x225.jpg\" sizes=\"auto, (max-width: 1171px) 100vw, 1171px\" srcset=\"https:\/\/lecanton27.ch\/wp-content\/uploads\/2025\/09\/missing-300x225.jpg 300w, https:\/\/lecanton27.ch\/wp-content\/uploads\/2025\/09\/missing-1024x768.jpg 1024w, https:\/\/lecanton27.ch\/wp-content\/uploads\/2025\/09\/missing-768x576.jpg 768w, https:\/\/lecanton27.ch\/wp-content\/uploads\/2025\/09\/missing-1536x1152.jpg 1536w, https:\/\/lecanton27.ch\/wp-content\/uploads\/2025\/09\/missing-150x113.jpg 150w, https:\/\/lecanton27.ch\/wp-content\/uploads\/2025\/09\/missing-696x522.jpg 696w, https:\/\/lecanton27.ch\/wp-content\/uploads\/2025\/09\/missing-1068x801.jpg 1068w, https:\/\/lecanton27.ch\/wp-content\/uploads\/2025\/09\/missing-1920x1440.jpg 1920w, https:\/\/lecanton27.ch\/wp-content\/uploads\/2025\/09\/missing.jpg 2048w\" alt=\"\" width=\"1171\" height=\"878\" data-lazyloaded=\"1\" data-src=\"https:\/\/lecanton27.ch\/wp-content\/uploads\/2025\/09\/missing-300x225.jpg\" data-srcset=\"https:\/\/lecanton27.ch\/wp-content\/uploads\/2025\/09\/missing-300x225.jpg 300w, https:\/\/lecanton27.ch\/wp-content\/uploads\/2025\/09\/missing-1024x768.jpg 1024w, https:\/\/lecanton27.ch\/wp-content\/uploads\/2025\/09\/missing-768x576.jpg 768w, https:\/\/lecanton27.ch\/wp-content\/uploads\/2025\/09\/missing-1536x1152.jpg 1536w, https:\/\/lecanton27.ch\/wp-content\/uploads\/2025\/09\/missing-150x113.jpg 150w, https:\/\/lecanton27.ch\/wp-content\/uploads\/2025\/09\/missing-696x522.jpg 696w, https:\/\/lecanton27.ch\/wp-content\/uploads\/2025\/09\/missing-1068x801.jpg 1068w, https:\/\/lecanton27.ch\/wp-content\/uploads\/2025\/09\/missing-1920x1440.jpg 1920w, https:\/\/lecanton27.ch\/wp-content\/uploads\/2025\/09\/missing.jpg 2048w\" data-sizes=\"auto, (max-width: 1171px) 100vw, 1171px\" data-ll-status=\"loaded\" \/><\/p>\n","protected":false},"excerpt":{"rendered":"<p>Gjenev\u00eb \/UN \u2013Gjeneva si nje qender nderkomb\u00ebtare ka me rastin e Dites Boterore te te Zhdukruve ka shenuar me nje ser aktivitetesh dhe ptotesta.\u00a0 Sipas ICRC vendet qe me se shumti jane goditur nga personat\u00a0e zhdukur jan\u00eb Sudani, Ukraina, Siria, Palestina dhe vende te tjera ku eshte permendur edhe Kosova Mu ne Dit\u00ebn Nd\u00ebrkomb\u00ebtare t\u00eb [&hellip;]<\/p>\n","protected":false},"author":1,"featured_media":7878,"comment_status":"closed","ping_status":"closed","sticky":false,"template":"","format":"standard","meta":{"footnotes":""},"categories":[2],"tags":[],"class_list":{"0":"post-7877","1":"post","2":"type-post","3":"status-publish","4":"format-standard","5":"has-post-thumbnail","7":"category-zvicer"},"_links":{"self":[{"href":"https:\/\/syri.tv\/index.php?rest_route=\/wp\/v2\/posts\/7877","targetHints":{"allow":["GET"]}}],"collection":[{"href":"https:\/\/syri.tv\/index.php?rest_route=\/wp\/v2\/posts"}],"about":[{"href":"https:\/\/syri.tv\/index.php?rest_route=\/wp\/v2\/types\/post"}],"author":[{"embeddable":true,"href":"https:\/\/syri.tv\/index.php?rest_route=\/wp\/v2\/users\/1"}],"replies":[{"embeddable":true,"href":"https:\/\/syri.tv\/index.php?rest_route=%2Fwp%2Fv2%2Fcomments&post=7877"}],"version-history":[{"count":1,"href":"https:\/\/syri.tv\/index.php?rest_route=\/wp\/v2\/posts\/7877\/revisions"}],"predecessor-version":[{"id":7879,"href":"https:\/\/syri.tv\/index.php?rest_route=\/wp\/v2\/posts\/7877\/revisions\/7879"}],"wp:featuredmedia":[{"embeddable":true,"href":"https:\/\/syri.tv\/index.php?rest_route=\/wp\/v2\/media\/7878"}],"wp:attachment":[{"href":"https:\/\/syri.tv\/index.php?rest_route=%2Fwp%2Fv2%2Fmedia&parent=7877"}],"wp:term":[{"taxonomy":"category","embeddable":true,"href":"https:\/\/syri.tv\/index.php?rest_route=%2Fwp%2Fv2%2Fcategories&post=7877"},{"taxonomy":"post_tag","embeddable":true,"href":"https:\/\/syri.tv\/index.php?rest_route=%2Fwp%2Fv2%2Ftags&post=7877"}],"curies":[{"name":"wp","href":"https:\/\/api.w.org\/{rel}","templated":true}]}}