{"id":7869,"date":"2025-08-29T08:07:10","date_gmt":"2025-08-29T08:07:10","guid":{"rendered":"https:\/\/syri.tv\/?p=7869"},"modified":"2025-08-29T08:07:10","modified_gmt":"2025-08-29T08:07:10","slug":"kosovari-kapet-duke-vozitur-me-181-km-h-ne-zone-te-lejuar-80-km-h-ne-zvicer-policia-sekuestron-automjetin","status":"publish","type":"post","link":"https:\/\/syri.tv\/?p=7869","title":{"rendered":"Kosovari kapet duke vozitur me 181 km\/h n\u00eb zon\u00eb t\u00eb lejuar 80 km \/h n\u00eb Zvic\u00ebr \u2013 Policia sekuestron automjetin"},"content":{"rendered":"<p>Rothenburg, Zvic\u00ebr \u2013 27 Gusht 2025 Nj\u00eb shtetas kosovar 32-vje\u00e7ar \u00ebsht\u00eb ndaluar nga policia zvicerane n\u00eb komun\u00ebn Rothenburg t\u00eb kantonit Luzern, pasi u kap duke vozitur me nj\u00eb shpejt\u00ebsi ekstreme prej 181 km\/h, n\u00eb nj\u00eb zon\u00eb ku kufiri i lejuar \u00ebsht\u00eb 80 km\/h.<\/p>\n<p>Ngjarja ndodhi mbr\u00ebmjen e s\u00eb mart\u00ebs, m\u00eb 26 gusht 2025, rreth or\u00ebs 21:00, gjat\u00eb nj\u00eb kontrolli rutin\u00eb t\u00eb shpejt\u00ebsis\u00eb n\u00eb rrug\u00ebn Bertiswilstrasse, q\u00eb lidh Rothenburg me Rain-in.<\/p>\n<p>Policia e Luzernit konfirmoi se automjeti u ndalua menj\u00ebher\u00eb dhe drejtuesi u arrestua p\u00ebrkoh\u00ebsisht n\u00eb vendngjarje. Automjeti i tij u sekuestrua, nd\u00ebrsa leja e drejtimit iu hoq p\u00ebrkoh\u00ebsisht.<\/p>\n<p>Deri n\u00eb nj\u00eb vendim t\u00eb m\u00ebtejsh\u00ebm nga Zyra e Trafikut Rrugor, 32-vje\u00e7ari nuk lejohet t\u00eb drejtoj\u00eb asnj\u00eb automjet motorik n\u00eb territorin zviceran.<\/p>\n<p>Autoritetet kan\u00eb nisur procedurat ligjore ndaj tij p\u00ebr shkelje t\u00eb r\u00ebnd\u00eb t\u00eb rregullave t\u00eb trafikut, e klasifikuar si \u201crast i ngasjes s\u00eb rrezikshme\u201d sipas ligjeve zvicerane.<\/p>\n<p>Hetimet po zhvillohen nga Prokuroria e Emmen-it.<\/p>\n<p>Ky rast ka rikthyer v\u00ebmendjen mbi rrezikun e shpejt\u00ebsis\u00eb s\u00eb lart\u00eb n\u00eb rrug\u00ebt zvicerane dhe nevoj\u00ebn p\u00ebr respektimin e rregullave t\u00eb qarkullimit, ve\u00e7an\u00ebrisht nga drejtuesit e rinj t\u00eb automjeteve.<\/p>\n","protected":false},"excerpt":{"rendered":"<p>Rothenburg, Zvic\u00ebr \u2013 27 Gusht 2025 Nj\u00eb shtetas kosovar 32-vje\u00e7ar \u00ebsht\u00eb ndaluar nga policia zvicerane n\u00eb komun\u00ebn Rothenburg t\u00eb kantonit Luzern, pasi u kap duke vozitur me nj\u00eb shpejt\u00ebsi ekstreme prej 181 km\/h, n\u00eb nj\u00eb zon\u00eb ku kufiri i lejuar \u00ebsht\u00eb 80 km\/h. Ngjarja ndodhi mbr\u00ebmjen e s\u00eb mart\u00ebs, m\u00eb 26 gusht 2025, rreth or\u00ebs [&hellip;]<\/p>\n","protected":false},"author":1,"featured_media":7870,"comment_status":"closed","ping_status":"closed","sticky":false,"template":"","format":"standard","meta":{"footnotes":""},"categories":[2],"tags":[],"class_list":{"0":"post-7869","1":"post","2":"type-post","3":"status-publish","4":"format-standard","5":"has-post-thumbnail","7":"category-zvicer"},"_links":{"self":[{"href":"https:\/\/syri.tv\/index.php?rest_route=\/wp\/v2\/posts\/7869","targetHints":{"allow":["GET"]}}],"collection":[{"href":"https:\/\/syri.tv\/index.php?rest_route=\/wp\/v2\/posts"}],"about":[{"href":"https:\/\/syri.tv\/index.php?rest_route=\/wp\/v2\/types\/post"}],"author":[{"embeddable":true,"href":"https:\/\/syri.tv\/index.php?rest_route=\/wp\/v2\/users\/1"}],"replies":[{"embeddable":true,"href":"https:\/\/syri.tv\/index.php?rest_route=%2Fwp%2Fv2%2Fcomments&post=7869"}],"version-history":[{"count":1,"href":"https:\/\/syri.tv\/index.php?rest_route=\/wp\/v2\/posts\/7869\/revisions"}],"predecessor-version":[{"id":7871,"href":"https:\/\/syri.tv\/index.php?rest_route=\/wp\/v2\/posts\/7869\/revisions\/7871"}],"wp:featuredmedia":[{"embeddable":true,"href":"https:\/\/syri.tv\/index.php?rest_route=\/wp\/v2\/media\/7870"}],"wp:attachment":[{"href":"https:\/\/syri.tv\/index.php?rest_route=%2Fwp%2Fv2%2Fmedia&parent=7869"}],"wp:term":[{"taxonomy":"category","embeddable":true,"href":"https:\/\/syri.tv\/index.php?rest_route=%2Fwp%2Fv2%2Fcategories&post=7869"},{"taxonomy":"post_tag","embeddable":true,"href":"https:\/\/syri.tv\/index.php?rest_route=%2Fwp%2Fv2%2Ftags&post=7869"}],"curies":[{"name":"wp","href":"https:\/\/api.w.org\/{rel}","templated":true}]}}