{"id":7839,"date":"2025-08-22T10:12:17","date_gmt":"2025-08-22T10:12:17","guid":{"rendered":"https:\/\/syri.tv\/?p=7839"},"modified":"2025-08-22T10:12:17","modified_gmt":"2025-08-22T10:12:17","slug":"donika-gervalla-sot-na-i-riktheu-fjalet-e-babait-te-saj-jusuf-gervalla-nje-amanet-i-gjalle-i-nderit-i-drejtesise-dhe-i-sakrifices","status":"publish","type":"post","link":"https:\/\/syri.tv\/?p=7839","title":{"rendered":"Donika G\u00ebrvalla sot na i riktheu fjal\u00ebt e babait t\u00eb saj, Jusuf G\u00ebrvalla \u2013 nj\u00eb amanet i gjall\u00eb i nderit, i drejt\u00ebsis\u00eb dhe i sakrific\u00ebs."},"content":{"rendered":"<div class=\"xdj266r x14z9mp xat24cr x1lziwak x1vvkbs x126k92a\">\n<div dir=\"auto\">KAH PO DONI..?!<\/div>\n<\/div>\n<div class=\"x14z9mp xat24cr x1lziwak x1vvkbs xtlvy1s x126k92a\">\n<div dir=\"auto\">oooo OPOZITA E SHTETIT TONE E REPUBLIKES SE KOSOV\u00cbS<\/div>\n<\/div>\n<div class=\"x14z9mp xat24cr x1lziwak x1vvkbs xtlvy1s x126k92a\">\n<div dir=\"auto\">Donika G\u00ebrvalla sot na i riktheu fjal\u00ebt e babait t\u00eb saj, Jusuf G\u00ebrvalla \u2013 nj\u00eb amanet i gjall\u00eb i nderit, i drejt\u00ebsis\u00eb dhe i sakrific\u00ebs.<\/div>\n<\/div>\n<div class=\"x14z9mp xat24cr x1lziwak x1vvkbs xtlvy1s x126k92a\">\n<div dir=\"auto\">Dhe un\u00eb nuk mund t\u00eb mos e kujtoj, me dhembje e zem\u00ebrim, se kjo e nj\u00ebjta bij\u00eb e heroit u bllokua dhjet\u00ebra her\u00eb n\u00eb parlamentin ton\u00eb, jo pse nuk kishte vler\u00eb, por pse disa donin t\u00eb hakmerreshin ndaj Albulena Haxhiut.<\/div>\n<\/div>\n<div class=\"x14z9mp xat24cr x1lziwak x1vvkbs xtlvy1s x126k92a\">\n<div dir=\"auto\">A s\u2019\u00ebsht\u00eb kjo tragjedi morale?<\/div>\n<\/div>\n<div class=\"x14z9mp xat24cr x1lziwak x1vvkbs xtlvy1s x126k92a\">\n<div dir=\"auto\">N\u00eb vend q\u00eb t\u00eb ngrihej parlamenti n\u00eb k\u00ebmb\u00eb p\u00ebr ta nderuar bij\u00ebn e Jusufit, e kthyen votimin n\u00eb fars\u00eb.<\/div>\n<\/div>\n<div class=\"x14z9mp xat24cr x1lziwak x1vvkbs xtlvy1s x126k92a\">\n<div dir=\"auto\">N\u00eb vend q\u00eb t\u00eb d\u00ebshmonin burr\u00ebri, treguan lig\u00ebsi.<\/div>\n<\/div>\n<div class=\"x14z9mp xat24cr x1lziwak x1vvkbs xtlvy1s x126k92a\">\n<div dir=\"auto\">N\u00eb vend q\u00eb ta respektonin trash\u00ebgimin\u00eb e gjakut dhe pen\u00ebs, zgjodh\u00ebn loj\u00ebn e vog\u00ebl t\u00eb interesave.<\/div>\n<\/div>\n<div class=\"x14z9mp xat24cr x1lziwak x1vvkbs xtlvy1s x126k92a\">\n<div dir=\"auto\">Kontrasti i sot\u00ebm \u00ebsht\u00eb ther\u00ebs:<\/div>\n<div dir=\"auto\">\u2013 Atje, Jusufi i m\u00ebrguar, i plagosur por i pathyesh\u00ebm, i shkruante n\u00ebn\u00ebs s\u00eb tij p\u00ebr nder, si rruga m\u00eb e v\u00ebshtir\u00eb por e vetmja e drejt\u00eb.<\/div>\n<div dir=\"auto\">\u2013 K\u00ebtu, pasardh\u00ebsit e tij politik\u00eb, n\u00eb nj\u00eb sall\u00eb q\u00eb quhet e Kosov\u00ebs s\u00eb lir\u00eb, nuk pat\u00ebn guximin ta votojn\u00eb t\u00eb bij\u00ebn as pas dhjet\u00eb herash.<\/div>\n<\/div>\n<div class=\"x14z9mp xat24cr x1lziwak x1vvkbs xtlvy1s x126k92a\">\n<div dir=\"auto\">Ky \u00ebsht\u00eb dallimi mes idealit dhe loj\u00ebs, mes sakrific\u00ebs dhe cinizmit, mes heroit dhe pazareve t\u00eb dit\u00ebs.<\/div>\n<\/div>\n<div class=\"x14z9mp xat24cr x1lziwak x1vvkbs xtlvy1s x126k92a\">\n<div dir=\"auto\">O Parlament i Kosov\u00ebs!<\/div>\n<\/div>\n<div class=\"x14z9mp xat24cr x1lziwak x1vvkbs xtlvy1s x126k92a\">\n<div dir=\"auto\">A do t\u00eb vazhdosh t\u00eb b\u00ebsh loj\u00ebra me hijet e gjigant\u00ebve, apo do t\u00eb marr\u00ebsh guximin t\u00eb ec\u00ebsh n\u00eb rrug\u00ebn e nder\u00ebs q\u00eb ata na lan\u00eb?<\/div>\n<\/div>\n<div class=\"x14z9mp xat24cr x1lziwak x1vvkbs xtlvy1s x126k92a\">\n<div dir=\"auto\">Sepse koha e talljes ka mbaruar \u2013 dhe koha e gjykimit t\u00eb historis\u00eb ka filluar.<\/div>\n<\/div>\n<div class=\"x14z9mp xat24cr x1lziwak x1vvkbs xtlvy1s x126k92a\">\n<div dir=\"auto\">**<\/div>\n<\/div>\n<div class=\"x14z9mp xat24cr x1lziwak x1vvkbs xtlvy1s x126k92a\">\n<div dir=\"auto\">NUM\u00cbR &#8211; I<\/div>\n<\/div>\n<div class=\"x14z9mp xat24cr x1lziwak x1vvkbs xtlvy1s x126k92a\">\n<div dir=\"auto\">Donika G\u00ebrvalla sot na i riktheu fjal\u00ebt e pavdekshme t\u00eb babait t\u00eb saj, Jusuf G\u00ebrvalla \u2013 nj\u00eb amanet i gjall\u00eb i nderit, i drejt\u00ebsis\u00eb dhe i sakrific\u00ebs. Dhe un\u00eb nuk mund t\u00eb mos e kujtoj, me dhembje e zem\u00ebrim, se kjo e nj\u00ebjta bij\u00eb e heroit u bllokua dhjet\u00ebra her\u00eb n\u00eb parlamentin ton\u00eb, jo pse nuk kishte vler\u00eb, por pse disa donin t\u00eb hakmerreshin ndaj Albulena Haxhiut. A s\u2019\u00ebsht\u00eb kjo tragjedi morale?<\/div>\n<\/div>\n<div class=\"x14z9mp xat24cr x1lziwak x1vvkbs xtlvy1s x126k92a\">\n<div dir=\"auto\">N\u00eb vend q\u00eb t\u00eb ngrihej parlamenti n\u00eb k\u00ebmb\u00eb p\u00ebr ta nderuar bij\u00ebn e Jusufit, e kthyen votimin n\u00eb fars\u00eb. N\u00eb vend q\u00eb t\u00eb d\u00ebshmonin burr\u00ebri, treguan lig\u00ebsi. N\u00eb vend q\u00eb ta respektonin trash\u00ebgimin\u00eb e gjakut dhe pen\u00ebs, zgjodh\u00ebn loj\u00ebn e vog\u00ebl t\u00eb interesave.<\/div>\n<\/div>\n<div class=\"x14z9mp xat24cr x1lziwak x1vvkbs xtlvy1s x126k92a\">\n<div dir=\"auto\">Kontrasti i sot\u00ebm \u00ebsht\u00eb ther\u00ebs:<\/div>\n<div dir=\"auto\">\u2013 Atje, Jusufi i m\u00ebrguar, i plagosur por i pathyesh\u00ebm, i shkruante n\u00ebn\u00ebs s\u00eb tij p\u00ebr nder, si rruga m\u00eb e v\u00ebshtir\u00eb por e vetmja e drejt\u00eb.<\/div>\n<div dir=\"auto\">\u2013 K\u00ebtu, pasardh\u00ebsit e tij politik\u00eb, n\u00eb nj\u00eb sall\u00eb q\u00eb quhet e Kosov\u00ebs s\u00eb lir\u00eb, nuk pat\u00ebn guximin ta votojn\u00eb t\u00eb bij\u00ebn as pas dhjet\u00eb herash.<\/div>\n<\/div>\n<div class=\"x14z9mp xat24cr x1lziwak x1vvkbs xtlvy1s x126k92a\">\n<div dir=\"auto\">Ky \u00ebsht\u00eb dallimi mes idealit dhe loj\u00ebs, mes sakrific\u00ebs dhe cinizmit, mes heroit dhe pazareve t\u00eb dit\u00ebs.<\/div>\n<\/div>\n<div class=\"x14z9mp xat24cr x1lziwak x1vvkbs xtlvy1s x126k92a\">\n<div dir=\"auto\">O Parlament i Kosov\u00ebs!<\/div>\n<div dir=\"auto\">A do t\u00eb vazhdosh t\u00eb b\u00ebsh loj\u00ebra me hijet e gjigant\u00ebve, apo do t\u00eb marr\u00ebsh guximin t\u00eb ec\u00ebsh n\u00eb rrug\u00ebn e nder\u00ebs q\u00eb ata na lan\u00eb?<\/div>\n<div dir=\"auto\">Sepse koha e talljes ka mbaruar \u2013 dhe koha e gjykimit t\u00eb historis\u00eb ka filluar.<\/div>\n<\/div>\n<div class=\"x14z9mp xat24cr x1lziwak x1vvkbs xtlvy1s x126k92a\">\n<div dir=\"auto\">Enver, more burr\u00eb i \u201cfjal\u00ebs s\u00eb madhe\u201d! \u00c7do her\u00eb q\u00eb ti shfaqesh me historit\u00eb e tua, duket sikur po na vjen nj\u00eb dram\u00eb e vjet\u00ebr e st\u00ebrk\u00ebqur, ku aktori harron tekstin, por prap\u00eb s\u2019zbret nga skena. Dhe kjo s\u2019\u00ebsht\u00eb se nuk di, por se nuk do \u2013 sepse m\u00eb shum\u00eb t\u00eb p\u00eblqen duartrokitja e vetes sate n\u00eb pasqyr\u00eb, sesa e v\u00ebrteta n\u00eb syt\u00eb e popullit.<\/div>\n<\/div>\n<div class=\"x14z9mp xat24cr x1lziwak x1vvkbs xtlvy1s x126k92a\">\n<div dir=\"auto\">Na flet p\u00ebr drejt\u00ebsi e ndershm\u00ebri, por je i pari q\u00eb p\u00ebrsh\u00ebndet pazaret e dit\u00ebs! Na e shet kombin si mall n\u00eb treg, pastaj thua: \u201cE b\u00ebra p\u00ebr atdheun!\u201d \u2013 po atdheun e ke shnd\u00ebrruar n\u00eb kart\u00eb bixhozi, ku gjithmon\u00eb fiton ai q\u00eb mashtron m\u00eb shum\u00eb.<\/div>\n<\/div>\n<div class=\"x14z9mp xat24cr x1lziwak x1vvkbs xtlvy1s x126k92a\">\n<div dir=\"auto\">O Enver! N\u00eb k\u00ebt\u00eb tok\u00eb jan\u00eb derdh\u00eb lumenj gjaku p\u00ebr liri, e ti do me na bind\u00eb se historia shkruhet me \u201cstatusa\u201d t\u00eb mjegullta. Po, shkruhet\u2026 po vet\u00ebm si shembull i turpit, jo i krenaris\u00eb.<\/div>\n<\/div>\n<div class=\"x14z9mp xat24cr x1lziwak x1vvkbs xtlvy1s x126k92a\">\n<div dir=\"auto\">Mos harro: t\u00eb gjitha maskat bien kur fryn era e popullit. E ajo er\u00eb po vjen, dhe nuk do t\u00eb pyes\u00eb as p\u00ebr \u201ctitujt\u201d q\u00eb ua veshni vetes, as p\u00ebr loj\u00ebn e vog\u00ebl q\u00eb b\u00ebni me gjakun e t\u00eb m\u00ebdhenjve.<\/div>\n<\/div>\n<div class=\"x14z9mp xat24cr x1lziwak x1vvkbs xtlvy1s x126k92a\">\n<div dir=\"auto\">Bajram, mik i brezit tim,<\/div>\n<div dir=\"auto\">fjal\u00ebt tua jan\u00eb thika q\u00eb \u00e7ajn\u00eb mjegull\u00ebn e turpit politik!<\/div>\n<\/div>\n<div class=\"x14z9mp xat24cr x1lziwak x1vvkbs xtlvy1s x126k92a\">\n<div dir=\"auto\">Opozita e sotme harron se mbi varret e \u00e7lirimtar\u00ebve nuk mund t\u00eb nd\u00ebrtohet karrier\u00eb, e mbi gjakun e d\u00ebshmor\u00ebve nuk mund t\u00eb ngrihet karrige pushteti. Ata q\u00eb sot mendojn\u00eb se duke rr\u00ebzuar Albin Kurtin do t\u2019i sh\u00ebrbejn\u00eb Kosov\u00ebs, n\u00eb fakt po i sh\u00ebrbejn\u00eb vet\u00ebm \u00ebndrrave t\u00eb Beogradit.<\/div>\n<\/div>\n<div class=\"x14z9mp xat24cr x1lziwak x1vvkbs xtlvy1s x126k92a\">\n<div dir=\"auto\">Ata jan\u00eb b\u00ebr\u00eb grindavec\u00eb t\u00eb p\u00ebrhersh\u00ebm, q\u00eb nuk din\u00eb as t\u00eb nd\u00ebrtojn\u00eb, as t\u00eb ruajn\u00eb. Kan\u00eb harruar historin\u00eb, kan\u00eb harruar gjakun, kan\u00eb harruar sakrific\u00ebn \u2013 kujtojn\u00eb vet\u00ebm milionat dhe karriget. Dhe si gjithmon\u00eb, n\u00eb krah t\u00eb tyre q\u00ebndron fantazma e Serbis\u00eb, q\u00eb i p\u00ebrk\u00ebdhel n\u00eb vesh me premtime t\u00eb rreme.<\/div>\n<\/div>\n<div class=\"x14z9mp xat24cr x1lziwak x1vvkbs xtlvy1s x126k92a\">\n<div dir=\"auto\">Por ama, Bajram, historia \u00ebsht\u00eb e pam\u00ebshirshme:<\/div>\n<div dir=\"auto\">\u2013 \u00c7lirimtar\u00ebt i mbuloi dheu, por gjaku i tyre u kthye n\u00eb rr\u00ebnj\u00eb lirie.<\/div>\n<div dir=\"auto\">\u2013 T\u00eb gjall\u00ebt e ndersh\u00ebm punojn\u00eb p\u00ebr buk\u00eb e p\u00ebr mbijetes\u00eb, e nuk ndalen.<\/div>\n<div dir=\"auto\">\u2013 Kurse milioner\u00ebt e pangopur, edhe sikur t\u00eb vjedhin bot\u00ebn, prap\u00eb do t\u00eb mbeten t\u00eb vegj\u00ebl para nj\u00eb populli q\u00eb di t\u00eb zgjohet.<\/div>\n<\/div>\n<div class=\"x14z9mp xat24cr x1lziwak x1vvkbs xtlvy1s x126k92a\">\n<div dir=\"auto\">Opozita q\u00eb s\u2019ka as sht\u00ebpi, as atdhe, as nder \u2013 le t\u00eb p\u00ebrplas\u00eb sa t\u00eb doj\u00eb duart n\u00eb korridore. Tribuni nuk rr\u00ebzohet me thashetheme, as me pazare \u2013 sepse rr\u00ebnj\u00ebt e tij jan\u00eb n\u00eb gjakun e d\u00ebshmor\u00ebve dhe n\u00eb bes\u00ebn e popullit.<\/div>\n<\/div>\n<div class=\"x14z9mp xat24cr x1lziwak x1vvkbs xtlvy1s x126k92a\">\n<div dir=\"auto\">V\u00eblla, s\u2019ka dhimbje m\u00eb t\u00eb madhe se kur rasti i motr\u00ebs, vullneti i saj, gishti i saj i ngritur p\u00ebr drejt\u00ebsi, shfryt\u00ebzohet p\u00ebr loj\u00ebra politike. Shqipja nuk ishte vet\u00ebm nj\u00eb gisht n\u00eb sall\u00eb, por ishte z\u00ebri i popullit q\u00eb besoi te 116 deputet\u00eb. Dhe at\u00ebher\u00eb, t\u00eb gjith\u00eb e thoshin: \u2018mjafton t\u00eb largohet Albulena Haxhiu, pastaj do t\u00eb votohet kryeparlamentarja.\u2019 Por koha e v\u00ebrtetoi t\u00eb kund\u00ebrt\u00ebn \u2013 nuk ishte fjala p\u00ebr Albulen\u00ebn, ishte fjala p\u00ebr popullin.<\/div>\n<\/div>\n<div class=\"x14z9mp xat24cr x1lziwak x1vvkbs xtlvy1s x126k92a\">\n<div dir=\"auto\">Si\u00e7 tha edhe Gjok\u00eb Paloka: edhe sikur t\u00eb ngrihej Adem Jashari nga varri, kjo opozit\u00eb e lidhur ngusht\u00eb me Serbin\u00eb, nuk do ta votonte. Sepse k\u00ebta nuk kan\u00eb as turp, as nder, as burr\u00ebri \u2013 kan\u00eb vet\u00ebm zinxhirin e List\u00ebs Serbe.<\/div>\n<\/div>\n<div class=\"x14z9mp xat24cr x1lziwak x1vvkbs xtlvy1s x126k92a\">\n<div dir=\"auto\">Thon\u00eb se askush nuk mund ta korit fytyr\u00ebn dhe as varrin t\u00ebnd m\u00eb shum\u00eb se f\u00ebmija yt. Dhe sot, un\u00eb e shoh se jo armiku, por disa bij t\u00eb k\u00ebtij vendi ua kan\u00eb korit varrin baballar\u00ebve t\u00eb tyre, kur n\u00eb vend t\u00eb nderimit t\u00eb gjakut e shesin p\u00ebr karrige e pazar.<\/div>\n<\/div>\n<div class=\"x14z9mp xat24cr x1lziwak x1vvkbs xtlvy1s x126k92a\">\n<div dir=\"auto\">Por le t\u00eb jet\u00eb e qart\u00eb: VV-ja nuk ishte, nuk \u00ebsht\u00eb dhe nuk do t\u00eb jet\u00eb kurr\u00eb n\u00ebn koston e Serbis\u00eb. Kush e thot\u00eb t\u00eb kund\u00ebrt\u00ebn, vet\u00ebm i sh\u00ebrben armikut.<\/div>\n<\/div>\n<div class=\"x14z9mp xat24cr x1lziwak x1vvkbs xtlvy1s x126k92a\">\n<div dir=\"auto\">Historia \u00ebsht\u00eb e pam\u00ebshirshme: ajo nxjerr para pasqyr\u00ebs secilin. Dhe n\u00eb at\u00eb pasqyr\u00eb do t\u00eb shihet qart\u00eb kush i sh\u00ebrbeu popullit e kush i sh\u00ebrbeu Beogradit.<\/div>\n<\/div>\n<div class=\"x14z9mp xat24cr x1lziwak x1vvkbs xtlvy1s x126k92a\">\n<div dir=\"auto\">**<\/div>\n<\/div>\n<div class=\"x14z9mp xat24cr x1lziwak x1vvkbs xtlvy1s x126k92a\">\n<div dir=\"auto\">Nga Sak Muji \/d.v.\/<\/div>\n<\/div>\n","protected":false},"excerpt":{"rendered":"<p>KAH PO DONI..?! oooo OPOZITA E SHTETIT TONE E REPUBLIKES SE KOSOV\u00cbS Donika G\u00ebrvalla sot na i riktheu fjal\u00ebt e babait t\u00eb saj, Jusuf G\u00ebrvalla \u2013 nj\u00eb amanet i gjall\u00eb i nderit, i drejt\u00ebsis\u00eb dhe i sakrific\u00ebs. Dhe un\u00eb nuk mund t\u00eb mos e kujtoj, me dhembje e zem\u00ebrim, se kjo e nj\u00ebjta bij\u00eb e [&hellip;]<\/p>\n","protected":false},"author":1,"featured_media":7840,"comment_status":"closed","ping_status":"closed","sticky":false,"template":"","format":"standard","meta":{"footnotes":""},"categories":[9],"tags":[],"class_list":{"0":"post-7839","1":"post","2":"type-post","3":"status-publish","4":"format-standard","5":"has-post-thumbnail","7":"category-vendi"},"_links":{"self":[{"href":"https:\/\/syri.tv\/index.php?rest_route=\/wp\/v2\/posts\/7839","targetHints":{"allow":["GET"]}}],"collection":[{"href":"https:\/\/syri.tv\/index.php?rest_route=\/wp\/v2\/posts"}],"about":[{"href":"https:\/\/syri.tv\/index.php?rest_route=\/wp\/v2\/types\/post"}],"author":[{"embeddable":true,"href":"https:\/\/syri.tv\/index.php?rest_route=\/wp\/v2\/users\/1"}],"replies":[{"embeddable":true,"href":"https:\/\/syri.tv\/index.php?rest_route=%2Fwp%2Fv2%2Fcomments&post=7839"}],"version-history":[{"count":1,"href":"https:\/\/syri.tv\/index.php?rest_route=\/wp\/v2\/posts\/7839\/revisions"}],"predecessor-version":[{"id":7841,"href":"https:\/\/syri.tv\/index.php?rest_route=\/wp\/v2\/posts\/7839\/revisions\/7841"}],"wp:featuredmedia":[{"embeddable":true,"href":"https:\/\/syri.tv\/index.php?rest_route=\/wp\/v2\/media\/7840"}],"wp:attachment":[{"href":"https:\/\/syri.tv\/index.php?rest_route=%2Fwp%2Fv2%2Fmedia&parent=7839"}],"wp:term":[{"taxonomy":"category","embeddable":true,"href":"https:\/\/syri.tv\/index.php?rest_route=%2Fwp%2Fv2%2Fcategories&post=7839"},{"taxonomy":"post_tag","embeddable":true,"href":"https:\/\/syri.tv\/index.php?rest_route=%2Fwp%2Fv2%2Ftags&post=7839"}],"curies":[{"name":"wp","href":"https:\/\/api.w.org\/{rel}","templated":true}]}}