{"id":7801,"date":"2025-08-06T20:07:50","date_gmt":"2025-08-06T20:07:50","guid":{"rendered":"https:\/\/syri.tv\/?p=7801"},"modified":"2025-08-06T20:07:50","modified_gmt":"2025-08-06T20:07:50","slug":"kryetari-i-ukshfz-z-feti-demoli-takoi-kryetarin-e-komunes-se-gjilanit-z-alban-hyseni","status":"publish","type":"post","link":"https:\/\/syri.tv\/?p=7801","title":{"rendered":"Kryetari i UKSHFZ z. Feti Demoli takoi Kryetarin e Komun\u00ebs s\u00eb Gjilanit z. Alban Hyseni"},"content":{"rendered":"<p>Ishte takim miq\u00ebsor dhe i frytsh\u00ebm sidomos kur\u00a0 \u00ebsht\u00eb futbolli n\u00eb pyetje e n\u00eb ve\u00e7anti n\u00eb k\u00ebt\u00eb rast u bisedua edhe p\u00ebr nd\u00ebrtimin e fush\u00ebs s\u00eb futbollit t\u00eb qytetit q\u00eb \u00ebsht\u00eb projekt infrastrukturor n\u00eb dobi t\u00eb qytetit dhe futbollit Gjilanas.<\/p>\n<p>Kryetari i Komun\u00ebs s\u00eb Gjilanit z. Alban Hyseni\u00a0 q\u00eb n\u00eb fillim tha se m\u00ebrgata \u00ebsht\u00eb thelbi i shtetit dhe i d\u00ebshirojm\u00eb mir\u00ebseardhje n\u00eb pushimet verore pran\u00eb m\u00eb t\u00eb dashurve t\u00eb tyre.<\/p>\n<p>Shk\u00ebmbimi i ideve me kultur\u00ebn Evropiane me d\u00ebshir\u00eb e pranojm\u00eb dhe i ftojm\u00eb m\u00ebrgimtar\u00ebt t\u00eb investojn\u00eb m\u00eb shum\u00eb n\u00eb vendlindje sepse projektet nga m\u00ebrgata i sjellin dobi vendit dhe ndihmojn\u00eb popullin p\u00ebr avancim dhe nj\u00eb jet\u00eb m\u00eb t\u00eb lumtur.<\/p>\n<p>Po ashtu edhe Kryetari i UKSHFZ z. Feti Demoli u shpreh se edhe m\u00ebrgata ka d\u00ebshir\u00eb q\u00eb \u00e7do kryetar i komunave nga vendlindja \u00ebsht\u00eb n\u00eb t\u00eb mir\u00ebn e tyre t\u00eb i vizitojn\u00eb bashk\u00ebvend\u00ebsit e tyre dhe t\u00eb japin projekte konkrete q\u00eb ka t\u00eb b\u00ebj\u00eb p\u00ebr nd\u00ebrtim dhe n\u00eb t\u00eb mir\u00ebn e vendit.<\/p>\n<p>Kryetari z. Feti Demoli e informoi edhe p\u00ebr rrjedh\u00ebn e futbollit n\u00eb Zvic\u00ebr e sidomos t\u00eb Klubeve t\u00eb Futbollit Shqiptar i cili tha se shqiptar\u00ebt na\u00a0 b\u00ebjn\u00eb krenar si Xherdan Shaqiri nga Zhegra, Granit Xhaka dhe shum\u00eb t\u00eb tjer\u00eb e q\u00eb Zvicra \u00ebsht\u00eb vendlindja e dyt\u00eb e tyre.<\/p>\n<p>Ai po ashtu tha se shqiptar\u00ebt n\u00eb p\u00ebrgjith\u00ebsi n\u00eb Zvic\u00ebr na b\u00ebjn\u00eb krenar sidomos tani gjeneratat e reja t\u00eb cil\u00ebt lul\u00ebzojn\u00eb gjithandej-<\/p>\n<p>Jeni t\u00eb mir\u00ebseardhur n\u00eb Zvic\u00ebr!<\/p>\n","protected":false},"excerpt":{"rendered":"<p>Ishte takim miq\u00ebsor dhe i frytsh\u00ebm sidomos kur\u00a0 \u00ebsht\u00eb futbolli n\u00eb pyetje e n\u00eb ve\u00e7anti n\u00eb k\u00ebt\u00eb rast u bisedua edhe p\u00ebr nd\u00ebrtimin e fush\u00ebs s\u00eb futbollit t\u00eb qytetit q\u00eb \u00ebsht\u00eb projekt infrastrukturor n\u00eb dobi t\u00eb qytetit dhe futbollit Gjilanas. Kryetari i Komun\u00ebs s\u00eb Gjilanit z. Alban Hyseni\u00a0 q\u00eb n\u00eb fillim tha se m\u00ebrgata \u00ebsht\u00eb [&hellip;]<\/p>\n","protected":false},"author":1,"featured_media":7802,"comment_status":"closed","ping_status":"closed","sticky":false,"template":"","format":"standard","meta":{"footnotes":""},"categories":[9],"tags":[],"class_list":{"0":"post-7801","1":"post","2":"type-post","3":"status-publish","4":"format-standard","5":"has-post-thumbnail","7":"category-vendi"},"_links":{"self":[{"href":"https:\/\/syri.tv\/index.php?rest_route=\/wp\/v2\/posts\/7801","targetHints":{"allow":["GET"]}}],"collection":[{"href":"https:\/\/syri.tv\/index.php?rest_route=\/wp\/v2\/posts"}],"about":[{"href":"https:\/\/syri.tv\/index.php?rest_route=\/wp\/v2\/types\/post"}],"author":[{"embeddable":true,"href":"https:\/\/syri.tv\/index.php?rest_route=\/wp\/v2\/users\/1"}],"replies":[{"embeddable":true,"href":"https:\/\/syri.tv\/index.php?rest_route=%2Fwp%2Fv2%2Fcomments&post=7801"}],"version-history":[{"count":1,"href":"https:\/\/syri.tv\/index.php?rest_route=\/wp\/v2\/posts\/7801\/revisions"}],"predecessor-version":[{"id":7803,"href":"https:\/\/syri.tv\/index.php?rest_route=\/wp\/v2\/posts\/7801\/revisions\/7803"}],"wp:featuredmedia":[{"embeddable":true,"href":"https:\/\/syri.tv\/index.php?rest_route=\/wp\/v2\/media\/7802"}],"wp:attachment":[{"href":"https:\/\/syri.tv\/index.php?rest_route=%2Fwp%2Fv2%2Fmedia&parent=7801"}],"wp:term":[{"taxonomy":"category","embeddable":true,"href":"https:\/\/syri.tv\/index.php?rest_route=%2Fwp%2Fv2%2Fcategories&post=7801"},{"taxonomy":"post_tag","embeddable":true,"href":"https:\/\/syri.tv\/index.php?rest_route=%2Fwp%2Fv2%2Ftags&post=7801"}],"curies":[{"name":"wp","href":"https:\/\/api.w.org\/{rel}","templated":true}]}}