{"id":7793,"date":"2025-08-06T19:14:36","date_gmt":"2025-08-06T19:14:36","guid":{"rendered":"https:\/\/syri.tv\/?p=7793"},"modified":"2025-08-06T19:14:36","modified_gmt":"2025-08-06T19:14:36","slug":"xheladin-shaban-shala-kryetar-i-nendeges-se-partise-demokratike-te-kosoves-ne-bazel-te-zvicres-publikishte-mbeshtet-ramiz-lladrovcin-ne-garen-per-kryetar-te-komunes-se-drenasit-2","status":"publish","type":"post","link":"https:\/\/syri.tv\/?p=7793","title":{"rendered":"Xheladin Shaban Shala, kryetar i n\u00ebndeg\u00ebs s\u00eb Partis\u00eb Demokratike t\u00eb Kosov\u00ebs n\u00eb Bazel t\u00eb Zvicr\u00ebs, publikisht\u00eb mb\u00ebshtet Ramiz Lladrovcin n\u00eb gar\u00ebn p\u00ebr Kryetar t\u00eb Komun\u00ebs s\u00eb Drenasit"},"content":{"rendered":"<div class=\"xdj266r x14z9mp xat24cr x1lziwak x1vvkbs x126k92a\">\n<div dir=\"auto\">NJOFTIM<\/div>\n<\/div>\n<div class=\"x14z9mp xat24cr x1lziwak x1vvkbs xtlvy1s x126k92a\">\n<div dir=\"auto\">Un\u00eb, Xheladin Shaban Shala, kryetar i n\u00ebndeg\u00ebs s\u00eb Partis\u00eb Demokratike t\u00eb Kosov\u00ebs n\u00eb Bazel, d\u00ebshiroj t\u00eb NJOFTOJ t\u00eb gjith\u00eb aktivist\u00ebt dhe mb\u00ebshtet\u00ebsit e PDK-s\u00eb se shpreh publikisht mb\u00ebshtetjen time t\u00eb plot\u00eb p\u00ebr Ramiz Lladrovcin n\u00eb gar\u00ebn p\u00ebr Kryetar t\u00eb Komun\u00ebs s\u00eb Drenasit.<\/div>\n<\/div>\n<div class=\"x14z9mp xat24cr x1lziwak x1vvkbs xtlvy1s x126k92a\">\n<div dir=\"auto\">Megjith\u00ebse jam pjes\u00eb e PDK-s\u00eb prej dit\u00ebs s\u00eb par\u00eb, duke mb\u00ebshtetur k\u00ebt\u00eb parti n\u00eb t\u00eb gjitha format dhe mund\u00ebsit\u00eb, pa p\u00ebrfituar kurr\u00eb asgj\u00eb, por, vet\u00ebm se aty ishin lider\u00ebt tan\u00eb t\u00eb luft\u00ebs dhe paqes, Hashim Tha\u00e7i dhe Kadri Veseli.<\/div>\n<\/div>\n<div class=\"x14z9mp xat24cr x1lziwak x1vvkbs xtlvy1s x126k92a\">\n<div dir=\"auto\">Ju b\u00ebj thirrje si v\u00ebllez\u00ebr dhe motra p\u00ebr hir t\u00eb unitetit dhe t\u00eb mir\u00ebs s\u00eb p\u00ebrgjithshme ta mb\u00ebshtesim Ramiz Lladrovcin n\u00eb mandatin e radh\u00ebs n\u00eb krye t\u00eb komun\u00ebs s\u00eb Drenasit.<\/div>\n<\/div>\n<div class=\"x14z9mp xat24cr x1lziwak x1vvkbs xtlvy1s x126k92a\">\n<div dir=\"auto\">T\u00eb gjith\u00eb ne q\u00eb jemi lind e rritur n\u00eb Drenas e dim\u00eb se Ramiz Lladrovci p\u00ebr k\u00ebt\u00eb koh\u00eb sa ka qeverisur e ka d\u00ebshmuar si askush tjet\u00ebr p\u00ebrkushtimin p\u00ebr pun\u00eb t\u00eb mira n\u00eb sh\u00ebrbim t\u00eb komunitetit dhe duke pasur parasysh interesat e qytetar\u00ebve t\u00eb Drenasit.<\/div>\n<\/div>\n<div class=\"x14z9mp xat24cr x1lziwak x1vvkbs xtlvy1s x126k92a\">\n<div dir=\"auto\">Mb\u00ebshtetja ime p\u00ebr Ramiz Lladrovcin nuk \u00ebsht\u00eb vet\u00ebm nj\u00eb vendim politik, por \u00ebsht\u00eb nj\u00eb zgjedhje q\u00eb bazohet n\u00eb d\u00ebshir\u00ebn q\u00eb Drenasi ta ket\u00eb nj\u00eb udh\u00ebheqje q\u00eb nuk pranon diktat nga jasht\u00eb p\u00ebr organizimin e pun\u00ebve n\u00eb Komun\u00ebn e Drenasit, dik\u00eb q\u00eb NUK pranon nd\u00ebrhyrje p\u00ebrmes imponimit nga \u201ct\u00eb fortit\u201d e komunave fqinje.<\/div>\n<\/div>\n<div class=\"x14z9mp xat24cr x1lziwak x1vvkbs xtlvy1s x126k92a\">\n<div dir=\"auto\">Vendimmarr\u00ebsi duhet t\u00eb jet\u00eb vet\u00ebm qytetari i Drenasit p\u00ebrmes t\u00eb zgjedhurit t\u00eb saj, k\u00ebshtu q\u00eb besoj se vet\u00ebdija e lart\u00eb qytetare nuk do t\u00eb lejoj\u00eb q\u00eb Drenasin ta l\u00eb n\u00eb (shum\u00eb) duar t\u00eb pasigurta.<\/div>\n<\/div>\n<div class=\"x14z9mp xat24cr x1lziwak x1vvkbs xtlvy1s x126k92a\">\n<div dir=\"auto\">Vendimin tim p\u00ebr ta mb\u00ebshtetur Ramiz Lladrovcin e kam marr\u00eb n\u00eb koordinim me kryetarin e deg\u00ebs s\u00eb PDK-s\u00eb, dega n\u00eb Zvic\u00ebr, z. Ragip Xhaka.<\/div>\n<\/div>\n<div class=\"x14z9mp xat24cr x1lziwak x1vvkbs xtlvy1s x126k92a\">\n<div dir=\"auto\">Me shum\u00eb respekt p\u00ebr t\u00eb gjith\u00eb juve, Xheladin Shaban Shala!<\/div>\n<\/div>\n","protected":false},"excerpt":{"rendered":"<p>NJOFTIM Un\u00eb, Xheladin Shaban Shala, kryetar i n\u00ebndeg\u00ebs s\u00eb Partis\u00eb Demokratike t\u00eb Kosov\u00ebs n\u00eb Bazel, d\u00ebshiroj t\u00eb NJOFTOJ t\u00eb gjith\u00eb aktivist\u00ebt dhe mb\u00ebshtet\u00ebsit e PDK-s\u00eb se shpreh publikisht mb\u00ebshtetjen time t\u00eb plot\u00eb p\u00ebr Ramiz Lladrovcin n\u00eb gar\u00ebn p\u00ebr Kryetar t\u00eb Komun\u00ebs s\u00eb Drenasit. Megjith\u00ebse jam pjes\u00eb e PDK-s\u00eb prej dit\u00ebs s\u00eb par\u00eb, duke mb\u00ebshtetur k\u00ebt\u00eb [&hellip;]<\/p>\n","protected":false},"author":1,"featured_media":7794,"comment_status":"closed","ping_status":"closed","sticky":false,"template":"","format":"standard","meta":{"footnotes":""},"categories":[9],"tags":[],"class_list":{"0":"post-7793","1":"post","2":"type-post","3":"status-publish","4":"format-standard","5":"has-post-thumbnail","7":"category-vendi"},"_links":{"self":[{"href":"https:\/\/syri.tv\/index.php?rest_route=\/wp\/v2\/posts\/7793","targetHints":{"allow":["GET"]}}],"collection":[{"href":"https:\/\/syri.tv\/index.php?rest_route=\/wp\/v2\/posts"}],"about":[{"href":"https:\/\/syri.tv\/index.php?rest_route=\/wp\/v2\/types\/post"}],"author":[{"embeddable":true,"href":"https:\/\/syri.tv\/index.php?rest_route=\/wp\/v2\/users\/1"}],"replies":[{"embeddable":true,"href":"https:\/\/syri.tv\/index.php?rest_route=%2Fwp%2Fv2%2Fcomments&post=7793"}],"version-history":[{"count":1,"href":"https:\/\/syri.tv\/index.php?rest_route=\/wp\/v2\/posts\/7793\/revisions"}],"predecessor-version":[{"id":7795,"href":"https:\/\/syri.tv\/index.php?rest_route=\/wp\/v2\/posts\/7793\/revisions\/7795"}],"wp:featuredmedia":[{"embeddable":true,"href":"https:\/\/syri.tv\/index.php?rest_route=\/wp\/v2\/media\/7794"}],"wp:attachment":[{"href":"https:\/\/syri.tv\/index.php?rest_route=%2Fwp%2Fv2%2Fmedia&parent=7793"}],"wp:term":[{"taxonomy":"category","embeddable":true,"href":"https:\/\/syri.tv\/index.php?rest_route=%2Fwp%2Fv2%2Fcategories&post=7793"},{"taxonomy":"post_tag","embeddable":true,"href":"https:\/\/syri.tv\/index.php?rest_route=%2Fwp%2Fv2%2Ftags&post=7793"}],"curies":[{"name":"wp","href":"https:\/\/api.w.org\/{rel}","templated":true}]}}