{"id":7787,"date":"2025-08-06T18:59:43","date_gmt":"2025-08-06T18:59:43","guid":{"rendered":"https:\/\/syri.tv\/?p=7787"},"modified":"2025-08-06T18:59:43","modified_gmt":"2025-08-06T18:59:43","slug":"rrustemi-thote-se-kushtetuesja-duhet-ta-autorizoje-presidenten-per-shpallje-te-zgjedhjeve-te-jashtezakonshme","status":"publish","type":"post","link":"https:\/\/syri.tv\/?p=7787","title":{"rendered":"Rrustemi thot\u00eb se Kushtetuesja duhet ta autorizoj\u00eb presidenten p\u00ebr shpallje t\u00eb zgjedhjeve t\u00eb jasht\u00ebzakonshme"},"content":{"rendered":"<p>An\u00ebtari i Kryesis\u00eb s\u00eb L\u00ebvizjes Vet\u00ebvendosje, Adnan Rrustemi ka th\u00ebn\u00eb se Gjykata Kushtetuese duhet ta autorizoj\u00eb presidenten e vendit q\u00eb t\u00eb shpall\u00eb zgjedhje t\u00eb jasht\u00ebzakonshme, pas p\u00ebrfundimit t\u00eb mas\u00ebs s\u00eb p\u00ebrkohshme p\u00ebr seanc\u00ebn konstituive t\u00eb Kuvendit m\u00eb 8 gusht.<\/p>\n<p>Ai ka th\u00ebn\u00eb se deputet\u00ebt kan\u00eb d\u00ebshtuar t\u00eb p\u00ebrmbushin detyr\u00ebn e tyre par\u00ebsore, konstituimin e Kuvendit dhe se mandati i tyre duhet t\u2019i kthehet votuesit.<\/p>\n<p>\u201cKrejt \u00e7far\u00eb mund dhe duhet t\u00eb b\u00ebj\u00eb, \u00ebsht\u00eb q\u00eb t\u00eb konstatoj\u00eb q\u00eb deputet\u00ebt kan\u00eb d\u00ebshtuar t\u00eb p\u00ebrmbushin detyr\u00ebn e tyre par\u00ebsore, q\u00eb \u00ebsht\u00eb konstituimi i Kuvendit, rrjedhimisht kan\u00eb d\u00ebshtuar ta funksionalizojn\u00eb edhe mandatin e tyre si deputet\u00eb, kthimin e mandatit t\u00eb tyre tek zgjedh\u00ebsit duke autorizua presidenten e Republik\u00ebs qoft\u00eb mi baz\u00ebn e nenin 84 apo 82 t\u00eb shpall zgjedhje t\u00eb parakohshme. Nuk \u00ebsht\u00eb q\u00eb kemi k\u00ebrkuar apo d\u00ebshiruar zgjedhje. Nuk e shoh t\u00eb mundur t\u2019i vihet kapak k\u00ebsaj \u00e7\u00ebshtje apo situate pa elementin zgjedhje t\u00eb parakohshme\u201d, ka th\u00ebn\u00eb Rrustemi n\u00eb T\u00ebv\u00eb1.<\/p>\n<p>Ai ka th\u00ebn\u00eb se LVV do ta respektoj\u00eb \u00e7do vendim t\u00eb Gjykat\u00ebs Kushtetuese.<\/p>\n<p>Presidentja Osmani t\u00eb mart\u00ebn ka b\u00ebr\u00eb t\u00eb ditur se ka t\u00ebrhequr l\u00ebnd\u00ebn e saj d\u00ebrguar n\u00eb Kushtetuese, pasi \u00ebsht\u00eb njoftuar se p\u00ebr k\u00ebt\u00eb l\u00ebnd\u00eb \u00ebsht\u00eb caktuar gjyqtari Radomir Laban, q\u00eb sipas presidentes ai p\u00ebrb\u00ebn\u00eb rrezik p\u00ebr rendin kushtetues.<\/p>\n","protected":false},"excerpt":{"rendered":"<p>An\u00ebtari i Kryesis\u00eb s\u00eb L\u00ebvizjes Vet\u00ebvendosje, Adnan Rrustemi ka th\u00ebn\u00eb se Gjykata Kushtetuese duhet ta autorizoj\u00eb presidenten e vendit q\u00eb t\u00eb shpall\u00eb zgjedhje t\u00eb jasht\u00ebzakonshme, pas p\u00ebrfundimit t\u00eb mas\u00ebs s\u00eb p\u00ebrkohshme p\u00ebr seanc\u00ebn konstituive t\u00eb Kuvendit m\u00eb 8 gusht. Ai ka th\u00ebn\u00eb se deputet\u00ebt kan\u00eb d\u00ebshtuar t\u00eb p\u00ebrmbushin detyr\u00ebn e tyre par\u00ebsore, konstituimin e Kuvendit [&hellip;]<\/p>\n","protected":false},"author":1,"featured_media":7788,"comment_status":"closed","ping_status":"closed","sticky":false,"template":"","format":"standard","meta":{"footnotes":""},"categories":[9],"tags":[],"class_list":{"0":"post-7787","1":"post","2":"type-post","3":"status-publish","4":"format-standard","5":"has-post-thumbnail","7":"category-vendi"},"_links":{"self":[{"href":"https:\/\/syri.tv\/index.php?rest_route=\/wp\/v2\/posts\/7787","targetHints":{"allow":["GET"]}}],"collection":[{"href":"https:\/\/syri.tv\/index.php?rest_route=\/wp\/v2\/posts"}],"about":[{"href":"https:\/\/syri.tv\/index.php?rest_route=\/wp\/v2\/types\/post"}],"author":[{"embeddable":true,"href":"https:\/\/syri.tv\/index.php?rest_route=\/wp\/v2\/users\/1"}],"replies":[{"embeddable":true,"href":"https:\/\/syri.tv\/index.php?rest_route=%2Fwp%2Fv2%2Fcomments&post=7787"}],"version-history":[{"count":1,"href":"https:\/\/syri.tv\/index.php?rest_route=\/wp\/v2\/posts\/7787\/revisions"}],"predecessor-version":[{"id":7789,"href":"https:\/\/syri.tv\/index.php?rest_route=\/wp\/v2\/posts\/7787\/revisions\/7789"}],"wp:featuredmedia":[{"embeddable":true,"href":"https:\/\/syri.tv\/index.php?rest_route=\/wp\/v2\/media\/7788"}],"wp:attachment":[{"href":"https:\/\/syri.tv\/index.php?rest_route=%2Fwp%2Fv2%2Fmedia&parent=7787"}],"wp:term":[{"taxonomy":"category","embeddable":true,"href":"https:\/\/syri.tv\/index.php?rest_route=%2Fwp%2Fv2%2Fcategories&post=7787"},{"taxonomy":"post_tag","embeddable":true,"href":"https:\/\/syri.tv\/index.php?rest_route=%2Fwp%2Fv2%2Ftags&post=7787"}],"curies":[{"name":"wp","href":"https:\/\/api.w.org\/{rel}","templated":true}]}}