{"id":7780,"date":"2025-08-04T07:00:28","date_gmt":"2025-08-04T07:00:28","guid":{"rendered":"https:\/\/syri.tv\/?p=7780"},"modified":"2025-08-04T07:00:28","modified_gmt":"2025-08-04T07:00:28","slug":"skandaioze-i-denuar-per-fyerje-dhe-shpifje-ne-zvicer-promovohet-si-analist-neper-studiot-e-televizioneve-te-kosoves","status":"publish","type":"post","link":"https:\/\/syri.tv\/?p=7780","title":{"rendered":"SkandaIoze: i d\u00ebnuar p\u00ebr fyerje dhe shpifje n\u00eb Zvic\u00ebr, promovohet si \u201canalist\u201d n\u00ebp\u00ebr studiot e televizioneve t\u00eb Kosov\u00ebs"},"content":{"rendered":"<p>Salih Rexhaj, nj\u00eb person anonim i lindur n\u00ebKosov\u00eb e me banim n\u00eb Zvic\u00ebr, koh\u00ebve t\u00eb fundit vazhdimisht po shfaqet n\u00ebp\u00ebr studio e emisioneve televizive e sidomos n\u00eb televizionet \u201cKlan Kosova\u201d dhe \u201cT7\u201d.<\/p>\n<p>Gjat\u00eb paraqitjeve live n\u00ebp\u00ebr ekranet e k\u00ebtyre televizioneve Rexhaj propagandon dhe shpif me lloj lloj marr\u00ebzirash q\u00eb nuk p\u00ebrkojn\u00eb as p\u00ebr s\u00eb af\u00ebrmi me realitetin.<\/p>\n<p>\u00cbsht\u00eb paradoksale se si ftohet ky person anonim nga k\u00ebto televizione p\u00ebr t\u00eb raportuar nga banesa e tij n\u00eb zvic\u00ebrr \u00a0p\u00ebr ngjarjet m\u00eb t\u00eb fundit n\u00eb Kosov\u00eb.<br \/>\nRasti i fundit \u00ebsht\u00eb ngjarja tragjike e Ujmanit ku nj\u00eb i ri humbi jet\u00ebn e ku Rexhaj lidhet live nga Zvicrra n\u00eb ekranet \u00a0e televizioneve t\u00eb Kosov\u00ebs duke raportuar e b\u00ebr\u00eb analiza sikur t\u00eb ishte nga vendi i ngjarjes.<\/p>\n<p>\u201cNuk ka pasur asnj\u00eb tentim q\u00eb t\u00eb nxjerret kufoma shp\u00ebtimtar\u00ebt kan\u00eb ndejt\u00eb n\u00ebp\u00ebr hije me telefona tu pi duhan, sepse q\u00ebllimi i qeveris\u00eb ishte q\u00eb ta d\u00ebrgonte FSK-n\u00eb n\u00eb veri\u2026\u201d\u00a0thot\u00eb nd\u00ebr t\u00eb tjera nga banesa e tij n\u00eb Zvic\u00ebrr \u00a0Salih Rexhaj n\u00eb deklaratat e tij n\u00ebp\u00ebr televizionet e Kosov\u00ebs.<\/p>\n<p>Por kush \u00ebsht\u00eb ky person anonim q\u00eb me opinionet e tij t\u00eb qorodituar tentohet t\u2019i imponohet opinionit n\u00eb Kosov\u00eb?<\/p>\n<p>KosovaNews ka siguruar nj\u00eb dokument t\u00eb prokuroris\u00eb zviceriane me t\u00eb cilin d\u00ebshmohet se Salih Rexhaj n\u00eb vitin 2022 \u00ebsht\u00eb i d\u00ebnuar nga autoritetet e Zvicrres p\u00ebr shpifje dhe fyerje.<br \/>\n<a class=\"td-modal-image\" href=\"https:\/\/i0.wp.com\/kosovaime.tv\/wp-content\/uploads\/2025\/08\/kushtetutaaa-1.webp?resize=247%2C300&amp;ssl=1\"><img loading=\"lazy\" loading=\"lazy\" decoding=\"async\" class=\"alignnone size-medium wp-image-83956\" src=\"https:\/\/i0.wp.com\/kosovaime.tv\/wp-content\/uploads\/2025\/08\/kushtetutaaa-1.webp?resize=247%2C300&amp;ssl=1\" sizes=\"auto, (max-width: 247px) 100vw, 247px\" srcset=\"https:\/\/i0.wp.com\/kosovaime.tv\/wp-content\/uploads\/2025\/08\/kushtetutaaa-1.webp?resize=247%2C300&amp;ssl=1 247w, https:\/\/i0.wp.com\/kosovaime.tv\/wp-content\/uploads\/2025\/08\/kushtetutaaa-1.webp?w=660&amp;ssl=1 660w\" alt=\"\" width=\"247\" height=\"300\" data-recalc-dims=\"1\" \/><\/a><br \/>\nRexhaj \u00ebsht\u00eb d\u00ebnuar nga organet zvicerane p\u00ebr shpifje ndaj dy qytetar\u00ebve nga Kosova, Ismajil dhe Sami Kurteshi. Vendimi \u00ebsht\u00eb zyrtar dhe i dokumentuar nga Prokuroria Publike e Kantonit t\u00eb Cyrihut (Staatsan\u00ebaltschaft Z\u00fcrich \u2013 Limmat), ku Rexhaj, pas nj\u00eb procesi pajtimi t\u00eb nd\u00ebrmjet\u00ebsuar nga autoritetet gjyq\u00ebsore, ka pranuar publikisht se ka p\u00ebrhapur deklarata t\u00eb pav\u00ebrteta dhe fyese, dhe ka k\u00ebrkuar falje publike n\u00eb rrjetet sociale.<\/p>\n<p>Rasti ka t\u00eb b\u00ebj me dy veprimtar\u00ebt e \u00e7\u00ebshtjes komb\u00ebtare Sami dhe Ismajl Kurteshi t\u00eb cil\u00ebt nj\u00ebherit kan\u00eb qen\u00eb edhe ish deputet t\u00eb Kuvendit t\u00eb Kosov\u00ebs.<\/p>\n<p>N\u00eb n\u00ebntor t\u00eb vitit 2021 Salih Rexhaj p\u00ebrmes profilit t\u00eb tij n\u00eb facebook kishte shkruar nj\u00eb seri fyerjesh e shpifjesh ndaj Sami e Ismajl Kurteshi t\u00eb cilat m\u00eb pastaj ishin shp\u00ebrndar\u00eb n\u00ebp\u00ebr disa portale fiktive.<\/p>\n<p>Pas k\u00ebsaj Sami Kurteshi dhe Ismalj Kurteshi kishin \u00a0angazhuar nj\u00eb avokat n\u00eb Zvic\u00ebrr ku i kishin \u00a0b\u00ebr\u00eb nj\u00eb kallxim penal me 26 janar 2022 n\u00eb Prokurorin\u00eb e Kantonit t\u00eb Cyrihut.<\/p>\n<p>Prokuroria e Cyrihut ishte aktivizuar menj\u00ebher p\u00ebr ta trajtuar k\u00ebt\u00eb \u00e7\u00ebshtje dhe pas mbledhjes s\u00eb provave n\u00eb maj t\u00eb vitit 2022 kishte ngritur aktakuz\u00eb p\u00ebr vepr\u00ebn penale t\u00eb shpifjes dhe fyerjes.<\/p>\n<p>Duke e par\u00eb seriozitetin e \u00e7\u00ebshtjes Salih Rexhaj \u00a0dhe p\u00ebr t\u2019i shp\u00ebtuar d\u00ebnimit m\u00eb t\u00eb r\u00ebnd\u00eb e kishte pranuar faj\u00ebsin\u00eb.<\/p>\n<p>Pas nd\u00ebrmjet\u00ebsimit t\u00eb Prokuroris\u00eb p\u00ebr sqarimin e fakteve dhe gjendjes juridike, si dhe n\u00eb p\u00ebrputhje me nenin 33 t\u00eb Kodit Penal Zviceran (r\u00ebnia nga ndjekja penale), pal\u00ebt kishin arritur nj\u00eb marr\u00ebveshje.<\/p>\n<p>Prokuroria e Zvicrr\u00ebs e kishte detyruar Salih Rexhajn q\u00eb ta publikonte k\u00ebrkimfaljen n\u00eb facebook n\u00eb Gjuh\u00ebn Shqipe \u00a0dhe ta mbante aty p\u00ebr tre muaj.<\/p>\n<p>1. I akuzuari Sali Rexhaj:<\/p>\n<p>\u2013 deklaron se i vjen keq p\u00ebr \u00e7do padrejt\u00ebsi t\u00eb mundshme ndaj t\u00eb d\u00ebmtuarve Ismajl Kurteshi dhe Sami Kurteshi;<\/p>\n<p>\u2013 k\u00ebrkon falje publike n\u00eb Facebook ndaj t\u00eb d\u00ebmtuarve me k\u00ebt\u00eb tekst (shqip):<\/p>\n<p>\u00abDua t\u00eb b\u00ebj t\u00eb ditur p\u00ebr postimet e mia t\u00eb dat\u00ebs 3 n\u00ebntor 2021 dhe 8 n\u00ebntor 2021. Nuk kam pasur q\u00ebllim t\u2019ju ofendoj ose t\u2019ju shpif Kurtesh\u00ebve, p\u00ebrkat\u00ebsisht Sami dhe Ismajl Kurteshin, si dhe t\u00eb tre personave t\u00eb tjer\u00eb. K\u00ebrkoj falje p\u00ebr k\u00ebt\u00eb dhe e pranoj q\u00eb nuk kan\u00eb qen\u00eb t\u00eb v\u00ebrteta. N\u00eb t\u00eb ardhmen nuk do t\u00eb b\u00ebj deklarime t\u00eb tilla. Me k\u00ebt\u00eb veprim, dua kam shpallur gatishm\u00ebrin\u00eb t\u2019ia dhuroj CHF 500.- nj\u00eb organizate humanitare n\u00eb Kosov\u00eb.\u00bb thuhet n\u00eb vendimin e prokuroris\u00eb s\u00eb Cyrihut t\u00eb cilin e ka siguruar KosovaNews.<\/p>\n<p><a class=\"td-modal-image\" href=\"https:\/\/i0.wp.com\/kosovaime.tv\/wp-content\/uploads\/2025\/08\/bedri-22.webp?resize=243%2C300&amp;ssl=1\"><img loading=\"lazy\" loading=\"lazy\" decoding=\"async\" class=\"alignnone size-medium wp-image-83957\" src=\"https:\/\/i0.wp.com\/kosovaime.tv\/wp-content\/uploads\/2025\/08\/bedri-22.webp?resize=243%2C300&amp;ssl=1\" sizes=\"auto, (max-width: 243px) 100vw, 243px\" srcset=\"https:\/\/i0.wp.com\/kosovaime.tv\/wp-content\/uploads\/2025\/08\/bedri-22.webp?resize=243%2C300&amp;ssl=1 243w, https:\/\/i0.wp.com\/kosovaime.tv\/wp-content\/uploads\/2025\/08\/bedri-22.webp?resize=324%2C400&amp;ssl=1 324w, https:\/\/i0.wp.com\/kosovaime.tv\/wp-content\/uploads\/2025\/08\/bedri-22.webp?w=660&amp;ssl=1 660w\" alt=\"\" width=\"243\" height=\"300\" data-recalc-dims=\"1\" \/><\/a><br \/>\nP\u00ebrve\u00e7 k\u00ebsaj pjes\u00eb e marr\u00ebveshjes ka qen\u00eb edhe zotimi i Rexhajt p\u00ebr t\u00eb mos p\u00ebrs\u00ebritur m\u00eb sjellje t\u00eb tilla si dhe nj\u00eb donacion simbolik p\u00ebr nj\u00eb organizat\u00eb bamir\u00ebse n\u00eb Kosov\u00eb n\u00eb vler\u00eb prej 500 frangash zvicerane.<\/p>\n<p>\u2013 do t\u00eb l\u00ebr\u00eb k\u00ebt\u00eb postim p\u00ebr t\u00eb pakt\u00ebn tre muaj pa e fshir\u00eb;<\/p>\n<p>\u2013 premton q\u00eb do t\u00eb respektoj\u00eb t\u00eb drejtat e t\u00eb d\u00ebmtuarve dhe nuk do t\u2019u shkaktoj\u00eb m\u00eb d\u00ebm;<\/p>\n<p>\u2013 angazhohet t\u00eb dhuroj\u00eb nj\u00eb shum\u00eb prej CHF 500.00 deri m\u00eb 15.06.2022 p\u00ebr nj\u00eb organizat\u00eb t\u00eb dobishme (n\u00eb Kosov\u00eb);<\/p>\n<p>\u2013 heq dor\u00eb nga pretendimet p\u00ebr kompensim apo d\u00ebmshp\u00ebrblim;<\/p>\n<p>\u2013 pranon q\u00eb shpenzimet e procedur\u00ebs do t\u00eb mbulohen nga shteti.<\/p>\n<p>T\u00eb gjitha k\u00ebto zotime duke p\u00ebrfshir\u00eb edhe k\u00ebrkimfaljen n\u00eb rrjetet sociale Rexhaj i kishte p\u00ebrmbushur me p\u00ebrpikm\u00ebri.<br \/>\n<a class=\"td-modal-image\" href=\"https:\/\/i0.wp.com\/kosovaime.tv\/wp-content\/uploads\/2025\/08\/SALI-PSIKOPATI.webp?resize=220%2C300&amp;ssl=1\"><img loading=\"lazy\" loading=\"lazy\" decoding=\"async\" class=\"alignnone size-medium wp-image-83958\" src=\"https:\/\/i0.wp.com\/kosovaime.tv\/wp-content\/uploads\/2025\/08\/SALI-PSIKOPATI.webp?resize=220%2C300&amp;ssl=1\" sizes=\"auto, (max-width: 220px) 100vw, 220px\" srcset=\"https:\/\/i0.wp.com\/kosovaime.tv\/wp-content\/uploads\/2025\/08\/SALI-PSIKOPATI.webp?resize=220%2C300&amp;ssl=1 220w, https:\/\/i0.wp.com\/kosovaime.tv\/wp-content\/uploads\/2025\/08\/SALI-PSIKOPATI.webp?w=660&amp;ssl=1 660w\" alt=\"\" width=\"220\" height=\"300\" data-recalc-dims=\"1\" \/><\/a><br \/>\nMegjithat\u00eb, i nj\u00ebjti person vazhdon t\u00eb shfaqet n\u00ebp\u00ebr studio televizive n\u00eb Kosov\u00eb, ku jo vet\u00ebm q\u00eb nuk i p\u00ebrmendet e kaluara e tij gjyq\u00ebsore n\u00eb Zvic\u00ebr, por shpesh i jepet hap\u00ebsir\u00eb p\u00ebr t\u00eb komentuar e akuzuar t\u00eb tjer\u00ebt, pa asnj\u00eb filt\u00ebr gazetaresk dhe pa ndonj\u00eb verifikim t\u00eb fakteve.<\/p>\n<p>Si po promovohen shpif\u00ebsit e d\u00ebnuar nga gjykatat e vendeve demokratike n\u00eb Kosov\u00eb?<\/p>\n<p>Kjo ngre pyetje serioze p\u00ebr p\u00ebrgjegj\u00ebsin\u00eb mediale n\u00eb Kosov\u00eb, ku shpesh figurat q\u00eb jan\u00eb t\u00eb diskredituara jasht\u00eb vendit, shnd\u00ebrrohen n\u00eb \u201canalist\u00eb\u201d apo \u201cekspert\u00eb\u201d brenda, p\u00ebrmes mikrofon\u00ebve t\u00eb pakontrolluar.<\/p>\n<p>D\u00ebmi q\u00eb i shkaktohet opinionit publik nga normalizimi i shpifjes si form\u00eb komunikimi \u00ebsht\u00eb i konsideruesh\u00ebm. Nd\u00ebrkoh\u00eb q\u00eb n\u00eb Zvic\u00ebr, sistemi i drejt\u00ebsis\u00eb ka vendosur qart\u00eb: shpifja \u00ebsht\u00eb e d\u00ebnueshme, n\u00eb Kosov\u00eb ende mungon reagimi i duhur, qoft\u00eb institucional, qoft\u00eb etik e gazetaresk.<\/p>\n<p>Kujt po i jepet z\u00ebri?<\/p>\n<p>\u00cbsht\u00eb koha q\u00eb mediat t\u00eb jen\u00eb m\u00eb t\u00eb kujdesshme ndaj profilit t\u00eb t\u00eb ftuarve, dhe q\u00eb institucionet p\u00ebrkat\u00ebse n\u00eb Kosov\u00eb t\u00eb reagojn\u00eb kur qytetar\u00eb me precedent\u00eb t\u00eb qart\u00eb p\u00ebr shpifje e manipulim p\u00ebrhapin dezinformata t\u00eb tjera, pa asnj\u00eb pasoj\u00eb.<\/p>\n<p>Nga\u00a0<a href=\"https:\/\/kosovanews.net\/skandaloze-i-denuar-per-fyerje-dhe-shpifje-ne-zvicer-promovohet-si-analist-neper-studiot-e-televizioneve-te-kosoves\/?fbclid=IwQ0xDSwL7OgJjbGNrAvs5_mV4dG4DYWVtAjExAAEexESarbtdRXxLt23m98BYFn5aJ9lx2mtyhHcBDsdrGiq-2fuKoSLyYmKTCVA_aem_LXWvZk6X5gjn28I9CnOpAQ\">Jeton Sopa\/KosovaNews<\/a><\/p>\n","protected":false},"excerpt":{"rendered":"<p>Salih Rexhaj, nj\u00eb person anonim i lindur n\u00ebKosov\u00eb e me banim n\u00eb Zvic\u00ebr, koh\u00ebve t\u00eb fundit vazhdimisht po shfaqet n\u00ebp\u00ebr studio e emisioneve televizive e sidomos n\u00eb televizionet \u201cKlan Kosova\u201d dhe \u201cT7\u201d. Gjat\u00eb paraqitjeve live n\u00ebp\u00ebr ekranet e k\u00ebtyre televizioneve Rexhaj propagandon dhe shpif me lloj lloj marr\u00ebzirash q\u00eb nuk p\u00ebrkojn\u00eb as p\u00ebr s\u00eb af\u00ebrmi [&hellip;]<\/p>\n","protected":false},"author":1,"featured_media":7781,"comment_status":"closed","ping_status":"closed","sticky":false,"template":"","format":"standard","meta":{"footnotes":""},"categories":[2],"tags":[],"class_list":{"0":"post-7780","1":"post","2":"type-post","3":"status-publish","4":"format-standard","5":"has-post-thumbnail","7":"category-zvicer"},"_links":{"self":[{"href":"https:\/\/syri.tv\/index.php?rest_route=\/wp\/v2\/posts\/7780","targetHints":{"allow":["GET"]}}],"collection":[{"href":"https:\/\/syri.tv\/index.php?rest_route=\/wp\/v2\/posts"}],"about":[{"href":"https:\/\/syri.tv\/index.php?rest_route=\/wp\/v2\/types\/post"}],"author":[{"embeddable":true,"href":"https:\/\/syri.tv\/index.php?rest_route=\/wp\/v2\/users\/1"}],"replies":[{"embeddable":true,"href":"https:\/\/syri.tv\/index.php?rest_route=%2Fwp%2Fv2%2Fcomments&post=7780"}],"version-history":[{"count":1,"href":"https:\/\/syri.tv\/index.php?rest_route=\/wp\/v2\/posts\/7780\/revisions"}],"predecessor-version":[{"id":7782,"href":"https:\/\/syri.tv\/index.php?rest_route=\/wp\/v2\/posts\/7780\/revisions\/7782"}],"wp:featuredmedia":[{"embeddable":true,"href":"https:\/\/syri.tv\/index.php?rest_route=\/wp\/v2\/media\/7781"}],"wp:attachment":[{"href":"https:\/\/syri.tv\/index.php?rest_route=%2Fwp%2Fv2%2Fmedia&parent=7780"}],"wp:term":[{"taxonomy":"category","embeddable":true,"href":"https:\/\/syri.tv\/index.php?rest_route=%2Fwp%2Fv2%2Fcategories&post=7780"},{"taxonomy":"post_tag","embeddable":true,"href":"https:\/\/syri.tv\/index.php?rest_route=%2Fwp%2Fv2%2Ftags&post=7780"}],"curies":[{"name":"wp","href":"https:\/\/api.w.org\/{rel}","templated":true}]}}