{"id":7764,"date":"2025-08-03T19:06:28","date_gmt":"2025-08-03T19:06:28","guid":{"rendered":"https:\/\/syri.tv\/?p=7764"},"modified":"2025-08-03T20:29:39","modified_gmt":"2025-08-03T20:29:39","slug":"thaci-qysh-ka-fytyre-pdk-ja-me-marr-pjese-ne-protesten-e-ovl-uck-kur-ka-qene-shtysa-kryesore-per-themelimin-e-speciales","status":"publish","type":"post","link":"https:\/\/syri.tv\/?p=7764","title":{"rendered":"Tha\u00e7i : Qysh ka fytyr\u00eb PDK-ja me marr pjes\u00eb n\u00eb protest\u00ebn e OVL-U\u00c7K kur ka qen\u00eb shtysa kryesore p\u00ebr themelimin e Speciales"},"content":{"rendered":"<p>Deputeti i Vet\u00ebvendosjes, Halil Tha\u00e7i ka deklaruar se Partia Demokratike po e politizon protest\u00ebn e OVL-UCK t\u00eb thirrur m\u00eb 7 gusht p\u00ebr t\u00eb kund\u00ebrshtuar padrejt\u00ebsit\u00eb q\u00eb po u b\u00ebhen ish-krer\u00ebve n\u00eb Hag\u00eb.<\/p>\n<p>Tha\u00e7i thot\u00eb se PDK nuk e di a ka \u2018fytyr\u00eb\u2019 me marr pjes\u00eb n\u00eb k\u00ebt\u00eb protest\u00eb, pasi sipas tij, shtysa kryesore p\u00ebr themelimin e Gjykat\u00ebs ka qen\u00eb kjo parti.<\/p>\n<p>\u201cKa tendenca nga disa parti politike p\u00ebr ta politizuar k\u00ebt\u00eb gj\u00eb, se di sa ka fytyr\u00eb PDK me marr pjes\u00eb n\u00eb nj\u00eb protest\u00eb t\u00eb till\u00eb kur ka qen\u00eb iniciator\u00eb dhe shtyse kryesore p\u00ebr themelimin e asaj Gjykat\u00ebs. Protestat e tilla \u00ebsht\u00eb mir\u00eb t\u00eb mos politizohen si\u00e7 din\u00eb PDK me b\u00ebr\u00eb nj\u00eb gj\u00eb t\u00eb till\u00eb, kur dikur i quanin tradhtar t\u00eb kombit ata q\u00eb nuk e votojn\u00eb Specialen e sot po e drejtojn\u00eb gishtin nga ne gjoja se nuk kemi b\u00ebr\u00eb asgj\u00eb p\u00ebr Specialen. Ne si VV dhe kryetari i saj kemi protestuar p\u00ebr mos votimin e asaj Gjykate\u201d, ka deklaruar Tha\u00e7i p\u00ebr \u201cFront Online\u201d.<\/p>\n","protected":false},"excerpt":{"rendered":"<p>Deputeti i Vet\u00ebvendosjes, Halil Tha\u00e7i ka deklaruar se Partia Demokratike po e politizon protest\u00ebn e OVL-UCK t\u00eb thirrur m\u00eb 7 gusht p\u00ebr t\u00eb kund\u00ebrshtuar padrejt\u00ebsit\u00eb q\u00eb po u b\u00ebhen ish-krer\u00ebve n\u00eb Hag\u00eb. Tha\u00e7i thot\u00eb se PDK nuk e di a ka \u2018fytyr\u00eb\u2019 me marr pjes\u00eb n\u00eb k\u00ebt\u00eb protest\u00eb, pasi sipas tij, shtysa kryesore p\u00ebr themelimin [&hellip;]<\/p>\n","protected":false},"author":1,"featured_media":7765,"comment_status":"closed","ping_status":"closed","sticky":false,"template":"","format":"standard","meta":{"footnotes":""},"categories":[9],"tags":[],"class_list":{"0":"post-7764","1":"post","2":"type-post","3":"status-publish","4":"format-standard","5":"has-post-thumbnail","7":"category-vendi"},"_links":{"self":[{"href":"https:\/\/syri.tv\/index.php?rest_route=\/wp\/v2\/posts\/7764","targetHints":{"allow":["GET"]}}],"collection":[{"href":"https:\/\/syri.tv\/index.php?rest_route=\/wp\/v2\/posts"}],"about":[{"href":"https:\/\/syri.tv\/index.php?rest_route=\/wp\/v2\/types\/post"}],"author":[{"embeddable":true,"href":"https:\/\/syri.tv\/index.php?rest_route=\/wp\/v2\/users\/1"}],"replies":[{"embeddable":true,"href":"https:\/\/syri.tv\/index.php?rest_route=%2Fwp%2Fv2%2Fcomments&post=7764"}],"version-history":[{"count":2,"href":"https:\/\/syri.tv\/index.php?rest_route=\/wp\/v2\/posts\/7764\/revisions"}],"predecessor-version":[{"id":7770,"href":"https:\/\/syri.tv\/index.php?rest_route=\/wp\/v2\/posts\/7764\/revisions\/7770"}],"wp:featuredmedia":[{"embeddable":true,"href":"https:\/\/syri.tv\/index.php?rest_route=\/wp\/v2\/media\/7765"}],"wp:attachment":[{"href":"https:\/\/syri.tv\/index.php?rest_route=%2Fwp%2Fv2%2Fmedia&parent=7764"}],"wp:term":[{"taxonomy":"category","embeddable":true,"href":"https:\/\/syri.tv\/index.php?rest_route=%2Fwp%2Fv2%2Fcategories&post=7764"},{"taxonomy":"post_tag","embeddable":true,"href":"https:\/\/syri.tv\/index.php?rest_route=%2Fwp%2Fv2%2Ftags&post=7764"}],"curies":[{"name":"wp","href":"https:\/\/api.w.org\/{rel}","templated":true}]}}