{"id":7747,"date":"2025-07-29T19:21:54","date_gmt":"2025-07-29T19:21:54","guid":{"rendered":"https:\/\/syri.tv\/?p=7747"},"modified":"2025-07-29T19:21:54","modified_gmt":"2025-07-29T19:21:54","slug":"fsk-ia-dorezon-policise-dhe-forenzikes-trupin-e-mergimtarit-qe-u-mbyte-ne-ujman-publikon-foto-nga-operacioni-i-kerkimit","status":"publish","type":"post","link":"https:\/\/syri.tv\/?p=7747","title":{"rendered":"FSK ia dor\u00ebzon Policis\u00eb dhe forenzik\u00ebs trupin e m\u00ebrgimtarit q\u00eb u mbyt\u00eb n\u00eb Ujman \/ publikon foto nga operacioni i k\u00ebrkimit"},"content":{"rendered":"<h1><strong>Forca e Siguris\u00eb s\u00eb Kosov\u00ebs ka konfirmuar gjetjen e trupit t\u00eb m\u00ebrgimtarit q\u00eb u mbyt\u00eb n\u00eb Liqenin e Ujmanit.<\/strong><\/h1>\n<p>N\u00eb njoftim thuhet se p\u00ebrfshirja e FSK\u2019s\u00eb n\u00eb k\u00ebt\u00eb operacion humanitar t\u00eb k\u00ebrkimit \u00ebsht\u00eb b\u00ebr\u00eb pas ftes\u00ebs s\u00eb Qendr\u00ebs s\u00eb Situatave t\u00eb Qeveris\u00eb dhe koordinimeve me partner\u00ebt.<\/p>\n<p>FSK ka b\u00ebr\u00eb me dije se pas evakuimit, trupi i pajet\u00eb i viktim\u00ebs i \u00ebsht\u00eb dor\u00ebzuar Policis\u00eb s\u00eb Kosov\u00ebs dhe ekipit t\u00eb forenzik\u00ebs p\u00ebr procedurat e m\u00ebtejme,<\/p>\n<p>\u201cMe pranimin e urdh\u00ebrit, ekipet e FSK kan\u00eb marr\u00eb t\u00eb gjitha masat dhe n\u00eb koordinim me partner\u00ebt nd\u00ebrkomb\u00ebtar\u00eb dhe q\u00ebndror jan\u00eb angazhuar n\u00eb operacion e k\u00ebrkimit t\u00eb personit t\u00eb zhdukur. Fal\u00eb intesitetit t\u00eb lart\u00eb t\u00eb k\u00ebrkimit dhe profesionalizmit t\u00eb ekipeve tona n\u00eb terren, pas disa or\u00ebsh k\u00ebrkimi n\u00eb bashk\u00ebpunim me Policin\u00eb e Kosov\u00ebs, AME dhe KFOR, kan\u00eb arritur t\u00eb gjejn\u00eb trupin e pajet\u00eb n\u00eb zon\u00ebn e liqenit t\u00eb Ujmanit\u201d, thuhet n\u00eb njoftim.<\/p>\n<p>N\u00eb postim jan\u00eb bashkangjitur edhe disa fotografi nga operacioni i k\u00ebrkimit.<\/p>\n<p><iframe loading=\"lazy\" src=\"https:\/\/www.facebook.com\/plugins\/post.php?href=https%3A%2F%2Fwww.facebook.com%2FSHPFSK%2Fposts%2Fpfbid0YTrJ3BAVL4qtQLo6HvRxUXnXhum8fVzvFtS6pcWWeKDjfR7exNMCMLdE3GvjWhtEl&amp;show_text=true&amp;width=500\" width=\"500\" height=\"787\" frameborder=\"0\" scrolling=\"no\" allowfullscreen=\"allowfullscreen\" data-mce-fragment=\"1\"><\/iframe><\/p>\n","protected":false},"excerpt":{"rendered":"<p>Forca e Siguris\u00eb s\u00eb Kosov\u00ebs ka konfirmuar gjetjen e trupit t\u00eb m\u00ebrgimtarit q\u00eb u mbyt\u00eb n\u00eb Liqenin e Ujmanit. N\u00eb njoftim thuhet se p\u00ebrfshirja e FSK\u2019s\u00eb n\u00eb k\u00ebt\u00eb operacion humanitar t\u00eb k\u00ebrkimit \u00ebsht\u00eb b\u00ebr\u00eb pas ftes\u00ebs s\u00eb Qendr\u00ebs s\u00eb Situatave t\u00eb Qeveris\u00eb dhe koordinimeve me partner\u00ebt. FSK ka b\u00ebr\u00eb me dije se pas evakuimit, trupi [&hellip;]<\/p>\n","protected":false},"author":1,"featured_media":7748,"comment_status":"closed","ping_status":"closed","sticky":false,"template":"","format":"standard","meta":{"footnotes":""},"categories":[9],"tags":[],"class_list":{"0":"post-7747","1":"post","2":"type-post","3":"status-publish","4":"format-standard","5":"has-post-thumbnail","7":"category-vendi"},"_links":{"self":[{"href":"https:\/\/syri.tv\/index.php?rest_route=\/wp\/v2\/posts\/7747","targetHints":{"allow":["GET"]}}],"collection":[{"href":"https:\/\/syri.tv\/index.php?rest_route=\/wp\/v2\/posts"}],"about":[{"href":"https:\/\/syri.tv\/index.php?rest_route=\/wp\/v2\/types\/post"}],"author":[{"embeddable":true,"href":"https:\/\/syri.tv\/index.php?rest_route=\/wp\/v2\/users\/1"}],"replies":[{"embeddable":true,"href":"https:\/\/syri.tv\/index.php?rest_route=%2Fwp%2Fv2%2Fcomments&post=7747"}],"version-history":[{"count":1,"href":"https:\/\/syri.tv\/index.php?rest_route=\/wp\/v2\/posts\/7747\/revisions"}],"predecessor-version":[{"id":7749,"href":"https:\/\/syri.tv\/index.php?rest_route=\/wp\/v2\/posts\/7747\/revisions\/7749"}],"wp:featuredmedia":[{"embeddable":true,"href":"https:\/\/syri.tv\/index.php?rest_route=\/wp\/v2\/media\/7748"}],"wp:attachment":[{"href":"https:\/\/syri.tv\/index.php?rest_route=%2Fwp%2Fv2%2Fmedia&parent=7747"}],"wp:term":[{"taxonomy":"category","embeddable":true,"href":"https:\/\/syri.tv\/index.php?rest_route=%2Fwp%2Fv2%2Fcategories&post=7747"},{"taxonomy":"post_tag","embeddable":true,"href":"https:\/\/syri.tv\/index.php?rest_route=%2Fwp%2Fv2%2Ftags&post=7747"}],"curies":[{"name":"wp","href":"https:\/\/api.w.org\/{rel}","templated":true}]}}