{"id":7710,"date":"2025-07-26T19:26:30","date_gmt":"2025-07-26T19:26:30","guid":{"rendered":"https:\/\/syri.tv\/?p=7710"},"modified":"2025-07-26T19:26:48","modified_gmt":"2025-07-26T19:26:48","slug":"sot-mbahet-seanca-e-fundit-ne-kuvendin-e-kosoves","status":"publish","type":"post","link":"https:\/\/syri.tv\/?p=7710","title":{"rendered":"Safet Sadiku: Sot mbahet seanca e fundit n\u00eb Kuvendin e Kosov\u00ebs!"},"content":{"rendered":"<div dir=\"auto\">Sot pritet t\u00eb mbahet seanca e fundit p\u00ebr konstituimin e Kuvendit t\u00eb Kosov\u00ebs dhe zgjedhjen e Kryetarit t\u00eb tij, nj\u00eb proces q\u00eb n\u00eb vend se t\u00eb reflektoj\u00eb vullnetin dhe vet\u00ebdijen demokratike t\u00eb p\u00ebrfaq\u00ebsuesve t\u00eb popullit, \u00ebsht\u00eb kthyer n\u00eb nj\u00eb aren\u00eb t\u00eb bllokimeve, pazareve politike dhe var\u00ebsis\u00eb s\u00eb skajshme nga faktor\u00ebt e jasht\u00ebm. Ajo q\u00eb ende bie m\u00eb shum\u00eb n\u00eb sy \u00ebsht\u00eb mungesa e pavar\u00ebsis\u00eb s\u00eb deputet\u00ebve p\u00ebr t\u00eb votuar sipas nd\u00ebrgjegjes s\u00eb tyre dhe n\u00eb interes t\u00eb qytetar\u00ebve q\u00eb i kan\u00eb zgjedhur. Votat vazhdojn\u00eb t\u00eb diktohen nga kryetar\u00ebt e partive dhe interesat e ngushta grupore, duke d\u00ebshmuar nj\u00eb d\u00ebshtim t\u00eb r\u00ebnd\u00eb t\u00eb figur\u00ebs s\u00eb politikanit shqiptar n\u00eb Kosov\u00eb, si p\u00ebrfaq\u00ebsues i vullnetit popullor. Kjo var\u00ebsi e verb\u00ebr ndaj lider\u00ebve partiak\u00eb, shpesh t\u00eb lidhur me interesa t\u00eb err\u00ebta ekonomike apo rrjete t\u00eb pushtetit klientelist, \u00ebsht\u00eb jo vet\u00ebm nj\u00eb tregues i papjekuris\u00eb politike, por edhe nj\u00eb form\u00eb e keq-qeverisjes q\u00eb i ngjan sjelljes s\u00eb pushtuesve, m\u00eb shum\u00eb sesa asaj t\u00eb p\u00ebrfaq\u00ebsuesve t\u00eb nj\u00eb shteti demokratik.<\/div>\n<div dir=\"auto\">N\u00ebse Kuvendi sot konstituohet, ky nuk do t\u00eb jet\u00eb as nuk do t\u00eb quhet sukses i vet\u00ebdijes politike t\u00eb brendshme, por rezultat i presionit t\u00eb ambasador\u00ebve dhe faktorit nd\u00ebrkomb\u00ebtar, q\u00eb p\u00ebr fat t\u00eb keq, vazhdon t\u00eb luaj\u00eb rolin e tutorit politik p\u00ebr klas\u00ebn politike vendore. Kjo nd\u00ebrhyrje, sado e nevojshme t\u00eb jet\u00eb n\u00eb momente krizash, e demaskon paaft\u00ebsin\u00eb e vet\u00eb politikan\u00ebve tan\u00eb n\u00eb Kosov\u00eb, (se ata nuk jan\u00eb t\u00eb aft\u00eb as komb\u00ebtarisht) p\u00ebr t\u00eb nd\u00ebrtuar institucione funksionale dhe p\u00ebr t\u00eb bashk\u00ebjetuar brenda rregullave t\u00eb nj\u00eb sistemi demokratik.<\/div>\n<div dir=\"auto\">N\u00eb k\u00ebt\u00eb kontekst, p\u00ebrgjegj\u00ebsia nuk bie vet\u00ebm mbi politikan\u00ebt, por edhe mbi qytetar\u00ebt q\u00eb vazhdojn\u00eb t\u00eb votoj\u00eb figurat e nj\u00ebjta, pa reflektim dhe pa k\u00ebrkesa t\u00eb qarta p\u00ebr ndryshim. \u00cbsht\u00eb koha q\u00eb vet\u00ebdija qytetare t\u00eb ndryshoj\u00eb rr\u00ebnj\u00ebsisht, q\u00eb vota t\u00eb mos jet\u00eb m\u00eb nj\u00eb akt emocional apo tribal, por nj\u00eb p\u00ebrgjegj\u00ebsi e thell\u00eb ndaj shtetit, ndaj atyre q\u00eb dhan\u00eb jet\u00ebn p\u00ebr liri, dhe ndaj brezave q\u00eb vijn\u00eb.<\/div>\n<div dir=\"auto\">N\u00ebse vendi shkon n\u00eb zgjedhje t\u00eb reja, ndoshta p\u00ebr her\u00eb t\u00eb par\u00eb, nj\u00eb bojkot i organizuar dhe i arsyetuar, nga qytetar\u00ebt votues, (n\u00eb dit\u00ebn kur do q\u00eb t\u00eb caktohen zgjedhjet) do t\u00eb ishte nj\u00eb mesazh i fuqish\u00ebm ndaj t\u00eb gjitha partive politike: se Kosova nuk \u00ebsht\u00eb as Serbi dhe as pron\u00eb private e lider\u00ebve, por nj\u00eb republik\u00eb me qytetar\u00eb q\u00eb nuk pranojn\u00eb m\u00eb t\u00eb trajtohen si numra t\u00eb verb\u00ebr votash. N\u00eb k\u00ebt\u00eb periudh\u00eb t\u00eb sabotimit shtet\u00ebror nga ata q\u00eb na p\u00ebrfaq\u00ebsojn\u00eb Kosova p\u00ebrve\u00e7 mb\u00ebshtetjes financiare ka humbur edhe reputacion nd\u00ebrkomb\u00ebtar, q\u00eb nuk kthehet brenda dit\u00ebs!\u2026<\/div>\n<div dir=\"auto\">Kjo situat\u00eb, sa e dhimbshme aq edhe trondit\u00ebse, duhet t\u00eb sh\u00ebrbej\u00eb si moment reflektimi p\u00ebr t\u00eb gjith\u00eb; p\u00ebr ata q\u00eb udh\u00ebheqin dhe p\u00ebr ata q\u00eb votojn\u00eb. P\u00ebrndryshe, ky teat\u00ebr i sh\u00ebmtuar politik do t\u00eb vazhdoj\u00eb pafund, nd\u00ebrsa Republika e Kosov\u00ebs do t\u00eb zvarritet gjithnj\u00eb n\u00eb vendnum\u00ebro, e zhg\u00ebnjyer nga ata q\u00eb duhej t\u00eb ishin mbrojt\u00ebsit e saj m\u00eb t\u00eb m\u00ebdhenj. Edhe n\u00ebse shkohet n\u00eb zgjedhje askush nuk e ka t\u00eb sigurt\u00eb se do t\u2019i fiton shumic\u00ebn, dhe skena e till\u00eb e sabotimit mund s\u00ebrish t\u00eb p\u00ebrs\u00ebritet!\u2026 ( Safet Sadiku)<\/div>\n","protected":false},"excerpt":{"rendered":"<p>Sot pritet t\u00eb mbahet seanca e fundit p\u00ebr konstituimin e Kuvendit t\u00eb Kosov\u00ebs dhe zgjedhjen e Kryetarit t\u00eb tij, nj\u00eb proces q\u00eb n\u00eb vend se t\u00eb reflektoj\u00eb vullnetin dhe vet\u00ebdijen demokratike t\u00eb p\u00ebrfaq\u00ebsuesve t\u00eb popullit, \u00ebsht\u00eb kthyer n\u00eb nj\u00eb aren\u00eb t\u00eb bllokimeve, pazareve politike dhe var\u00ebsis\u00eb s\u00eb skajshme nga faktor\u00ebt e jasht\u00ebm. Ajo q\u00eb ende [&hellip;]<\/p>\n","protected":false},"author":1,"featured_media":7711,"comment_status":"closed","ping_status":"closed","sticky":false,"template":"","format":"standard","meta":{"footnotes":""},"categories":[2],"tags":[],"class_list":{"0":"post-7710","1":"post","2":"type-post","3":"status-publish","4":"format-standard","5":"has-post-thumbnail","7":"category-zvicer"},"_links":{"self":[{"href":"https:\/\/syri.tv\/index.php?rest_route=\/wp\/v2\/posts\/7710","targetHints":{"allow":["GET"]}}],"collection":[{"href":"https:\/\/syri.tv\/index.php?rest_route=\/wp\/v2\/posts"}],"about":[{"href":"https:\/\/syri.tv\/index.php?rest_route=\/wp\/v2\/types\/post"}],"author":[{"embeddable":true,"href":"https:\/\/syri.tv\/index.php?rest_route=\/wp\/v2\/users\/1"}],"replies":[{"embeddable":true,"href":"https:\/\/syri.tv\/index.php?rest_route=%2Fwp%2Fv2%2Fcomments&post=7710"}],"version-history":[{"count":2,"href":"https:\/\/syri.tv\/index.php?rest_route=\/wp\/v2\/posts\/7710\/revisions"}],"predecessor-version":[{"id":7713,"href":"https:\/\/syri.tv\/index.php?rest_route=\/wp\/v2\/posts\/7710\/revisions\/7713"}],"wp:featuredmedia":[{"embeddable":true,"href":"https:\/\/syri.tv\/index.php?rest_route=\/wp\/v2\/media\/7711"}],"wp:attachment":[{"href":"https:\/\/syri.tv\/index.php?rest_route=%2Fwp%2Fv2%2Fmedia&parent=7710"}],"wp:term":[{"taxonomy":"category","embeddable":true,"href":"https:\/\/syri.tv\/index.php?rest_route=%2Fwp%2Fv2%2Fcategories&post=7710"},{"taxonomy":"post_tag","embeddable":true,"href":"https:\/\/syri.tv\/index.php?rest_route=%2Fwp%2Fv2%2Ftags&post=7710"}],"curies":[{"name":"wp","href":"https:\/\/api.w.org\/{rel}","templated":true}]}}