{"id":7702,"date":"2025-07-25T05:40:20","date_gmt":"2025-07-25T05:40:20","guid":{"rendered":"https:\/\/syri.tv\/?p=7702"},"modified":"2025-07-25T05:40:20","modified_gmt":"2025-07-25T05:40:20","slug":"ambasadoret-sot-ne-kuvend-percjellin-seancen","status":"publish","type":"post","link":"https:\/\/syri.tv\/?p=7702","title":{"rendered":"Ambasador\u00ebt sot n\u00eb Kuvend p\u00ebrcjellin seanc\u00ebn"},"content":{"rendered":"<p>N\u00eb p\u00ebrpjekjen e 52-t\u00eb dhe t\u00eb fundit p\u00ebr konstituimin e Kuvendit t\u00eb Kosov\u00ebs para skadimit t\u00eb afatit kushtetues, pritet q\u00eb ambasador\u00eb t\u00eb vendeve t\u00eb huaja n\u00eb Kosov\u00eb, sot t\u00eb jen\u00eb t\u00eb pranish\u00ebm.<\/p>\n<p>Ambasada Gjermane ka njoftuar se ambasadori Jorn Rohde, bashk\u00eb me p\u00ebrfaq\u00ebsues t\u00eb tjer\u00eb nd\u00ebrkomb\u00ebtar\u00eb, do t\u00eb marrin pjes\u00eb n\u00eb seanc\u00ebn e Kuvendit q\u00eb do t\u00eb mbahet sot.<\/p>\n<p>\u201cDuke qen\u00eb se nes\u00ebr \u00ebsht\u00eb mund\u00ebsia e fundit p\u00ebr t\u00eb konstituuar Kuvendin para afatit t\u00eb Gjykat\u00ebs Kushtetuese, ambasadori Rohde, s\u00eb bashku me koleg\u00eb t\u00eb tjer\u00eb nd\u00ebrkomb\u00ebtar\u00eb, planifikon t\u00eb marr\u00eb pjes\u00eb n\u00eb seanc\u00ebn n\u00eb parlament,\u201d thuhej n\u00eb njoftimin e ambasad\u00ebs.<\/p>\n<p>M\u00eb 26 korrik skadon afati 30-ditor i p\u00ebrcaktuar nga Gjykata Kushtetuese p\u00ebr konstituimin e Kuvendit. Presidentja Vjosa Osmani ka dor\u00ebzuar nj\u00eb k\u00ebrkes\u00eb p\u00ebr t\u00eb sqaruar pasojat juridike n\u00eb rast se Kuvendi nuk konstituohet deri n\u00eb k\u00ebt\u00eb afat, duke theksuar se \u201ckompromisi nuk po shihet askund\u201d.<\/p>\n<p>Seanca pritet t\u00eb nis sot n\u00eb ora 11:00.<\/p>\n","protected":false},"excerpt":{"rendered":"<p>N\u00eb p\u00ebrpjekjen e 52-t\u00eb dhe t\u00eb fundit p\u00ebr konstituimin e Kuvendit t\u00eb Kosov\u00ebs para skadimit t\u00eb afatit kushtetues, pritet q\u00eb ambasador\u00eb t\u00eb vendeve t\u00eb huaja n\u00eb Kosov\u00eb, sot t\u00eb jen\u00eb t\u00eb pranish\u00ebm. Ambasada Gjermane ka njoftuar se ambasadori Jorn Rohde, bashk\u00eb me p\u00ebrfaq\u00ebsues t\u00eb tjer\u00eb nd\u00ebrkomb\u00ebtar\u00eb, do t\u00eb marrin pjes\u00eb n\u00eb seanc\u00ebn e Kuvendit q\u00eb [&hellip;]<\/p>\n","protected":false},"author":1,"featured_media":7703,"comment_status":"closed","ping_status":"closed","sticky":false,"template":"","format":"standard","meta":{"footnotes":""},"categories":[9],"tags":[],"class_list":{"0":"post-7702","1":"post","2":"type-post","3":"status-publish","4":"format-standard","5":"has-post-thumbnail","7":"category-vendi"},"_links":{"self":[{"href":"https:\/\/syri.tv\/index.php?rest_route=\/wp\/v2\/posts\/7702","targetHints":{"allow":["GET"]}}],"collection":[{"href":"https:\/\/syri.tv\/index.php?rest_route=\/wp\/v2\/posts"}],"about":[{"href":"https:\/\/syri.tv\/index.php?rest_route=\/wp\/v2\/types\/post"}],"author":[{"embeddable":true,"href":"https:\/\/syri.tv\/index.php?rest_route=\/wp\/v2\/users\/1"}],"replies":[{"embeddable":true,"href":"https:\/\/syri.tv\/index.php?rest_route=%2Fwp%2Fv2%2Fcomments&post=7702"}],"version-history":[{"count":1,"href":"https:\/\/syri.tv\/index.php?rest_route=\/wp\/v2\/posts\/7702\/revisions"}],"predecessor-version":[{"id":7704,"href":"https:\/\/syri.tv\/index.php?rest_route=\/wp\/v2\/posts\/7702\/revisions\/7704"}],"wp:featuredmedia":[{"embeddable":true,"href":"https:\/\/syri.tv\/index.php?rest_route=\/wp\/v2\/media\/7703"}],"wp:attachment":[{"href":"https:\/\/syri.tv\/index.php?rest_route=%2Fwp%2Fv2%2Fmedia&parent=7702"}],"wp:term":[{"taxonomy":"category","embeddable":true,"href":"https:\/\/syri.tv\/index.php?rest_route=%2Fwp%2Fv2%2Fcategories&post=7702"},{"taxonomy":"post_tag","embeddable":true,"href":"https:\/\/syri.tv\/index.php?rest_route=%2Fwp%2Fv2%2Ftags&post=7702"}],"curies":[{"name":"wp","href":"https:\/\/api.w.org\/{rel}","templated":true}]}}