{"id":7694,"date":"2025-07-24T12:08:22","date_gmt":"2025-07-24T12:08:22","guid":{"rendered":"https:\/\/syri.tv\/?p=7694"},"modified":"2025-07-24T12:08:22","modified_gmt":"2025-07-24T12:08:22","slug":"edhe-nje-hap-drejte-internacionalizimit-te-ceshtjes-se-shqiptareve-te-lugines","status":"publish","type":"post","link":"https:\/\/syri.tv\/?p=7694","title":{"rendered":"Edhe nj\u00eb hap drejt\u00eb internacionalizimit t\u00eb \u00e7\u00ebshtjes s\u00eb shqiptar\u00ebve t\u00eb Lugin\u00ebs"},"content":{"rendered":"<p>Presidenti i K\u00ebshillit t\u00eb Evrop\u00ebs, Antonio Costa, n\u00eb p\u00ebrgjigjen e tij ndaj letr\u00ebs s\u00eb d\u00ebrguar me 25 shkurt 2025, m\u00eb ka siguruar se BE-ja po ndjek me kujdes trajtimin e pakicave komb\u00ebtare, p\u00ebrfshir\u00eb edhe komunitetin shqiptar n\u00eb Serbi.<br class=\"html-br\" \/><br class=\"html-br\" \/>Sipas presidentit Costa, pakicat do t\u00eb luajn\u00eb rol t\u00eb r\u00ebnd\u00ebsish\u00ebm n\u00eb kuad\u00ebr t\u00eb angazhimeve t\u00eb Serbis\u00eb n\u00eb procesin e an\u00ebtar\u00ebsimit n\u00eb BE. Nga Serbia pritet t\u00eb p\u00ebrafroj\u00eb kuadrin e saj ligjor p\u00ebr t\u00eb drejtat e pakicave me standardet nd\u00ebrkomb\u00ebtare dhe evropiane.<br class=\"html-br\" \/><br class=\"html-br\" \/>K\u00ebshilli i Evrop\u00ebs \u00ebsht\u00eb i njoftuar hollsish\u00ebm me \u00e7\u00ebshtjen e pasivizimit t\u00eb adresave. Kjo \u00e7\u00ebshtje \u00ebsht\u00eb trajtuar edhe n\u00eb raportet e zgjerimit t\u00eb BE-s\u00eb.<br class=\"html-br\" \/><br class=\"html-br\" \/>Angazhimi i jon\u00eb p\u00ebr avancimin e pozit\u00ebs s\u00eb pakicave do t\u00eb vazhdoj\u00eb &#8211; BE dhe integrimi i rajonit n\u00eb t\u00eb, mbeten aspiratat tona t\u00eb vetme politike!<\/p>\n<p>&nbsp;<\/p>\n","protected":false},"excerpt":{"rendered":"<p>Presidenti i K\u00ebshillit t\u00eb Evrop\u00ebs, Antonio Costa, n\u00eb p\u00ebrgjigjen e tij ndaj letr\u00ebs s\u00eb d\u00ebrguar me 25 shkurt 2025, m\u00eb ka siguruar se BE-ja po ndjek me kujdes trajtimin e pakicave komb\u00ebtare, p\u00ebrfshir\u00eb edhe komunitetin shqiptar n\u00eb Serbi.Sipas presidentit Costa, pakicat do t\u00eb luajn\u00eb rol t\u00eb r\u00ebnd\u00ebsish\u00ebm n\u00eb kuad\u00ebr t\u00eb angazhimeve t\u00eb Serbis\u00eb n\u00eb procesin [&hellip;]<\/p>\n","protected":false},"author":1,"featured_media":7695,"comment_status":"closed","ping_status":"closed","sticky":false,"template":"","format":"standard","meta":{"footnotes":""},"categories":[9],"tags":[],"class_list":{"0":"post-7694","1":"post","2":"type-post","3":"status-publish","4":"format-standard","5":"has-post-thumbnail","7":"category-vendi"},"_links":{"self":[{"href":"https:\/\/syri.tv\/index.php?rest_route=\/wp\/v2\/posts\/7694","targetHints":{"allow":["GET"]}}],"collection":[{"href":"https:\/\/syri.tv\/index.php?rest_route=\/wp\/v2\/posts"}],"about":[{"href":"https:\/\/syri.tv\/index.php?rest_route=\/wp\/v2\/types\/post"}],"author":[{"embeddable":true,"href":"https:\/\/syri.tv\/index.php?rest_route=\/wp\/v2\/users\/1"}],"replies":[{"embeddable":true,"href":"https:\/\/syri.tv\/index.php?rest_route=%2Fwp%2Fv2%2Fcomments&post=7694"}],"version-history":[{"count":1,"href":"https:\/\/syri.tv\/index.php?rest_route=\/wp\/v2\/posts\/7694\/revisions"}],"predecessor-version":[{"id":7696,"href":"https:\/\/syri.tv\/index.php?rest_route=\/wp\/v2\/posts\/7694\/revisions\/7696"}],"wp:featuredmedia":[{"embeddable":true,"href":"https:\/\/syri.tv\/index.php?rest_route=\/wp\/v2\/media\/7695"}],"wp:attachment":[{"href":"https:\/\/syri.tv\/index.php?rest_route=%2Fwp%2Fv2%2Fmedia&parent=7694"}],"wp:term":[{"taxonomy":"category","embeddable":true,"href":"https:\/\/syri.tv\/index.php?rest_route=%2Fwp%2Fv2%2Fcategories&post=7694"},{"taxonomy":"post_tag","embeddable":true,"href":"https:\/\/syri.tv\/index.php?rest_route=%2Fwp%2Fv2%2Ftags&post=7694"}],"curies":[{"name":"wp","href":"https:\/\/api.w.org\/{rel}","templated":true}]}}