{"id":7691,"date":"2025-07-24T11:36:56","date_gmt":"2025-07-24T11:36:56","guid":{"rendered":"https:\/\/syri.tv\/?p=7691"},"modified":"2025-07-24T11:36:56","modified_gmt":"2025-07-24T11:36:56","slug":"kush-i-integroi-shqiptaret-ne-beograd","status":"publish","type":"post","link":"https:\/\/syri.tv\/?p=7691","title":{"rendered":"Kush i integroi shqiptar\u00ebt n\u00eb Beograd?"},"content":{"rendered":"<p>Shkruan Elbasan Sahiti, i diplomuar n\u00eb shkenca politike n\u00eb Austri, absolvent n\u00eb studimet master n\u00eb Gjermani<br class=\"html-br\" \/><br class=\"html-br\" \/>B\u00ebhet fjal\u00eb p\u00ebr nj\u00eb deklarat\u00eb q\u00eb shquhet te jet\u00eb plot\u00ebsisht kontradiktore n\u00eb vetvete. N\u00eb fakt, vler\u00ebsoj se nuk \u00ebsht\u00eb detyra jon\u00eb t\u00eb korrigjojm\u00eb gabimet kund\u00ebrth\u00ebn\u00ebse q\u00eb ai ka b\u00ebr\u00eb me q\u00ebllim q\u00eb t\u00eb ngreh nj\u00eb argument q\u00eb ka si objektiv lin\u00e7imin dhe d\u00ebshir\u00ebn p\u00ebr shp\u00ebrfaqjen e nj\u00eb justifikimi subjektiv.<br class=\"html-br\" \/><br class=\"html-br\" \/>\u00cbsht\u00eb e qart\u00eb se z.Riza Halimi, s\u00eb bashku me subjektin q\u00eb ai p\u00ebrfaq\u00ebsonte, luajti nj\u00eb rol ky\u00e7 n\u00eb organizimin e referendumit q\u00eb u zhvillua m\u00eb 1 dhe 2 mars 1992. Gjat\u00eb gjith\u00eb aktivitetit t\u00eb tij politik, ai ka qen\u00eb i r\u00ebnd\u00ebsish\u00ebm n\u00eb avancimin e procesit m\u00eb t\u00eb madh politik t\u00eb shqiptar\u00ebve n\u00eb Lugin\u00ebn e Preshev\u00ebs.<br class=\"html-br\" \/><br class=\"html-br\" \/>\u00c7\u00ebshtja themelore ishte gjithnj\u00eb vullneti i lir\u00eb i popullit p\u00ebr autonomi politike, me t\u00eb drejt\u00eb bashkimi me Republik\u00ebn e Kosov\u00ebs. E q\u00eb sot (kur pa t\u00eb drejt akuzohet p\u00ebr integrim te dhunsh\u00ebm) pranohet gjer\u00ebsisht se procesi politik n\u00eb fjal\u00eb (referendumi) p\u00ebrfaq\u00ebson trash\u00ebgimin\u00eb dhe asetin m\u00eb t\u00eb r\u00ebnd\u00ebsish\u00ebm politik me t\u00eb cilin vepron aktualisht vizioni politik i shqiptar\u00ebve n\u00eb Lugin\u00ebn e Preshev\u00ebs. Prova m\u00eb bind\u00ebse p\u00ebr k\u00ebt\u00eb \u00ebsht\u00eb se procesi politik n\u00eb fjal\u00eb, themelet e t\u00eb cilit u vendos\u00ebn nga z.Riza Halimi dhe shum\u00eb aktivist\u00eb t\u00eb tjer\u00eb me vet\u00ebdije politike, u shfryt\u00ebzua si fakt n\u00eb zyr\u00ebn e Presidentit t\u00eb Kosov\u00ebs, z. Hashim Tha\u00e7i, p\u00ebrkat\u00ebsisht themeluesit politik t\u00eb Partis\u00eb Demokratike t\u00eb Kosov\u00ebs, gjat\u00eb periudh\u00ebs n\u00eb t\u00eb cil\u00ebn ideja e bashkimit t\u00eb Lugin\u00ebs me Republik\u00ebn e Kosov\u00ebs po shtyhej p\u00ebrpara nga Presidenti Tha\u00e7i.<br class=\"html-br\" \/><br class=\"html-br\" \/>Argumenti m\u00eb bind\u00ebs p\u00ebr t\u00eb hedhur posht\u00eb d\u00ebshir\u00ebn p\u00ebr shfaj\u00ebsim t\u00eb gabimeve tuaja subjektive \u00ebsht\u00eb se rruga politike e mbrojtur me forc\u00eb demokratike nga Partia p\u00ebr Veprim Demokratik dhe udh\u00ebheq\u00ebsi i saj, z. Halimi, aktualisht mb\u00ebshtetet dhe ndiqet nga t\u00eb gjitha subjektet politike n\u00eb Lugin\u00ebn e Preshev\u00ebs. P\u00ebr m\u00eb tep\u00ebr, kjo rrug\u00eb politike g\u00ebzon mb\u00ebshtetjen e t\u00eb gjitha subjekteve politike shqiptare kudo q\u00eb jan\u00eb.<br class=\"html-br\" \/><br class=\"html-br\" \/>Kishim t\u00eb drejt, vazhdojm\u00eb tutje &#8211; \u00ebsht\u00eb sllogani q\u00eb na ndjek.<\/p>\n","protected":false},"excerpt":{"rendered":"<p>Shkruan Elbasan Sahiti, i diplomuar n\u00eb shkenca politike n\u00eb Austri, absolvent n\u00eb studimet master n\u00eb GjermaniB\u00ebhet fjal\u00eb p\u00ebr nj\u00eb deklarat\u00eb q\u00eb shquhet te jet\u00eb plot\u00ebsisht kontradiktore n\u00eb vetvete. N\u00eb fakt, vler\u00ebsoj se nuk \u00ebsht\u00eb detyra jon\u00eb t\u00eb korrigjojm\u00eb gabimet kund\u00ebrth\u00ebn\u00ebse q\u00eb ai ka b\u00ebr\u00eb me q\u00ebllim q\u00eb t\u00eb ngreh nj\u00eb argument q\u00eb ka si objektiv [&hellip;]<\/p>\n","protected":false},"author":1,"featured_media":7692,"comment_status":"closed","ping_status":"closed","sticky":false,"template":"","format":"standard","meta":{"footnotes":""},"categories":[9],"tags":[],"class_list":{"0":"post-7691","1":"post","2":"type-post","3":"status-publish","4":"format-standard","5":"has-post-thumbnail","7":"category-vendi"},"_links":{"self":[{"href":"https:\/\/syri.tv\/index.php?rest_route=\/wp\/v2\/posts\/7691","targetHints":{"allow":["GET"]}}],"collection":[{"href":"https:\/\/syri.tv\/index.php?rest_route=\/wp\/v2\/posts"}],"about":[{"href":"https:\/\/syri.tv\/index.php?rest_route=\/wp\/v2\/types\/post"}],"author":[{"embeddable":true,"href":"https:\/\/syri.tv\/index.php?rest_route=\/wp\/v2\/users\/1"}],"replies":[{"embeddable":true,"href":"https:\/\/syri.tv\/index.php?rest_route=%2Fwp%2Fv2%2Fcomments&post=7691"}],"version-history":[{"count":1,"href":"https:\/\/syri.tv\/index.php?rest_route=\/wp\/v2\/posts\/7691\/revisions"}],"predecessor-version":[{"id":7693,"href":"https:\/\/syri.tv\/index.php?rest_route=\/wp\/v2\/posts\/7691\/revisions\/7693"}],"wp:featuredmedia":[{"embeddable":true,"href":"https:\/\/syri.tv\/index.php?rest_route=\/wp\/v2\/media\/7692"}],"wp:attachment":[{"href":"https:\/\/syri.tv\/index.php?rest_route=%2Fwp%2Fv2%2Fmedia&parent=7691"}],"wp:term":[{"taxonomy":"category","embeddable":true,"href":"https:\/\/syri.tv\/index.php?rest_route=%2Fwp%2Fv2%2Fcategories&post=7691"},{"taxonomy":"post_tag","embeddable":true,"href":"https:\/\/syri.tv\/index.php?rest_route=%2Fwp%2Fv2%2Ftags&post=7691"}],"curies":[{"name":"wp","href":"https:\/\/api.w.org\/{rel}","templated":true}]}}