{"id":7686,"date":"2025-07-24T11:18:54","date_gmt":"2025-07-24T11:18:54","guid":{"rendered":"https:\/\/syri.tv\/?p=7686"},"modified":"2025-07-24T11:18:54","modified_gmt":"2025-07-24T11:18:54","slug":"liqeni-vrella-e-miratoces-bashkon-shqiptaret-vendas-dhe-nga-diaspora","status":"publish","type":"post","link":"https:\/\/syri.tv\/?p=7686","title":{"rendered":"Liqeni Vrella e Miratoc\u00ebs bashkon shqiptar\u00ebt vendas dhe nga Diaspora"},"content":{"rendered":"<p>Tash kur vapa e ver\u00ebs ka arritur temperaturat e larta, t\u00eb gjith\u00eb k\u00ebrkojn\u00eb freskim dhe leht\u00ebsim t\u00eb trupit. Shpesh her\u00eb zgjedhim bregdetin, por shqiptar\u00ebt e Lugin\u00ebs s\u00eb Preshev\u00ebs, duket se kan\u00eb mund\u00ebsin\u00eb q\u00eb brenda ambienteve t\u00eb tyre t\u00eb k\u00ebnaqen n\u00eb rrethin e tyre me t\u00eb af\u00ebrmit e tyre. \u00cbsht\u00eb liqeni artificial verella e Miratoc\u00ebs q\u00eb gjendet n\u00eb veriper\u00ebndim t\u00eb vendit me uj\u00eb t\u00eb past\u00ebr si kristali, i cili \u00ebsht\u00eb nj\u00eb mund\u00ebsi tep\u00ebr e mir\u00eb p\u00ebr ti p\u00ebrballuar m\u00eb leht\u00eb dit\u00ebt e nxehta t\u00eb ver\u00ebs.<\/p>\n<p><img loading=\"lazy\" loading=\"lazy\" decoding=\"async\" class=\"alignnone size-large wp-image-7687\" src=\"https:\/\/syri.tv\/wp-content\/uploads\/2025\/07\/m-1024x592.png\" alt=\"\" width=\"1024\" height=\"592\" srcset=\"https:\/\/syri.tv\/wp-content\/uploads\/2025\/07\/m-1024x592.png 1024w, https:\/\/syri.tv\/wp-content\/uploads\/2025\/07\/m-300x173.png 300w, https:\/\/syri.tv\/wp-content\/uploads\/2025\/07\/m-768x444.png 768w, https:\/\/syri.tv\/wp-content\/uploads\/2025\/07\/m-860x497.png 860w, https:\/\/syri.tv\/wp-content\/uploads\/2025\/07\/m.png 1354w\" sizes=\"auto, (max-width: 1024px) 100vw, 1024px\" \/><\/p>\n<p>Ky vend ka\u00a0 pamje piktoreske dhe ofron cop\u00ebza t\u00eb bukura p\u00ebr t\u00eb gjith\u00eb njer\u00ebzit q\u00eb vendosin ta vizitojn\u00eb.<\/p>\n<p>Liqeni Vrella viteve t\u00eb fundit ka impresionuar jo vet\u00ebm shqiptar\u00ebt vendas por edhe m\u00ebrgimtar\u00ebt q\u00eb si shihet edhe k\u00ebt\u00eb ver\u00eb \u00e7do vit e m\u00eb shume ka vizitor\u00eb.<\/p>\n<p><img loading=\"lazy\" loading=\"lazy\" decoding=\"async\" class=\"alignnone size-full wp-image-7688\" src=\"https:\/\/syri.tv\/wp-content\/uploads\/2025\/07\/m1.png\" alt=\"\" width=\"634\" height=\"588\" srcset=\"https:\/\/syri.tv\/wp-content\/uploads\/2025\/07\/m1.png 634w, https:\/\/syri.tv\/wp-content\/uploads\/2025\/07\/m1-300x278.png 300w\" sizes=\"auto, (max-width: 634px) 100vw, 634px\" \/><\/p>\n<p>Pra Vrella \u00ebsht\u00eb vet\u00ebm nj\u00eb nga mund\u00ebsit\u00eb q\u00eb vendi yn\u00eb ofron p\u00ebr tu freskuar gjat\u00eb muajve t\u00eb nxeht\u00eb t\u00eb ver\u00ebs.<\/p>\n<p>Nga Lugina e Preshev\u00ebs<\/p>\n<p>Arben Mehmeti<\/p>\n","protected":false},"excerpt":{"rendered":"<p>Tash kur vapa e ver\u00ebs ka arritur temperaturat e larta, t\u00eb gjith\u00eb k\u00ebrkojn\u00eb freskim dhe leht\u00ebsim t\u00eb trupit. Shpesh her\u00eb zgjedhim bregdetin, por shqiptar\u00ebt e Lugin\u00ebs s\u00eb Preshev\u00ebs, duket se kan\u00eb mund\u00ebsin\u00eb q\u00eb brenda ambienteve t\u00eb tyre t\u00eb k\u00ebnaqen n\u00eb rrethin e tyre me t\u00eb af\u00ebrmit e tyre. \u00cbsht\u00eb liqeni artificial verella e Miratoc\u00ebs q\u00eb [&hellip;]<\/p>\n","protected":false},"author":1,"featured_media":7689,"comment_status":"closed","ping_status":"closed","sticky":false,"template":"","format":"standard","meta":{"footnotes":""},"categories":[9],"tags":[],"class_list":{"0":"post-7686","1":"post","2":"type-post","3":"status-publish","4":"format-standard","5":"has-post-thumbnail","7":"category-vendi"},"_links":{"self":[{"href":"https:\/\/syri.tv\/index.php?rest_route=\/wp\/v2\/posts\/7686","targetHints":{"allow":["GET"]}}],"collection":[{"href":"https:\/\/syri.tv\/index.php?rest_route=\/wp\/v2\/posts"}],"about":[{"href":"https:\/\/syri.tv\/index.php?rest_route=\/wp\/v2\/types\/post"}],"author":[{"embeddable":true,"href":"https:\/\/syri.tv\/index.php?rest_route=\/wp\/v2\/users\/1"}],"replies":[{"embeddable":true,"href":"https:\/\/syri.tv\/index.php?rest_route=%2Fwp%2Fv2%2Fcomments&post=7686"}],"version-history":[{"count":1,"href":"https:\/\/syri.tv\/index.php?rest_route=\/wp\/v2\/posts\/7686\/revisions"}],"predecessor-version":[{"id":7690,"href":"https:\/\/syri.tv\/index.php?rest_route=\/wp\/v2\/posts\/7686\/revisions\/7690"}],"wp:featuredmedia":[{"embeddable":true,"href":"https:\/\/syri.tv\/index.php?rest_route=\/wp\/v2\/media\/7689"}],"wp:attachment":[{"href":"https:\/\/syri.tv\/index.php?rest_route=%2Fwp%2Fv2%2Fmedia&parent=7686"}],"wp:term":[{"taxonomy":"category","embeddable":true,"href":"https:\/\/syri.tv\/index.php?rest_route=%2Fwp%2Fv2%2Fcategories&post=7686"},{"taxonomy":"post_tag","embeddable":true,"href":"https:\/\/syri.tv\/index.php?rest_route=%2Fwp%2Fv2%2Ftags&post=7686"}],"curies":[{"name":"wp","href":"https:\/\/api.w.org\/{rel}","templated":true}]}}