{"id":7598,"date":"2025-07-17T21:58:25","date_gmt":"2025-07-17T21:58:25","guid":{"rendered":"https:\/\/syri.tv\/?p=7598"},"modified":"2025-07-17T21:58:25","modified_gmt":"2025-07-17T21:58:25","slug":"gjyqesori-yne-tallet-me-popullin-drejtesine-buxhetin-dhe-dinjitetin-e-veteranit-te-vertete","status":"publish","type":"post","link":"https:\/\/syri.tv\/?p=7598","title":{"rendered":"GJYQ\u00cbSORI YN\u00cb TALLET ME POPULLIN, DREJT\u00cbSIN\u00cb, BUXHETIN DHE DINJITETIN E VETERANIT T\u00cb V\u00cbRTET\u00cb!"},"content":{"rendered":"<div class=\"x14z9mp xat24cr x1lziwak x1vvkbs xtlvy1s x126k92a\">\n<div dir=\"auto\">Autori: Lirim Gashi<\/div>\n<\/div>\n<div class=\"x14z9mp xat24cr x1lziwak x1vvkbs xtlvy1s x126k92a\">\n<div dir=\"auto\">Gjykata Themelore n\u00eb Prishtin\u00eb n\u00eb rigjykim i ka shpallur fajtor\u00eb dhe i ka d\u00ebnuar me nga nj\u00eb vit burgim ish-kryeministrin &#8211; Agim \u00c7eku dhe 9 t\u00eb akuzuarit:<\/div>\n<div dir=\"auto\">Rrustem Berisha,<\/div>\n<div dir=\"auto\">Shkumbin Demalijaj,<\/div>\n<div dir=\"auto\">Sadik Halitjaha,<\/div>\n<div dir=\"auto\">Qel\u00eb Gashi,<\/div>\n<div dir=\"auto\">Shukri Buja,<\/div>\n<div dir=\"auto\">Ahmet Daku,<\/div>\n<div dir=\"auto\">Faik Fazliu,<\/div>\n<div dir=\"auto\">Fadil Shurdhaj dhe<\/div>\n<div dir=\"auto\">Xhavit Jashari, n\u00eb rastin \u201cVeteran\u00ebt\u201d.<\/div>\n<\/div>\n<div class=\"x14z9mp xat24cr x1lziwak x1vvkbs xtlvy1s x126k92a\">\n<div dir=\"auto\">Kurse, u liruan nga akuza Nuredin Lushtaku dhe<\/div>\n<div dir=\"auto\">Smajl Elezaj.<\/div>\n<\/div>\n<div class=\"x14z9mp xat24cr x1lziwak x1vvkbs xtlvy1s x126k92a\">\n<div dir=\"auto\">Koment:<\/div>\n<\/div>\n<div class=\"x14z9mp xat24cr x1lziwak x1vvkbs xtlvy1s x126k92a\">\n<div dir=\"auto\">N\u00eb nj\u00eb nga rastet m\u00eb t\u00eb turpshme t\u00eb abuzimit me dinjitetin e luft\u00ebs \u00e7lirimtare dhe me buxhetin e shtetit t\u00eb Kosov\u00ebs, Gjykata Themelore n\u00eb Prishtin\u00eb d\u00ebnoi me nga nj\u00eb vit burgim t\u00eb kusht\u00ebzuar (praktikisht me asnj\u00eb dit\u00eb burgim) ish-kryeministrin Agim \u00c7eku dhe n\u00ebnt\u00eb t\u00eb tjer\u00eb p\u00ebr keqp\u00ebrdorim t\u00eb statusit t\u00eb veteranit t\u00eb U\u00c7K-s\u00eb n\u00eb m\u00ebnyr\u00ebn m\u00eb banale dhe kriminale t\u00eb mundshme \u2013 duke fryr\u00eb listat e veteran\u00ebve me mij\u00ebra emra t\u00eb rrem\u00eb p\u00ebr p\u00ebrfitime financiare, p\u00ebr manipulim elektoral, p\u00ebr shantazh politik, dhe m\u00eb tragjikja: p\u00ebr profanimin e gjakut t\u00eb d\u00ebshmor\u00ebve.<\/div>\n<\/div>\n<div class=\"x14z9mp xat24cr x1lziwak x1vvkbs xtlvy1s x126k92a\">\n<div dir=\"auto\">Nga rreth 12,000 veteran\u00eb real\u00eb, lista p\u00ebrfundimtare e \u201cveteran\u00ebve\u201d e manipuluar nga ky grup u rrit n\u00eb p\u00ebrtej 60,000.<\/div>\n<\/div>\n<div class=\"x14z9mp xat24cr x1lziwak x1vvkbs xtlvy1s x126k92a\">\n<div dir=\"auto\">Kostoja p\u00ebr buxhetin e shtetit, sipas p\u00ebrllogaritjeve t\u00eb ekspert\u00ebve t\u00eb financave publike, kap\u00ebrceu 100 milion\u00eb euro n\u00eb dekad\u00eb.<\/div>\n<\/div>\n<div class=\"x14z9mp xat24cr x1lziwak x1vvkbs xtlvy1s x126k92a\">\n<div dir=\"auto\">D\u00ebnimi i shqiptuar? Nj\u00eb vit burg me kusht \u2013 q\u00eb n\u00eb thelb \u00ebsht\u00eb nj\u00eb shp\u00ebrblim p\u00ebr nj\u00eb krim t\u00eb p\u00ebrmasave komb\u00ebtare.<\/div>\n<\/div>\n<div class=\"x14z9mp xat24cr x1lziwak x1vvkbs xtlvy1s x126k92a\">\n<div dir=\"auto\">Ky vendim \u00ebsht\u00eb vul\u00eb mbi aktin se drejt\u00ebsia n\u00eb Kosov\u00eb \u00ebsht\u00eb ende rob\u00ebresh\u00eb e mafis\u00eb politike q\u00eb sundoi vendin p\u00ebr dy dekada pas luft\u00ebs.<\/div>\n<div dir=\"auto\">Ata q\u00eb e nd\u00ebrtuan k\u00ebt\u00eb shtet si nj\u00eb minier\u00eb t\u00eb p\u00ebrkohshme p\u00ebr ta pla\u00e7kitur, jan\u00eb po ata q\u00eb kontrollojn\u00eb sot prokurorin\u00eb, gjyq\u00ebsin\u00eb dhe shumic\u00ebn e mediave.<\/div>\n<div dir=\"auto\">Ndaj nuk \u00ebsht\u00eb \u00e7udi q\u00eb ky rast u gjykua si nj\u00eb gabim formal, e jo si nj\u00eb krim komb\u00ebtar.<\/div>\n<\/div>\n<div class=\"x14z9mp xat24cr x1lziwak x1vvkbs xtlvy1s x126k92a\">\n<div dir=\"auto\">Kur ligji i mbron hajnat dhe e nd\u00ebshkon t\u00eb drejtin, at\u00ebher\u00eb \u2013 si\u00e7 thoshte Platoni \u2013 \u201cshteti \u00ebsht\u00eb nj\u00eb shpell\u00eb ku drejt\u00ebsia \u00ebsht\u00eb hija e nj\u00eb zjarri q\u00eb e kontrollojn\u00eb t\u00eb fort\u00ebt\u201d.<\/div>\n<\/div>\n<div class=\"x14z9mp xat24cr x1lziwak x1vvkbs xtlvy1s x126k92a\">\n<div dir=\"auto\">Ky vendim \u00ebsht\u00eb d\u00ebshmi q\u00eb Nietzsche kishte t\u00eb drejt\u00eb kur thoshte:<\/div>\n<\/div>\n<div class=\"x14z9mp xat24cr x1lziwak x1vvkbs xtlvy1s x126k92a\">\n<div dir=\"auto\">\u201cN\u00ebse e v\u00ebrteta b\u00ebhet e padurueshme, institucionet juridike t\u00eb shoq\u00ebris\u00eb s\u00eb pambrojtur nga padrejt\u00ebsia, e shpallin t\u00eb pap\u00ebrshtatshme.\u201d<\/div>\n<\/div>\n<div class=\"x14z9mp xat24cr x1lziwak x1vvkbs xtlvy1s x126k92a\">\n<div dir=\"auto\">\u00c7far\u00eb \u00ebsht\u00eb nj\u00eb vit me kusht p\u00ebr nj\u00eb vjedhje t\u00eb identitetit t\u00eb luft\u00ebs, p\u00ebr nj\u00eb g\u00ebnjesht\u00ebr q\u00eb e l\u00ebndon t\u00eb v\u00ebrtet\u00ebn e popullit?<\/div>\n<\/div>\n<div class=\"x14z9mp xat24cr x1lziwak x1vvkbs xtlvy1s x126k92a\">\n<div dir=\"auto\">N\u00eb Kosov\u00eb, n\u00ebse vjedh nj\u00eb qese oriz n\u00eb supermarket \u2013 p\u00ebr shkak t\u00eb varf\u00ebris\u00eb \u2013 ke gjas\u00eb t\u00eb marr\u00ebsh m\u00eb shum\u00eb burg sesa n\u00ebse vjedh identitetin e U\u00c7K-s\u00eb, gjakun e d\u00ebshmor\u00ebve, dhe miliona euro nga buxheti.<\/div>\n<\/div>\n<div class=\"x14z9mp xat24cr x1lziwak x1vvkbs xtlvy1s x126k92a\">\n<div dir=\"auto\">K\u00ebta burreca, p\u00ebrfshir\u00eb edhe ata dy q\u00eb u liruan, kan\u00eb b\u00ebr\u00eb nj\u00eb orgji me nderin komb\u00ebtar, dhe jan\u00eb d\u00ebnuar sikur t\u00eb kishin harruar t\u00eb paguajn\u00eb parkingun.<\/div>\n<\/div>\n<div class=\"x14z9mp xat24cr x1lziwak x1vvkbs xtlvy1s x126k92a\">\n<div dir=\"auto\">Kur Albin Kurti flet p\u00ebr \u201cshtetin e kapur\u201d, e ka fjal\u00ebn pik\u00ebrisht p\u00ebr k\u00ebt\u00eb:<\/div>\n<div dir=\"auto\">Nj\u00eb kast\u00eb e ish- komandant\u00ebve t\u00eb shnd\u00ebrruar n\u00eb trafikant\u00eb tender\u00ebsh, t\u00eb cil\u00ebt, n\u00eb vend se ta mbrojn\u00eb gjakun e luft\u00ebs, e p\u00ebrdorin si deodorant p\u00ebr krimet e tyre.<\/div>\n<div dir=\"auto\">K\u00ebta njer\u00ebz e nd\u00ebrtuan shtetin si skem\u00eb piramidale morale, ku \u00e7do padrejt\u00ebsi fshihet pas flamurit.<\/div>\n<\/div>\n<div class=\"x14z9mp xat24cr x1lziwak x1vvkbs xtlvy1s x126k92a\">\n<div dir=\"auto\">Kur Kurti thot\u00eb q\u00eb drejt\u00ebsia \u00ebsht\u00eb selektive, flet nga p\u00ebrvoja e njeriut q\u00eb p\u00ebr protest\u00eb merr burg, nd\u00ebrsa ata q\u00eb e p\u00ebrbuzin gjakun e d\u00ebshmor\u00ebve marrin vit me kusht.<\/div>\n<\/div>\n<div class=\"x14z9mp xat24cr x1lziwak x1vvkbs xtlvy1s x126k92a\">\n<div dir=\"auto\">Ky vendim \u00ebsht\u00eb nj\u00eb shpull\u00eb n\u00eb fytyr\u00ebn e \u00e7do veterani t\u00eb v\u00ebrtet\u00eb, nj\u00eb harres\u00eb p\u00ebr ata q\u00eb dhan\u00eb jet\u00ebn, dhe nj\u00eb bekim p\u00ebr ata q\u00eb e p\u00ebrdhosen luft\u00ebn p\u00ebr tendera, poste dhe pensione t\u00eb rrejshme.<\/div>\n<\/div>\n<div class=\"x14z9mp xat24cr x1lziwak x1vvkbs xtlvy1s x126k92a\">\n<div dir=\"auto\">Sot, Kosova \u00ebsht\u00eb m\u00eb af\u00ebr nj\u00eb tragjikomedie se sa nj\u00eb republike t\u00eb drejt\u00eb.<\/div>\n<\/div>\n<div class=\"x14z9mp xat24cr x1lziwak x1vvkbs xtlvy1s x126k92a\">\n<div dir=\"auto\">Prandaj, drejt\u00ebsia n\u00eb Kosov\u00eb nuk \u00ebsht\u00eb e verb\u00ebr \u2013 ajo sheh shum\u00eb mir\u00eb&#8230; por sheh vet\u00ebm n\u00eb drejtimin q\u00eb ia tregon mafia.<\/div>\n<\/div>\n<div class=\"x14z9mp xat24cr x1lziwak x1vvkbs xtlvy1s x126k92a\">\n<div dir=\"auto\">Mediet tona, t\u00eb shitura tek djalli, raportuan p\u00ebr k\u00ebt\u00eb vendim gjyq\u00ebsor ashtu si\u00e7 raportojn\u00eb gjyshet p\u00ebr domatet dhe specat n\u00eb treg, t\u00eb cilat, p\u00ebr shkak t\u00eb motit t\u00eb keq, nuk kan\u00eb shije natyrale.<\/div>\n<\/div>\n<div class=\"x14z9mp xat24cr x1lziwak x1vvkbs xtlvy1s x126k92a\">\n<div dir=\"auto\">E b\u00ebn\u00eb k\u00ebt\u00eb me nj\u00eb ngutje t\u00eb q\u00ebllimshme p\u00ebr ta fshehur turpin e kriminel\u00ebve q\u00eb i mbrojn\u00eb.<\/div>\n<\/div>\n<div class=\"x14z9mp xat24cr x1lziwak x1vvkbs xtlvy1s x126k92a\">\n<div dir=\"auto\">N\u00eb k\u00ebt\u00eb m\u00ebnyr\u00eb na b\u00ebn\u00eb t\u00eb qart\u00eb, pse me plot t\u00eb drejt\u00eb i urrejm\u00eb nga thell\u00ebsia e zemr\u00ebs.<\/div>\n<\/div>\n<div class=\"x14z9mp xat24cr x1lziwak x1vvkbs xtlvy1s x126k92a\">\n<div dir=\"auto\">Pse duhet t\u00eb reagoj\u00eb populli?<\/div>\n<\/div>\n<div class=\"x14z9mp xat24cr x1lziwak x1vvkbs xtlvy1s x126k92a\">\n<div dir=\"auto\">Ky vendim nuk \u00ebsht\u00eb vet\u00ebm padrejt\u00ebsi \u2013 \u00ebsht\u00eb nj\u00eb ftes\u00eb publike p\u00ebr recidiviz\u00ebm politik dhe moral. Ai i jep sinjalin e qart\u00eb t\u00eb gjith\u00eb pretendent\u00ebve p\u00ebr pushtet:<\/div>\n<\/div>\n<div class=\"x14z9mp xat24cr x1lziwak x1vvkbs xtlvy1s x126k92a\">\n<div dir=\"auto\">\u201cPla\u00e7kit, manipulo, p\u00ebrdhos historin\u00eb \u2013 dhe do t\u00eb marr\u00ebsh vet\u00ebm nj\u00eb vit me kusht, ose fare asgj\u00eb.\u201d<\/div>\n<\/div>\n<div class=\"x14z9mp xat24cr x1lziwak x1vvkbs xtlvy1s x126k92a\">\n<div dir=\"auto\">Ky \u00ebsht\u00eb nj\u00eb precedent i rreziksh\u00ebm q\u00eb legjitimon korrupsionin si metod\u00eb jetese, dhe krimin si instrument karriere.<\/div>\n<\/div>\n<div class=\"x14z9mp xat24cr x1lziwak x1vvkbs xtlvy1s x126k92a\">\n<div dir=\"auto\">N\u00ebse ky d\u00ebnim mbetet pa reagim qytetar, ai do t\u00eb sh\u00ebrbej\u00eb si certifikat\u00eb amnistie p\u00ebr t\u00eb gjith\u00eb ata q\u00eb synojn\u00eb t\u00eb rikthehen n\u00eb pushtet duke p\u00ebrdorur metod\u00ebn e listave t\u00eb rrejshme, mashtrimeve patriotike dhe shantazhit me t\u00eb kaluar\u00ebn.<\/div>\n<div dir=\"auto\">Do t\u2019i shohim s\u00ebrish n\u00eb sken\u00eb me fjalime p\u00ebr \u201clavdin\u00eb e luft\u00ebs\u201d, nd\u00ebrkoh\u00eb q\u00eb blejn\u00eb vota me pensione t\u00eb veteran\u00ebve fiktiv\u00eb dhe e grabitin popullin me buz\u00ebqeshje hipokrite.<\/div>\n<\/div>\n<div class=\"x14z9mp xat24cr x1lziwak x1vvkbs xtlvy1s x126k92a\">\n<div dir=\"auto\">Prandaj, nuk mjafton vet\u00ebm ta d\u00ebnojm\u00eb me fjal\u00eb k\u00ebt\u00eb vendim \u2013 duhet t\u00eb ngrihemi si popull.<\/div>\n<\/div>\n<div class=\"x14z9mp xat24cr x1lziwak x1vvkbs xtlvy1s x126k92a\">\n<div dir=\"auto\">Me protesta, me peticione, me bojkot moral dhe me rezistenc\u00eb qytetare.<\/div>\n<div dir=\"auto\">Sepse heshtja sot \u00ebsht\u00eb bashk\u00ebpunim dhe bashk\u00ebfaj\u00ebsi nes\u00ebr.<\/div>\n<\/div>\n<div class=\"x14z9mp xat24cr x1lziwak x1vvkbs xtlvy1s x126k92a\">\n<div dir=\"auto\">Un\u00eb Lirim Gashi po e shkruaj t\u00eb v\u00ebrtet\u00ebn falas p\u00ebr ju. Ju q\u00eb e lexoni t\u00eb v\u00ebrtet\u00ebn time falas, do t\u00eb ma b\u00ebnit nderin m\u00eb t\u00eb madh sikur t\u00eb pakt\u00ebn ta shp\u00ebrndanit falas. Sepse v\u00ebrtet nuk ju kushton asnj\u00eb cent!.<\/div>\n<div dir=\"auto\">\n<div class=\"x14z9mp xat24cr x1lziwak x1vvkbs xtlvy1s x126k92a\">\n<div dir=\"auto\">*Burimi:<\/div>\n<\/div>\n<div class=\"x14z9mp xat24cr x1lziwak x1vvkbs xtlvy1s x126k92a\">\n<div dir=\"auto\"><span class=\"html-span xdj266r x14z9mp xat24cr x1lziwak xexx8yu xyri2b x18d9i69 x1c1uobl x1hl2dhg x16tdsg8 x1vvkbs\"><a class=\"x1i10hfl xjbqb8w x1ejq31n x18oe1m7 x1sy0etr xstzfhl x972fbf x10w94by x1qhh985 x14e42zd x9f619 x1ypdohk xt0psk2 xe8uvvx xdj266r x14z9mp xat24cr x1lziwak xexx8yu xyri2b x18d9i69 x1c1uobl x16tdsg8 x1hl2dhg xggy1nq x1a2a7pz xkrqix3 x1sur9pj xzsf02u x1s688f\" tabindex=\"0\" role=\"link\" href=\"https:\/\/www.facebook.com\/malibutitan\/posts\/pfbid0334JnsuSCgdVDT2psMe1SAxX9jF5GMnNkw2hGbg9FyGEwYUgtwnW735uka4Rj8UvHl?__cft__[0]=AZWy3GF_Yxl9bsJdgCEyvINbtLSI67r2gyFBKTLDtsuX0OcxP0FtZGQN-Vgl-sdPuTXkEfhKgqch130cV-aZonTNHtdfsa2X9gknyY_2QRDX_3T6OzGCXynkN6XB-C91a1-z_Z_K_8OjRIqqYWO6UsZ1WmReUjok1KetHDyDDt8UM6caBmOh0WNm6kkNVrG1hks&amp;__tn__=-UK-R\">https:\/\/www.facebook.com\/share\/p\/19qT97KQ8r\/<\/a><\/span><\/div>\n<\/div>\n<\/div>\n<\/div>\n","protected":false},"excerpt":{"rendered":"<p>Autori: Lirim Gashi Gjykata Themelore n\u00eb Prishtin\u00eb n\u00eb rigjykim i ka shpallur fajtor\u00eb dhe i ka d\u00ebnuar me nga nj\u00eb vit burgim ish-kryeministrin &#8211; Agim \u00c7eku dhe 9 t\u00eb akuzuarit: Rrustem Berisha, Shkumbin Demalijaj, Sadik Halitjaha, Qel\u00eb Gashi, Shukri Buja, Ahmet Daku, Faik Fazliu, Fadil Shurdhaj dhe Xhavit Jashari, n\u00eb rastin \u201cVeteran\u00ebt\u201d. Kurse, u liruan [&hellip;]<\/p>\n","protected":false},"author":1,"featured_media":7599,"comment_status":"closed","ping_status":"closed","sticky":false,"template":"","format":"standard","meta":{"footnotes":""},"categories":[9],"tags":[],"class_list":{"0":"post-7598","1":"post","2":"type-post","3":"status-publish","4":"format-standard","5":"has-post-thumbnail","7":"category-vendi"},"_links":{"self":[{"href":"https:\/\/syri.tv\/index.php?rest_route=\/wp\/v2\/posts\/7598","targetHints":{"allow":["GET"]}}],"collection":[{"href":"https:\/\/syri.tv\/index.php?rest_route=\/wp\/v2\/posts"}],"about":[{"href":"https:\/\/syri.tv\/index.php?rest_route=\/wp\/v2\/types\/post"}],"author":[{"embeddable":true,"href":"https:\/\/syri.tv\/index.php?rest_route=\/wp\/v2\/users\/1"}],"replies":[{"embeddable":true,"href":"https:\/\/syri.tv\/index.php?rest_route=%2Fwp%2Fv2%2Fcomments&post=7598"}],"version-history":[{"count":1,"href":"https:\/\/syri.tv\/index.php?rest_route=\/wp\/v2\/posts\/7598\/revisions"}],"predecessor-version":[{"id":7600,"href":"https:\/\/syri.tv\/index.php?rest_route=\/wp\/v2\/posts\/7598\/revisions\/7600"}],"wp:featuredmedia":[{"embeddable":true,"href":"https:\/\/syri.tv\/index.php?rest_route=\/wp\/v2\/media\/7599"}],"wp:attachment":[{"href":"https:\/\/syri.tv\/index.php?rest_route=%2Fwp%2Fv2%2Fmedia&parent=7598"}],"wp:term":[{"taxonomy":"category","embeddable":true,"href":"https:\/\/syri.tv\/index.php?rest_route=%2Fwp%2Fv2%2Fcategories&post=7598"},{"taxonomy":"post_tag","embeddable":true,"href":"https:\/\/syri.tv\/index.php?rest_route=%2Fwp%2Fv2%2Ftags&post=7598"}],"curies":[{"name":"wp","href":"https:\/\/api.w.org\/{rel}","templated":true}]}}