{"id":7379,"date":"2025-06-15T12:09:13","date_gmt":"2025-06-15T12:09:13","guid":{"rendered":"https:\/\/syri.tv\/?p=7379"},"modified":"2025-06-15T12:09:13","modified_gmt":"2025-06-15T12:09:13","slug":"xhaka-shume-afer-milanit","status":"publish","type":"post","link":"https:\/\/syri.tv\/?p=7379","title":{"rendered":"Xhaka shume af\u00ebr Milanit"},"content":{"rendered":"<p><strong>N\u00eb mesfush\u00eb, gjat\u00eb k\u00ebtij afati kalimtar veror, Milan pritet t\u00eb kryej\u00eb nj\u00eb revolucion t\u00eb v\u00ebrtet\u00eb, dhe nd\u00ebr emrat q\u00eb po monitorohen \u00ebsht\u00eb edhe ai i Granit Xhak\u00ebs.<\/strong><\/p>\n<p>Klubi \u201cRossoneri\u201d i ka th\u00ebn\u00eb lamtumir\u00eb pasuris\u00eb s\u00eb tij m\u00eb t\u00eb vlefshme, Tijjani Reijnders, i cili \u00ebsht\u00eb transferuar te Manchester City, dhe \u00ebsht\u00eb duke u p\u00ebrgatitur ta finalizoj\u00eb transferimin e Luka Modri\u0107, sapo kroati ta p\u00ebrfundoj\u00eb Kup\u00ebn e Bot\u00ebs p\u00ebr Klube me Real Madridin.<\/p>\n<p>Megjithat\u00eb, shum\u00eb emra t\u00eb tjer\u00eb jan\u00eb n\u00eb list\u00eb, dhe mesfushori i Bayer Leverkusenit \u00ebsht\u00eb nd\u00ebr m\u00eb t\u00eb p\u00ebrmendurit. Sipas raportimeve t\u00eb fundit nga calciomercato.com, jan\u00eb shfaqur zhvillime t\u00eb r\u00ebnd\u00ebsishme n\u00eb k\u00ebt\u00eb drejtim.<\/p>\n<p>Milan, thuhet se ka marr\u00eb p\u00eblqimin e vet\u00eb lojtarit, i cili \u00ebsht\u00eb i gatsh\u00ebm t\u00eb transferohet n\u00eb \u201cSan Siro\u201d. Kjo ka ndodhur gjat\u00eb nj\u00ebrit prej kontakteve t\u00eb fundit me p\u00ebrfaq\u00ebsuesit e tij, me t\u00eb cil\u00ebt bisedimet po vazhdojn\u00eb. Tani, mbetet vet\u00ebm t\u00eb arrihet nj\u00eb marr\u00ebveshje me Bayer Leverkusenin.<\/p>\n<p>Por \u201cRossoner\u00ebt\u201d mund t\u00eb ken\u00eb nj\u00eb kart\u00eb t\u00eb fort\u00eb p\u00ebr t\u00eb luajtur: klubi gjerman \u00ebsht\u00eb i interesuar p\u00ebr Malick Thiaw, mbrojt\u00ebsin e Milanit. Nj\u00eb ulje e \u00e7mimit t\u00eb tij mund t\u00eb sh\u00ebrbej\u00eb si nj\u00eb l\u00ebshim p\u00ebr t\u00eb siguruar sh\u00ebrbimet e Granit Xhak\u00ebs.<\/p>\n<p>N\u00eb dit\u00ebt n\u00eb vijim pritet t\u00eb ket\u00eb m\u00eb shum\u00eb zhvillime, sipas PianetaMilan.it<\/p>\n","protected":false},"excerpt":{"rendered":"<p>N\u00eb mesfush\u00eb, gjat\u00eb k\u00ebtij afati kalimtar veror, Milan pritet t\u00eb kryej\u00eb nj\u00eb revolucion t\u00eb v\u00ebrtet\u00eb, dhe nd\u00ebr emrat q\u00eb po monitorohen \u00ebsht\u00eb edhe ai i Granit Xhak\u00ebs. Klubi \u201cRossoneri\u201d i ka th\u00ebn\u00eb lamtumir\u00eb pasuris\u00eb s\u00eb tij m\u00eb t\u00eb vlefshme, Tijjani Reijnders, i cili \u00ebsht\u00eb transferuar te Manchester City, dhe \u00ebsht\u00eb duke u p\u00ebrgatitur ta finalizoj\u00eb [&hellip;]<\/p>\n","protected":false},"author":1,"featured_media":7380,"comment_status":"closed","ping_status":"closed","sticky":false,"template":"","format":"standard","meta":{"footnotes":""},"categories":[106],"tags":[],"class_list":{"0":"post-7379","1":"post","2":"type-post","3":"status-publish","4":"format-standard","5":"has-post-thumbnail","7":"category-sport"},"_links":{"self":[{"href":"https:\/\/syri.tv\/index.php?rest_route=\/wp\/v2\/posts\/7379","targetHints":{"allow":["GET"]}}],"collection":[{"href":"https:\/\/syri.tv\/index.php?rest_route=\/wp\/v2\/posts"}],"about":[{"href":"https:\/\/syri.tv\/index.php?rest_route=\/wp\/v2\/types\/post"}],"author":[{"embeddable":true,"href":"https:\/\/syri.tv\/index.php?rest_route=\/wp\/v2\/users\/1"}],"replies":[{"embeddable":true,"href":"https:\/\/syri.tv\/index.php?rest_route=%2Fwp%2Fv2%2Fcomments&post=7379"}],"version-history":[{"count":1,"href":"https:\/\/syri.tv\/index.php?rest_route=\/wp\/v2\/posts\/7379\/revisions"}],"predecessor-version":[{"id":7381,"href":"https:\/\/syri.tv\/index.php?rest_route=\/wp\/v2\/posts\/7379\/revisions\/7381"}],"wp:featuredmedia":[{"embeddable":true,"href":"https:\/\/syri.tv\/index.php?rest_route=\/wp\/v2\/media\/7380"}],"wp:attachment":[{"href":"https:\/\/syri.tv\/index.php?rest_route=%2Fwp%2Fv2%2Fmedia&parent=7379"}],"wp:term":[{"taxonomy":"category","embeddable":true,"href":"https:\/\/syri.tv\/index.php?rest_route=%2Fwp%2Fv2%2Fcategories&post=7379"},{"taxonomy":"post_tag","embeddable":true,"href":"https:\/\/syri.tv\/index.php?rest_route=%2Fwp%2Fv2%2Ftags&post=7379"}],"curies":[{"name":"wp","href":"https:\/\/api.w.org\/{rel}","templated":true}]}}