{"id":7344,"date":"2025-06-14T07:20:58","date_gmt":"2025-06-14T07:20:58","guid":{"rendered":"https:\/\/syri.tv\/?p=7344"},"modified":"2025-06-14T07:20:58","modified_gmt":"2025-06-14T07:20:58","slug":"ministrja-gervalla-ne-luksemburg-merr-pjese-ne-ceremonine-zyrtare-te-40-vjetorit-te-marreveshjes-se-shengenit","status":"publish","type":"post","link":"https:\/\/syri.tv\/?p=7344","title":{"rendered":"Ministrja G\u00ebrvalla n\u00eb Luksemburg, merr pjes\u00eb n\u00eb ceremonin\u00eb zyrtare t\u00eb 40-vjetorit t\u00eb Marr\u00ebveshjes s\u00eb Shengenit"},"content":{"rendered":"<p>Me ftes\u00eb t\u00eb Z\u00ebvend\u00ebskryeministrit dhe Ministrit t\u00eb Pun\u00ebve t\u00eb Jashtme dhe Evropiane t\u00eb Dukatit t\u00eb Madh t\u00eb Luksemburgut, z. Xavier Bettel, Z\u00ebvend\u00ebskryeministrja dhe Ministrja n\u00eb detyr\u00eb e Pun\u00ebve t\u00eb Jashtme dhe Diaspor\u00ebs, znj. Donika G\u00ebrvalla, \u00ebsht\u00eb nisur p\u00ebr n\u00eb Luksemburg p\u00ebr t\u00eb marr\u00eb pjes\u00eb n\u00eb ceremonin\u00eb zyrtare me rastin e 40-vjetorit t\u00eb n\u00ebnshkrimit t\u00eb Marr\u00ebveshjes s\u00eb Shengenit.<br class=\"html-br\" \/><br class=\"html-br\" \/>Ceremonia do t\u00eb mbahet t\u00eb shtun\u00ebn, m\u00eb 14 qershor 2025, n\u00eb Shengen, vend simbolik n\u00eb historin\u00eb evropiane, ku kat\u00ebr dekada m\u00eb par\u00eb u hodh\u00ebn themelet e l\u00ebvizjes s\u00eb lir\u00eb nd\u00ebrmjet shteteve t\u00eb Evrop\u00ebs. N\u00eb k\u00ebt\u00eb ngjarje, n\u00eb prani t\u00eb Lartmadh\u00ebris\u00eb s\u00eb Tij, Duk\u00ebs s\u00eb Madh t\u00eb Luksemburgut Henri, do marrin pjes\u00eb p\u00ebrfaq\u00ebsues t\u00eb lart\u00eb t\u00eb Bashkimit Evropian, shteteve t\u00eb shum\u00ebta evropiane, shteteve t\u00eb Ballkanit Per\u00ebndimor dhe institucioneve t\u00eb tjera nd\u00ebrkomb\u00ebtare.<br class=\"html-br\" \/><br class=\"html-br\" \/>N\u00eb kuad\u00ebr t\u00eb k\u00ebsaj ngjarjeje do t\u00eb p\u00ebrurohen Muzeu Evropian i Shengenit dhe anija e restauruar Princesse Marie-Astrid Europa, vendi ku, m\u00eb 1985, u n\u00ebnshkrua Marr\u00ebveshja historike q\u00eb sh\u00ebnoi fillimin e zon\u00ebs s\u00eb l\u00ebvizjes s\u00eb lir\u00eb brenda Evrop\u00ebs.<br class=\"html-br\" \/><br class=\"html-br\" \/>Pjes\u00ebmarrja e Ministres G\u00ebrvalla n\u00eb k\u00ebt\u00eb p\u00ebrvjetor jubilar n\u00ebnvizon p\u00ebrkushtimin e Republik\u00ebs s\u00eb Kosov\u00ebs ndaj vlerave evropiane, integrimit evropian dhe bashk\u00ebpunimit nd\u00ebrkufitar q\u00eb p\u00ebrfaq\u00ebson n\u00eb thelb Marr\u00ebveshja e Shengenit.<\/p>\n","protected":false},"excerpt":{"rendered":"<p>Me ftes\u00eb t\u00eb Z\u00ebvend\u00ebskryeministrit dhe Ministrit t\u00eb Pun\u00ebve t\u00eb Jashtme dhe Evropiane t\u00eb Dukatit t\u00eb Madh t\u00eb Luksemburgut, z. Xavier Bettel, Z\u00ebvend\u00ebskryeministrja dhe Ministrja n\u00eb detyr\u00eb e Pun\u00ebve t\u00eb Jashtme dhe Diaspor\u00ebs, znj. Donika G\u00ebrvalla, \u00ebsht\u00eb nisur p\u00ebr n\u00eb Luksemburg p\u00ebr t\u00eb marr\u00eb pjes\u00eb n\u00eb ceremonin\u00eb zyrtare me rastin e 40-vjetorit t\u00eb n\u00ebnshkrimit t\u00eb Marr\u00ebveshjes [&hellip;]<\/p>\n","protected":false},"author":1,"featured_media":7345,"comment_status":"closed","ping_status":"closed","sticky":false,"template":"","format":"standard","meta":{"footnotes":""},"categories":[9],"tags":[],"class_list":{"0":"post-7344","1":"post","2":"type-post","3":"status-publish","4":"format-standard","5":"has-post-thumbnail","7":"category-vendi"},"_links":{"self":[{"href":"https:\/\/syri.tv\/index.php?rest_route=\/wp\/v2\/posts\/7344","targetHints":{"allow":["GET"]}}],"collection":[{"href":"https:\/\/syri.tv\/index.php?rest_route=\/wp\/v2\/posts"}],"about":[{"href":"https:\/\/syri.tv\/index.php?rest_route=\/wp\/v2\/types\/post"}],"author":[{"embeddable":true,"href":"https:\/\/syri.tv\/index.php?rest_route=\/wp\/v2\/users\/1"}],"replies":[{"embeddable":true,"href":"https:\/\/syri.tv\/index.php?rest_route=%2Fwp%2Fv2%2Fcomments&post=7344"}],"version-history":[{"count":1,"href":"https:\/\/syri.tv\/index.php?rest_route=\/wp\/v2\/posts\/7344\/revisions"}],"predecessor-version":[{"id":7346,"href":"https:\/\/syri.tv\/index.php?rest_route=\/wp\/v2\/posts\/7344\/revisions\/7346"}],"wp:featuredmedia":[{"embeddable":true,"href":"https:\/\/syri.tv\/index.php?rest_route=\/wp\/v2\/media\/7345"}],"wp:attachment":[{"href":"https:\/\/syri.tv\/index.php?rest_route=%2Fwp%2Fv2%2Fmedia&parent=7344"}],"wp:term":[{"taxonomy":"category","embeddable":true,"href":"https:\/\/syri.tv\/index.php?rest_route=%2Fwp%2Fv2%2Fcategories&post=7344"},{"taxonomy":"post_tag","embeddable":true,"href":"https:\/\/syri.tv\/index.php?rest_route=%2Fwp%2Fv2%2Ftags&post=7344"}],"curies":[{"name":"wp","href":"https:\/\/api.w.org\/{rel}","templated":true}]}}