{"id":7334,"date":"2025-06-12T14:47:30","date_gmt":"2025-06-12T14:47:30","guid":{"rendered":"https:\/\/syri.tv\/?p=7334"},"modified":"2025-06-12T14:47:30","modified_gmt":"2025-06-12T14:47:30","slug":"urimi-i-shefit-te-misionit-konsullor-te-republikes-se-kosoves-ne-cyrih-z-vigan-berisha-me-rastin-e-dites-se-clirimit","status":"publish","type":"post","link":"https:\/\/syri.tv\/?p=7334","title":{"rendered":"Urimi i Shefit t\u00eb Misionit Konsullor t\u00eb Republik\u00ebs s\u00eb Kosov\u00ebs n\u00eb Cyrih, z. Vigan Berisha, me rastin e Dit\u00ebs s\u00eb \u00c7lirimit"},"content":{"rendered":"<div class=\"x14z9mp xat24cr x1lziwak x1vvkbs xtlvy1s x126k92a\">\n<div dir=\"auto\">T\u00eb dashur bashkatdhetar\u00eb,<\/div>\n<\/div>\n<div class=\"x14z9mp xat24cr x1lziwak x1vvkbs xtlvy1s x126k92a\">\n<div dir=\"auto\">Me rastin e 12 Qershorit \u2013 Dit\u00ebs s\u00eb \u00c7lirimit t\u00eb Kosov\u00ebs, n\u00eb em\u00ebr t\u00eb Konsullat\u00ebs s\u00eb Republik\u00ebs s\u00eb Kosov\u00ebs n\u00eb Cyrih, ju p\u00ebrcjell urimet m\u00eb t\u00eb p\u00ebrzem\u00ebrta p\u00ebr k\u00ebt\u00eb dit\u00eb me r\u00ebnd\u00ebsi t\u00eb ve\u00e7ant\u00eb p\u00ebr vendin ton\u00eb.<\/div>\n<\/div>\n<div class=\"x14z9mp xat24cr x1lziwak x1vvkbs xtlvy1s x126k92a\">\n<div dir=\"auto\">Kjo dit\u00eb na kujton sakrific\u00ebn dhe q\u00ebndres\u00ebn e brezave t\u00eb t\u00ebr\u00eb q\u00eb kontribuan n\u00eb rrug\u00ebn drejt liris\u00eb.<\/div>\n<div dir=\"auto\">N\u00eb k\u00ebt\u00eb dit\u00eb t\u00eb ve\u00e7ant\u00eb p\u00ebrkujtojm\u00eb dhe shprehim mir\u00ebnjohjen ton\u00eb t\u00eb p\u00ebrjetshme p\u00ebr d\u00ebshmor\u00ebt tan\u00eb, p\u00ebr invalid\u00ebt dhe veteran\u00ebt e luft\u00ebs, p\u00ebr ish t\u00eb burgosurit politik\u00eb.<\/div>\n<div dir=\"auto\">Po ashtu edhe p\u00ebr shtetet mike.<\/div>\n<\/div>\n<div class=\"x14z9mp xat24cr x1lziwak x1vvkbs xtlvy1s x126k92a\">\n<div dir=\"auto\">Shprehim mir\u00ebnjohjen ton\u00eb t\u00eb ve\u00e7ant\u00eb p\u00ebr kontributin e jasht\u00ebzakonsh\u00ebm t\u00eb m\u00ebrgat\u00ebs son\u00eb, e cila iu gjind vendit n\u00eb dit\u00ebt m\u00eb t\u00eb v\u00ebshtira dhe vazhdon edhe sot n\u00eb liri t\u00eb jet\u00eb pran\u00eb atdheut.<\/div>\n<\/div>\n<div class=\"x14z9mp xat24cr x1lziwak x1vvkbs xtlvy1s x126k92a\">\n<div dir=\"auto\">12 Qershori \u00ebsht\u00eb nj\u00eb dit\u00eb reflektimi, por edhe nj\u00eb thirrje p\u00ebr t\u00eb vazhduar me p\u00ebrkushtim n\u00eb nd\u00ebrtimin e nj\u00eb shteti demokratik, t\u00eb drejt\u00eb dhe t\u00eb barabart\u00eb p\u00ebr t\u00eb gjith\u00eb.<\/div>\n<\/div>\n<div class=\"x14z9mp xat24cr x1lziwak x1vvkbs xtlvy1s x126k92a\">\n<div dir=\"auto\">Me respekt,<\/div>\n<div dir=\"auto\">Vigan Berisha<\/div>\n<div dir=\"auto\">Konsull \/ Shef Misioni<\/div>\n<div dir=\"auto\">Konsullata e Republik\u00ebs s\u00eb Kosov\u00ebs n\u00eb Cyrih<\/div>\n<\/div>\n","protected":false},"excerpt":{"rendered":"<p>T\u00eb dashur bashkatdhetar\u00eb, Me rastin e 12 Qershorit \u2013 Dit\u00ebs s\u00eb \u00c7lirimit t\u00eb Kosov\u00ebs, n\u00eb em\u00ebr t\u00eb Konsullat\u00ebs s\u00eb Republik\u00ebs s\u00eb Kosov\u00ebs n\u00eb Cyrih, ju p\u00ebrcjell urimet m\u00eb t\u00eb p\u00ebrzem\u00ebrta p\u00ebr k\u00ebt\u00eb dit\u00eb me r\u00ebnd\u00ebsi t\u00eb ve\u00e7ant\u00eb p\u00ebr vendin ton\u00eb. Kjo dit\u00eb na kujton sakrific\u00ebn dhe q\u00ebndres\u00ebn e brezave t\u00eb t\u00ebr\u00eb q\u00eb kontribuan n\u00eb rrug\u00ebn [&hellip;]<\/p>\n","protected":false},"author":1,"featured_media":7335,"comment_status":"closed","ping_status":"closed","sticky":false,"template":"","format":"standard","meta":{"footnotes":""},"categories":[2],"tags":[],"class_list":{"0":"post-7334","1":"post","2":"type-post","3":"status-publish","4":"format-standard","5":"has-post-thumbnail","7":"category-zvicer"},"_links":{"self":[{"href":"https:\/\/syri.tv\/index.php?rest_route=\/wp\/v2\/posts\/7334","targetHints":{"allow":["GET"]}}],"collection":[{"href":"https:\/\/syri.tv\/index.php?rest_route=\/wp\/v2\/posts"}],"about":[{"href":"https:\/\/syri.tv\/index.php?rest_route=\/wp\/v2\/types\/post"}],"author":[{"embeddable":true,"href":"https:\/\/syri.tv\/index.php?rest_route=\/wp\/v2\/users\/1"}],"replies":[{"embeddable":true,"href":"https:\/\/syri.tv\/index.php?rest_route=%2Fwp%2Fv2%2Fcomments&post=7334"}],"version-history":[{"count":1,"href":"https:\/\/syri.tv\/index.php?rest_route=\/wp\/v2\/posts\/7334\/revisions"}],"predecessor-version":[{"id":7336,"href":"https:\/\/syri.tv\/index.php?rest_route=\/wp\/v2\/posts\/7334\/revisions\/7336"}],"wp:featuredmedia":[{"embeddable":true,"href":"https:\/\/syri.tv\/index.php?rest_route=\/wp\/v2\/media\/7335"}],"wp:attachment":[{"href":"https:\/\/syri.tv\/index.php?rest_route=%2Fwp%2Fv2%2Fmedia&parent=7334"}],"wp:term":[{"taxonomy":"category","embeddable":true,"href":"https:\/\/syri.tv\/index.php?rest_route=%2Fwp%2Fv2%2Fcategories&post=7334"},{"taxonomy":"post_tag","embeddable":true,"href":"https:\/\/syri.tv\/index.php?rest_route=%2Fwp%2Fv2%2Ftags&post=7334"}],"curies":[{"name":"wp","href":"https:\/\/api.w.org\/{rel}","templated":true}]}}