{"id":7330,"date":"2025-06-11T20:33:55","date_gmt":"2025-06-11T20:33:55","guid":{"rendered":"https:\/\/syri.tv\/?p=7330"},"modified":"2025-06-11T20:33:55","modified_gmt":"2025-06-11T20:33:55","slug":"nasim-haradinaj-nexhmedin-spahiut-shko-mbroje-ish-policin-tash-ne-serbi-ta-shohim-turrin","status":"publish","type":"post","link":"https:\/\/syri.tv\/?p=7330","title":{"rendered":"Nasim Haradinaj-Nexhmedin Spahiut: Shko mbroje ish-policin tash n\u00eb Serbi, ta shohim turrin"},"content":{"rendered":"<p>Ish-ushtari i U\u00c7K-s\u00eb dhe ish-an\u00ebtari i OVL-U\u00c7K-s\u00eb, Nasim Haradinaj, ka reaguar lidhur me rastin e arrestimit t\u00eb ish-policit t\u00eb Kosov\u00ebs n\u00eb kufi me Serbin\u00eb.<\/p>\n<p>Haradinaj ka p\u00ebrmendur edhe Nexhmedin Spahiun, i cili koh\u00eb me par\u00eb kishte q\u00ebndruar n\u00eb Beograd dhe kishte takuar Marko Gjuriqin, duke i th\u00ebn\u00eb se \u201ca po shko mbroje ti tash ta shohim turrin\u201d.<\/p>\n<p>\u201cPo Nexhmedin Spahiun a e d\u00ebrguat more te vllau I tij Djuri\u010di. Ai do ta kryente k\u00ebt\u00eb pun\u00eb !Nexhoooo a po shko mbroje ti tash ta shohim turrin si \u201cPametan i po\u0161ten albanac \u201d q\u00eb je !!!\u201d, ka shkruar Haradinaj.<\/p>\n<p>Po Nexhmedin Spahiun a e d\u00ebrguat more te mentori i tij Djuri\u010di.<br \/>\nAi do ta kryente k\u00ebt\u00eb pun\u00eb !<br \/>\nNexhoooo a po shko mbroje ti tash ?<br \/>\nTa shofim vler\u00ebn e turrin si &#171;Pametan i po\u0161ten albanac &#187; q\u00eb je&#8230;!?<\/p>\n<p><iframe loading=\"lazy\" src=\"https:\/\/www.facebook.com\/plugins\/post.php?href=https%3A%2F%2Fwww.facebook.com%2Fnasim.haradinaj.58%2Fposts%2Fpfbid0fES7NiVq5xYcTPvwAmPmVJ99sGAKqnagkEmZ8jACyyKLSFNo2mBPoZSCkz3pJRKjl&amp;show_text=true&amp;width=500\" width=\"500\" height=\"647\" frameborder=\"0\" scrolling=\"no\" allowfullscreen=\"allowfullscreen\" data-mce-fragment=\"1\"><\/iframe><\/p>\n","protected":false},"excerpt":{"rendered":"<p>Ish-ushtari i U\u00c7K-s\u00eb dhe ish-an\u00ebtari i OVL-U\u00c7K-s\u00eb, Nasim Haradinaj, ka reaguar lidhur me rastin e arrestimit t\u00eb ish-policit t\u00eb Kosov\u00ebs n\u00eb kufi me Serbin\u00eb. Haradinaj ka p\u00ebrmendur edhe Nexhmedin Spahiun, i cili koh\u00eb me par\u00eb kishte q\u00ebndruar n\u00eb Beograd dhe kishte takuar Marko Gjuriqin, duke i th\u00ebn\u00eb se \u201ca po shko mbroje ti tash ta [&hellip;]<\/p>\n","protected":false},"author":1,"featured_media":7331,"comment_status":"closed","ping_status":"closed","sticky":false,"template":"","format":"standard","meta":{"footnotes":""},"categories":[9],"tags":[],"class_list":{"0":"post-7330","1":"post","2":"type-post","3":"status-publish","4":"format-standard","5":"has-post-thumbnail","7":"category-vendi"},"_links":{"self":[{"href":"https:\/\/syri.tv\/index.php?rest_route=\/wp\/v2\/posts\/7330","targetHints":{"allow":["GET"]}}],"collection":[{"href":"https:\/\/syri.tv\/index.php?rest_route=\/wp\/v2\/posts"}],"about":[{"href":"https:\/\/syri.tv\/index.php?rest_route=\/wp\/v2\/types\/post"}],"author":[{"embeddable":true,"href":"https:\/\/syri.tv\/index.php?rest_route=\/wp\/v2\/users\/1"}],"replies":[{"embeddable":true,"href":"https:\/\/syri.tv\/index.php?rest_route=%2Fwp%2Fv2%2Fcomments&post=7330"}],"version-history":[{"count":1,"href":"https:\/\/syri.tv\/index.php?rest_route=\/wp\/v2\/posts\/7330\/revisions"}],"predecessor-version":[{"id":7332,"href":"https:\/\/syri.tv\/index.php?rest_route=\/wp\/v2\/posts\/7330\/revisions\/7332"}],"wp:featuredmedia":[{"embeddable":true,"href":"https:\/\/syri.tv\/index.php?rest_route=\/wp\/v2\/media\/7331"}],"wp:attachment":[{"href":"https:\/\/syri.tv\/index.php?rest_route=%2Fwp%2Fv2%2Fmedia&parent=7330"}],"wp:term":[{"taxonomy":"category","embeddable":true,"href":"https:\/\/syri.tv\/index.php?rest_route=%2Fwp%2Fv2%2Fcategories&post=7330"},{"taxonomy":"post_tag","embeddable":true,"href":"https:\/\/syri.tv\/index.php?rest_route=%2Fwp%2Fv2%2Ftags&post=7330"}],"curies":[{"name":"wp","href":"https:\/\/api.w.org\/{rel}","templated":true}]}}