{"id":7291,"date":"2025-06-02T07:08:31","date_gmt":"2025-06-02T07:08:31","guid":{"rendered":"https:\/\/syri.tv\/?p=7291"},"modified":"2025-06-02T07:08:31","modified_gmt":"2025-06-02T07:08:31","slug":"lirohet-ne-kosove-gazetari-nga-lugina-e-presheves-ish-ushtar-i-ucpmb-se-nexhat-behluli-me-kombin-shqiptar-nuk-ka-pazare","status":"publish","type":"post","link":"https:\/\/syri.tv\/?p=7291","title":{"rendered":"Lirohet n\u00eb Kosov\u00eb gazetari nga Lugina e Presheves ish-ushtar i UCPMB-s\u00eb. Nexhat Behluli: Me kombin shqiptar nuk ka pazare!"},"content":{"rendered":"<div class=\"x11i5rnm xat24cr x1mh8g0r x1vvkbs xtlvy1s x126k92a\">\n<div dir=\"auto\">Gazetari dhe analisti i njohur shqiptar nga Lugina e Preshev\u00ebs pas 48 oresh qe ishte ndaluar diten e premte nga Policia e Kosov\u00ebs, ai sot \u00ebsht\u00eb liruar.<\/div>\n<div dir=\"auto\">Lajmin e ka dh\u00ebn\u00eb ai vete ne rrjetet sociale me nje foto nga kryeqyteti i Kosov\u00ebs ne Prishin\u00eb.<\/div>\n<div dir=\"auto\"><\/div>\n<\/div>\n<div class=\"x11i5rnm xat24cr x1mh8g0r x1vvkbs xtlvy1s x126k92a\">\n<div dir=\"auto\">\u00ab K\u00ebtu \u00ebsht\u00eb Aga, i lir\u00eb si \u00e7do qytetar i ndersh\u00ebm, i past\u00ebr si loti, m\u00eb i fuqish\u00ebm si pas \u00e7do beteje! Lugin\u00eb prit\u00ebm se erdha.. \u00bb ka shkruar ne fb e tij kolegu Nexhat Behluli pas lirmit. P\u00ebr kete ai ka falenderuar Kosov\u00ebn dhe shqiptar\u00ebt dhe reagimin e shoqates se gazetareve shqipare nga Shqiperia (AGSH) dhe organiazatat nderkomb\u00ebtare.<\/div>\n<\/div>\n<div class=\"x11i5rnm xat24cr x1mh8g0r x1vvkbs xtlvy1s x126k92a\">\n<div dir=\"auto\">Kolegu Behluli i kthehet Lugines koken lart, i paster si loti. Falemnderit Kosove qe nuk u korite, qe nuk ra ne kurtha te propagandes serbe! .. ka shkruar nje medium shqiptar.<\/div>\n<\/div>\n<div class=\"x11i5rnm xat24cr x1mh8g0r x1vvkbs xtlvy1s x126k92a\">\n<div dir=\"auto\">ENDE ASNJE MEDIUM NUK KA PUBLIKUAR NJOFTIM SE NEXHAT BEHLULI U LIRUA?!<\/div>\n<\/div>\n<div class=\"x11i5rnm xat24cr x1mh8g0r x1vvkbs xtlvy1s x126k92a\">\n<div dir=\"auto\">Me pas qene gjall\u00eb Kadare, kishe thene: Pse mediave ju intresojne vetem lajme e keqija p\u00ebr shqiptaret?<\/div>\n<\/div>\n","protected":false},"excerpt":{"rendered":"<p>Gazetari dhe analisti i njohur shqiptar nga Lugina e Preshev\u00ebs pas 48 oresh qe ishte ndaluar diten e premte nga Policia e Kosov\u00ebs, ai sot \u00ebsht\u00eb liruar. Lajmin e ka dh\u00ebn\u00eb ai vete ne rrjetet sociale me nje foto nga kryeqyteti i Kosov\u00ebs ne Prishin\u00eb. \u00ab K\u00ebtu \u00ebsht\u00eb Aga, i lir\u00eb si \u00e7do qytetar i [&hellip;]<\/p>\n","protected":false},"author":1,"featured_media":7292,"comment_status":"closed","ping_status":"closed","sticky":false,"template":"","format":"standard","meta":{"footnotes":""},"categories":[9],"tags":[],"class_list":{"0":"post-7291","1":"post","2":"type-post","3":"status-publish","4":"format-standard","5":"has-post-thumbnail","7":"category-vendi"},"_links":{"self":[{"href":"https:\/\/syri.tv\/index.php?rest_route=\/wp\/v2\/posts\/7291","targetHints":{"allow":["GET"]}}],"collection":[{"href":"https:\/\/syri.tv\/index.php?rest_route=\/wp\/v2\/posts"}],"about":[{"href":"https:\/\/syri.tv\/index.php?rest_route=\/wp\/v2\/types\/post"}],"author":[{"embeddable":true,"href":"https:\/\/syri.tv\/index.php?rest_route=\/wp\/v2\/users\/1"}],"replies":[{"embeddable":true,"href":"https:\/\/syri.tv\/index.php?rest_route=%2Fwp%2Fv2%2Fcomments&post=7291"}],"version-history":[{"count":1,"href":"https:\/\/syri.tv\/index.php?rest_route=\/wp\/v2\/posts\/7291\/revisions"}],"predecessor-version":[{"id":7293,"href":"https:\/\/syri.tv\/index.php?rest_route=\/wp\/v2\/posts\/7291\/revisions\/7293"}],"wp:featuredmedia":[{"embeddable":true,"href":"https:\/\/syri.tv\/index.php?rest_route=\/wp\/v2\/media\/7292"}],"wp:attachment":[{"href":"https:\/\/syri.tv\/index.php?rest_route=%2Fwp%2Fv2%2Fmedia&parent=7291"}],"wp:term":[{"taxonomy":"category","embeddable":true,"href":"https:\/\/syri.tv\/index.php?rest_route=%2Fwp%2Fv2%2Fcategories&post=7291"},{"taxonomy":"post_tag","embeddable":true,"href":"https:\/\/syri.tv\/index.php?rest_route=%2Fwp%2Fv2%2Ftags&post=7291"}],"curies":[{"name":"wp","href":"https:\/\/api.w.org\/{rel}","templated":true}]}}