{"id":7123,"date":"2025-05-13T19:54:08","date_gmt":"2025-05-13T19:54:08","guid":{"rendered":"https:\/\/syri.tv\/?p=7123"},"modified":"2025-05-13T19:54:08","modified_gmt":"2025-05-13T19:54:08","slug":"cesc-fabregas-kandidat-per-trener-ne-leverkuzenin-e-xhakes","status":"publish","type":"post","link":"https:\/\/syri.tv\/?p=7123","title":{"rendered":"Cesc Fabregas kandidat p\u00ebr trener n\u00eb Leverkuzenin e Xhak\u00ebs"},"content":{"rendered":"<p>Leverkusen nuk ka vend p\u00ebr trishtim. Klubi gjerman \u00ebsht\u00eb gati t\u00eb hap\u00eb nj\u00eb kapitull t\u00eb ri dhe tashm\u00eb ka piketuar pasardh\u00ebsin e trajnerit spanjoll. Sipas mediave gjermane, kandidatura kryesore p\u00ebr pankin\u00ebn e kampion\u00ebve \u00ebsht\u00eb nj\u00eb tjet\u00ebr ish-yll i futbollit spanjoll \u2013 Cesc Fabregas.<\/p>\n<p>I njohur p\u00ebr qasjen moderne ndaj futbollit dhe pun\u00ebn e shk\u00eblqyer te Como, Fabregas pritet t\u00eb largohet nga klubi italian n\u00eb fund t\u00eb sezonit, pasi e udh\u00ebhoqi drejt nj\u00eb rikthimi t\u00eb lavdish\u00ebm n\u00eb Serie A dhe siguroi jo vet\u00ebm mbijetes\u00ebn, por edhe nj\u00eb vend dinjitoz n\u00eb mesin e tabel\u00ebs. Loja e tij e hapur, teknike dhe atraktive ka t\u00ebrhequr v\u00ebmendjen e drejtuesve t\u00eb Leverkusen.<\/p>\n<p>N\u00ebse gjith\u00e7ka konkretizohet, Fabregas do t\u00eb nis\u00eb nj\u00eb projekt ambicioz n\u00eb Bundeslig\u00eb, me synimin p\u00ebr t\u00eb ruajtur konkurrenc\u00ebn ndaj Bayernit p\u00ebr titullin kampion dhe p\u00ebr t\u00eb nd\u00ebrtuar nj\u00eb skuad\u00ebr t\u00eb suksesshme edhe n\u00eb aren\u00ebn europiane<\/p>\n","protected":false},"excerpt":{"rendered":"<p>Leverkusen nuk ka vend p\u00ebr trishtim. Klubi gjerman \u00ebsht\u00eb gati t\u00eb hap\u00eb nj\u00eb kapitull t\u00eb ri dhe tashm\u00eb ka piketuar pasardh\u00ebsin e trajnerit spanjoll. Sipas mediave gjermane, kandidatura kryesore p\u00ebr pankin\u00ebn e kampion\u00ebve \u00ebsht\u00eb nj\u00eb tjet\u00ebr ish-yll i futbollit spanjoll \u2013 Cesc Fabregas. I njohur p\u00ebr qasjen moderne ndaj futbollit dhe pun\u00ebn e shk\u00eblqyer te [&hellip;]<\/p>\n","protected":false},"author":1,"featured_media":7124,"comment_status":"closed","ping_status":"closed","sticky":false,"template":"","format":"standard","meta":{"footnotes":""},"categories":[106],"tags":[],"class_list":{"0":"post-7123","1":"post","2":"type-post","3":"status-publish","4":"format-standard","5":"has-post-thumbnail","7":"category-sport"},"_links":{"self":[{"href":"https:\/\/syri.tv\/index.php?rest_route=\/wp\/v2\/posts\/7123","targetHints":{"allow":["GET"]}}],"collection":[{"href":"https:\/\/syri.tv\/index.php?rest_route=\/wp\/v2\/posts"}],"about":[{"href":"https:\/\/syri.tv\/index.php?rest_route=\/wp\/v2\/types\/post"}],"author":[{"embeddable":true,"href":"https:\/\/syri.tv\/index.php?rest_route=\/wp\/v2\/users\/1"}],"replies":[{"embeddable":true,"href":"https:\/\/syri.tv\/index.php?rest_route=%2Fwp%2Fv2%2Fcomments&post=7123"}],"version-history":[{"count":1,"href":"https:\/\/syri.tv\/index.php?rest_route=\/wp\/v2\/posts\/7123\/revisions"}],"predecessor-version":[{"id":7125,"href":"https:\/\/syri.tv\/index.php?rest_route=\/wp\/v2\/posts\/7123\/revisions\/7125"}],"wp:featuredmedia":[{"embeddable":true,"href":"https:\/\/syri.tv\/index.php?rest_route=\/wp\/v2\/media\/7124"}],"wp:attachment":[{"href":"https:\/\/syri.tv\/index.php?rest_route=%2Fwp%2Fv2%2Fmedia&parent=7123"}],"wp:term":[{"taxonomy":"category","embeddable":true,"href":"https:\/\/syri.tv\/index.php?rest_route=%2Fwp%2Fv2%2Fcategories&post=7123"},{"taxonomy":"post_tag","embeddable":true,"href":"https:\/\/syri.tv\/index.php?rest_route=%2Fwp%2Fv2%2Ftags&post=7123"}],"curies":[{"name":"wp","href":"https:\/\/api.w.org\/{rel}","templated":true}]}}